{"id":160664,"date":"2020-06-16T07:32:00","date_gmt":"2020-06-16T12:32:00","guid":{"rendered":"http:\/\/vertienteglobal.com\/?p=160664"},"modified":"2020-06-16T12:57:06","modified_gmt":"2020-06-16T17:57:06","slug":"las-exportaciones-agropecuarias-se-mueven","status":"publish","type":"post","link":"http:\/\/vertienteglobal.com\/?p=160664","title":{"rendered":"Las exportaciones agropecuarias se mueven"},"content":{"rendered":"\n<div class=\"twitterbutton\" style=\"float: right; padding-left: 5px;\"><a href=\"http:\/\/twitter.com\/share\" class=\"twitter-share-button\" data-count=\"horizontal\" data-text=\"Las exportaciones agropecuarias se mueven\" data-via=\"https:\/\/twitter.com\/VertienteGloba1\" data-url=\"http:\/\/vertienteglobal.com\/?p=160664\" data-lang=\"es\" data-related=\"Informaci\u00f3n general:S\u00edguenos para que est\u00e9ss informado\"><\/a><\/div>\n<figure class=\"wp-block-gallery columns-1 is-cropped wp-block-gallery-1 is-layout-flex wp-block-gallery-is-layout-flex\"><ul class=\"blocks-gallery-grid\"><li class=\"blocks-gallery-item\"><figure><img loading=\"lazy\" decoding=\"async\" width=\"608\" height=\"347\" src=\"http:\/\/vertienteglobal.com\/wp-content\/uploads\/2020\/06\/exportaciones-agropecuarias-1.jpg\" alt=\"\" data-id=\"160665\" data-full-url=\"http:\/\/vertienteglobal.com\/wp-content\/uploads\/2020\/06\/exportaciones-agropecuarias-1.jpg\" data-link=\"http:\/\/vertienteglobal.com\/?attachment_id=160665\" class=\"wp-image-160665\" srcset=\"http:\/\/vertienteglobal.com\/wp-content\/uploads\/2020\/06\/exportaciones-agropecuarias-1.jpg 608w, http:\/\/vertienteglobal.com\/wp-content\/uploads\/2020\/06\/exportaciones-agropecuarias-1-300x171.jpg 300w, http:\/\/vertienteglobal.com\/wp-content\/uploads\/2020\/06\/exportaciones-agropecuarias-1-150x86.jpg 150w\" sizes=\"auto, (max-width: 608px) 100vw, 608px\" \/><\/figure><\/li><\/ul><\/figure>\n\n\n\n<p>(Redacci\u00f3n)<\/p>\n\n\n\n<p>No s\u00f3lo se mueven, sino que en el primer cuatrimestre de 2020 las exportaciones agropecuarias aumentaron 6.4 por ciento<\/p>\n\n\n\n<p>Ciudad de M\u00e9xico a 16 de junio de 2020.- Gracias al reporte oportuno del Instituto Nacional de Estad\u00edstica y Geograf\u00eda (INEGI) se precis\u00f3 que el acumulado de las exportaciones agropecuarias durante los primeros cuatro meses del a\u00f1o fue de siete mil 324 millones de d\u00f3lares.<\/p>\n\n\n\n<p>Asimismo, un an\u00e1lisis elaborado por el Servicio de Informaci\u00f3n Agroalimentaria y Pesquera (SIAP), durante el mes de abril de 2020 muestra que las ventas de productos agropecuarios alcanzaron los mil 764 millones de d\u00f3lares; lo que los ubica en el segundo lugar en exportaciones para un periodo similar en los \u00faltimos 28 a\u00f1os.<\/p>\n\n\n\n<p>Por otro lado, en abril, el conjunto que conforman los bienes agr\u00edcolas export\u00f3 un mill\u00f3n 11 mil 470 toneladas, lo que equivale a un incremento a tasa anual de 4.9 por ciento. Los productos agr\u00edcolas que mostraron un mejor comportamiento en este lapso fueron az\u00facar de ca\u00f1a, trigo y ma\u00edz blanco.<\/p>\n\n\n\n<p>En el tema pecuario tenemos que el volumen comercializado hacia el exterior, del conjunto que conforma estos bienes, registr\u00f3 59 mil 551 toneladas, lo que representa un aumento anualizado de 10 por ciento, principalmente en productos como carne de porcino y leche, entre otros.<\/p>\n\n\n\n<p>Finalmente, en t\u00e9rmino de valores porcentuales, se observa tambi\u00e9n un incremento interanual en las ventas de caf\u00e9, 52.7 por ciento, y aguacate, 4.9 por ciento, todo esto se report\u00f3 en el mes de abril.<\/p>\n\n\n\n<p>No cabe la menor duda, pese a todo #ElCampoNoSeDetiene.<\/p>\n\n\n\n<figure class=\"wp-block-gallery columns-1 is-cropped wp-block-gallery-2 is-layout-flex wp-block-gallery-is-layout-flex\"><ul class=\"blocks-gallery-grid\"><li class=\"blocks-gallery-item\"><figure><img loading=\"lazy\" decoding=\"async\" width=\"881\" height=\"605\" src=\"http:\/\/vertienteglobal.com\/wp-content\/uploads\/2020\/06\/200604_AGRICULTURA_AUMENTAN_EXPORTACIONES_AGROALIMENTARIAS-8-1.jpg\" alt=\"\" data-id=\"160666\" data-full-url=\"http:\/\/vertienteglobal.com\/wp-content\/uploads\/2020\/06\/200604_AGRICULTURA_AUMENTAN_EXPORTACIONES_AGROALIMENTARIAS-8-1.jpg\" data-link=\"http:\/\/vertienteglobal.com\/?attachment_id=160666\" class=\"wp-image-160666\" srcset=\"http:\/\/vertienteglobal.com\/wp-content\/uploads\/2020\/06\/200604_AGRICULTURA_AUMENTAN_EXPORTACIONES_AGROALIMENTARIAS-8-1.jpg 881w, http:\/\/vertienteglobal.com\/wp-content\/uploads\/2020\/06\/200604_AGRICULTURA_AUMENTAN_EXPORTACIONES_AGROALIMENTARIAS-8-1-300x206.jpg 300w, http:\/\/vertienteglobal.com\/wp-content\/uploads\/2020\/06\/200604_AGRICULTURA_AUMENTAN_EXPORTACIONES_AGROALIMENTARIAS-8-1-150x103.jpg 150w, http:\/\/vertienteglobal.com\/wp-content\/uploads\/2020\/06\/200604_AGRICULTURA_AUMENTAN_EXPORTACIONES_AGROALIMENTARIAS-8-1-768x527.jpg 768w\" sizes=\"auto, (max-width: 881px) 100vw, 881px\" \/><\/figure><\/li><\/ul><\/figure>\n\n\n\n<figure class=\"wp-block-gallery columns-1 is-cropped wp-block-gallery-3 is-layout-flex wp-block-gallery-is-layout-flex\"><ul class=\"blocks-gallery-grid\"><li class=\"blocks-gallery-item\"><figure><img loading=\"lazy\" decoding=\"async\" width=\"939\" height=\"599\" src=\"http:\/\/vertienteglobal.com\/wp-content\/uploads\/2020\/06\/200604_AGRICULTURA_AUMENTAN_EXPORTACIONES_AGROALIMENTARIAS-2-1.jpg\" alt=\"\" data-id=\"160667\" data-full-url=\"http:\/\/vertienteglobal.com\/wp-content\/uploads\/2020\/06\/200604_AGRICULTURA_AUMENTAN_EXPORTACIONES_AGROALIMENTARIAS-2-1.jpg\" data-link=\"http:\/\/vertienteglobal.com\/?attachment_id=160667\" class=\"wp-image-160667\" srcset=\"http:\/\/vertienteglobal.com\/wp-content\/uploads\/2020\/06\/200604_AGRICULTURA_AUMENTAN_EXPORTACIONES_AGROALIMENTARIAS-2-1.jpg 939w, http:\/\/vertienteglobal.com\/wp-content\/uploads\/2020\/06\/200604_AGRICULTURA_AUMENTAN_EXPORTACIONES_AGROALIMENTARIAS-2-1-300x191.jpg 300w, http:\/\/vertienteglobal.com\/wp-content\/uploads\/2020\/06\/200604_AGRICULTURA_AUMENTAN_EXPORTACIONES_AGROALIMENTARIAS-2-1-150x96.jpg 150w, http:\/\/vertienteglobal.com\/wp-content\/uploads\/2020\/06\/200604_AGRICULTURA_AUMENTAN_EXPORTACIONES_AGROALIMENTARIAS-2-1-768x490.jpg 768w\" sizes=\"auto, (max-width: 939px) 100vw, 939px\" \/><\/figure><\/li><\/ul><\/figure>\n","protected":false},"excerpt":{"rendered":"<p>(Redacci\u00f3n) No s\u00f3lo se mueven, sino que en el primer cuatrimestre de 2020 las exportaciones agropecuarias aumentaron 6.4 por ciento Ciudad de M\u00e9xico a 16 de junio de 2020.- Gracias al reporte oportuno del Instituto Nacional de Estad\u00edstica y Geograf\u00eda (INEGI) se precis\u00f3 que el acumulado de las exportaciones agropecuarias durante los primeros cuatro meses [&hellip;]<\/p>\n","protected":false},"author":1,"featured_media":160665,"comment_status":"open","ping_status":"open","sticky":false,"template":"","format":"standard","meta":{"footnotes":""},"categories":[8],"tags":[],"class_list":["post-160664","post","type-post","status-publish","format-standard","has-post-thumbnail","hentry","category-pais","entry","has-media"],"jetpack_featured_media_url":"http:\/\/vertienteglobal.com\/wp-content\/uploads\/2020\/06\/exportaciones-agropecuarias-1.jpg","_links":{"self":[{"href":"http:\/\/vertienteglobal.com\/index.php?rest_route=\/wp\/v2\/posts\/160664","targetHints":{"allow":["GET"]}}],"collection":[{"href":"http:\/\/vertienteglobal.com\/index.php?rest_route=\/wp\/v2\/posts"}],"about":[{"href":"http:\/\/vertienteglobal.com\/index.php?rest_route=\/wp\/v2\/types\/post"}],"author":[{"embeddable":true,"href":"http:\/\/vertienteglobal.com\/index.php?rest_route=\/wp\/v2\/users\/1"}],"replies":[{"embeddable":true,"href":"http:\/\/vertienteglobal.com\/index.php?rest_route=%2Fwp%2Fv2%2Fcomments&post=160664"}],"version-history":[{"count":0,"href":"http:\/\/vertienteglobal.com\/index.php?rest_route=\/wp\/v2\/posts\/160664\/revisions"}],"wp:featuredmedia":[{"embeddable":true,"href":"http:\/\/vertienteglobal.com\/index.php?rest_route=\/wp\/v2\/media\/160665"}],"wp:attachment":[{"href":"http:\/\/vertienteglobal.com\/index.php?rest_route=%2Fwp%2Fv2%2Fmedia&parent=160664"}],"wp:term":[{"taxonomy":"category","embeddable":true,"href":"http:\/\/vertienteglobal.com\/index.php?rest_route=%2Fwp%2Fv2%2Fcategories&post=160664"},{"taxonomy":"post_tag","embeddable":true,"href":"http:\/\/vertienteglobal.com\/index.php?rest_route=%2Fwp%2Fv2%2Ftags&post=160664"}],"curies":[{"name":"wp","href":"https:\/\/api.w.org\/{rel}","templated":true}]}}