{"id":160260,"date":"2020-06-12T11:09:00","date_gmt":"2020-06-12T16:09:00","guid":{"rendered":"http:\/\/vertienteglobal.com\/?p=160260"},"modified":"2020-06-12T17:29:14","modified_gmt":"2020-06-12T22:29:14","slug":"comienza-en-yucatan-la-distribucion-de-semillas-de-maiz-e-insumos-para-impulsar-al-campo","status":"publish","type":"post","link":"http:\/\/vertienteglobal.com\/?p=160260","title":{"rendered":"Comienza en Yucat\u00e1n la distribuci\u00f3n de semillas de ma\u00edz e insumos para impulsar al campo"},"content":{"rendered":"\n<div class=\"twitterbutton\" style=\"float: right; padding-left: 5px;\"><a href=\"http:\/\/twitter.com\/share\" class=\"twitter-share-button\" data-count=\"horizontal\" data-text=\"Comienza en Yucat\u00e1n la distribuci\u00f3n de semillas de ma\u00edz e insumos para impuls...\" data-via=\"https:\/\/twitter.com\/VertienteGloba1\" data-url=\"http:\/\/vertienteglobal.com\/?p=160260\" data-lang=\"es\" data-related=\"Informaci\u00f3n general:S\u00edguenos para que est\u00e9ss informado\"><\/a><\/div>\n<figure class=\"wp-block-gallery columns-1 is-cropped wp-block-gallery-1 is-layout-flex wp-block-gallery-is-layout-flex\"><ul class=\"blocks-gallery-grid\"><li class=\"blocks-gallery-item\"><figure><img loading=\"lazy\" decoding=\"async\" width=\"600\" height=\"450\" src=\"http:\/\/vertienteglobal.com\/wp-content\/uploads\/2020\/06\/image00001-5.jpeg\" alt=\"\" data-id=\"160261\" data-full-url=\"http:\/\/vertienteglobal.com\/wp-content\/uploads\/2020\/06\/image00001-5.jpeg\" data-link=\"http:\/\/vertienteglobal.com\/?attachment_id=160261\" class=\"wp-image-160261\" srcset=\"http:\/\/vertienteglobal.com\/wp-content\/uploads\/2020\/06\/image00001-5.jpeg 600w, http:\/\/vertienteglobal.com\/wp-content\/uploads\/2020\/06\/image00001-5-300x225.jpeg 300w, http:\/\/vertienteglobal.com\/wp-content\/uploads\/2020\/06\/image00001-5-150x113.jpeg 150w\" sizes=\"auto, (max-width: 600px) 100vw, 600px\" \/><\/figure><\/li><\/ul><\/figure>\n\n\n\n<p>(Redacci\u00f3n)<\/p>\n\n\n\n<p>Como dispuso el Gobernador Mauricio Vila Dosal, a trav\u00e9s de la Seder se estar\u00e1n entregando 6,000 paquetes en apoyo de igual n\u00famero de productores de m\u00e1s de 20 municipios<\/p>\n\n\n\n<p>Con este respaldo, se estimula la producci\u00f3n de un importante n\u00famero de hect\u00e1reas de tierra. El apoyo ayudar\u00e1 a reanudar la siembra en diversas zonas, cuyo producto final ser\u00e1 para autoconsumo de las familias<\/p>\n\n\n\n<p>M\u00e9rida, Yucat\u00e1n, a 12 de junio de 2020.- Como dispuso el Gobernador Mauricio Vila Dosal, este d\u00eda inici\u00f3 la entrega de 6,000 paquetes de semillas de ma\u00edz y fertilizantes a igual n\u00famero de peque\u00f1os productores agr\u00edcolas del estado, con la finalidad de impulsar al campo y reanudar la siembra en diversas zonas, cuyo producto final ser\u00e1 para autoconsumo de las familias que dependen de esta actividad.<\/p>\n\n\n\n<p>Por instrucci\u00f3n de Vila Dosal, personal de la Secretar\u00eda de Desarrollo Rural (Seder) empez\u00f3 con la distribuci\u00f3n de estos apoyos que estar\u00e1n llegando de forma gradual a hombres y mujeres de campo de 20 municipios del estado. La distribuci\u00f3n de estos insumos comenz\u00f3 en las localidades de Cantamayec, Tixm\u00e9huac, Halach\u00f3 y Yaxcab\u00e1.<\/p>\n\n\n\n<p>Al respecto, el titular de la Seder, Jorge D\u00edaz Loeza, indic\u00f3 que con este respaldo se busca ayudar a los peque\u00f1os productores locales a detonar sus actividades, por lo que se est\u00e1 entregando semilla de ma\u00edz y materiales que corresponden a los tiempos del a\u00f1o en que los miles de campesinos empiezan a sembrar sus tierras de acuerdo al ciclo agropecuario.<\/p>\n\n\n\n<p>Asimismo, D\u00edaz Loeza se\u00f1al\u00f3 que con estos insumos se estar\u00e1 beneficiando a 6,000 peque\u00f1os productores a trav\u00e9s de paquetes que contienen una bolsa de material para la tierra y otra con semillas suficientes para sembrar una hect\u00e1rea de tierra, de manera que se estimula la reactivaci\u00f3n de un importante n\u00famero de hect\u00e1reas en el estado.<\/p>\n\n\n\n<p>Por \u00faltimo, el secretario destac\u00f3 que las personas beneficiarias no aportan recursos dentro de este programa y que, en breve, el esquema estar\u00e1 llegando a m\u00e1s demarcaciones para empujar las labores en el campo yucateco.<\/p>\n\n\n\n<p>Este apoyo estar\u00e1 beneficiando a hombres y mujeres de campo de municipios como Peto, Mayap\u00e1n, Tahdzi\u00fa, Espita, Tzucacab, Oxkutzcab, Tekax, Opich\u00e9n, Chemax, Chacsink\u00edn, Yaxcab\u00e1, entre otros.<\/p>\n\n\n\n<figure class=\"wp-block-gallery columns-1 is-cropped wp-block-gallery-2 is-layout-flex wp-block-gallery-is-layout-flex\"><ul class=\"blocks-gallery-grid\"><li class=\"blocks-gallery-item\"><figure><img loading=\"lazy\" decoding=\"async\" width=\"600\" height=\"330\" src=\"http:\/\/vertienteglobal.com\/wp-content\/uploads\/2020\/06\/IMG_20200612_170356.jpg\" alt=\"\" data-id=\"160262\" data-full-url=\"http:\/\/vertienteglobal.com\/wp-content\/uploads\/2020\/06\/IMG_20200612_170356.jpg\" data-link=\"http:\/\/vertienteglobal.com\/?attachment_id=160262\" class=\"wp-image-160262\" srcset=\"http:\/\/vertienteglobal.com\/wp-content\/uploads\/2020\/06\/IMG_20200612_170356.jpg 600w, http:\/\/vertienteglobal.com\/wp-content\/uploads\/2020\/06\/IMG_20200612_170356-300x165.jpg 300w, http:\/\/vertienteglobal.com\/wp-content\/uploads\/2020\/06\/IMG_20200612_170356-150x83.jpg 150w\" sizes=\"auto, (max-width: 600px) 100vw, 600px\" \/><\/figure><\/li><\/ul><\/figure>\n","protected":false},"excerpt":{"rendered":"<p>(Redacci\u00f3n) Como dispuso el Gobernador Mauricio Vila Dosal, a trav\u00e9s de la Seder se estar\u00e1n entregando 6,000 paquetes en apoyo de igual n\u00famero de productores de m\u00e1s de 20 municipios Con este respaldo, se estimula la producci\u00f3n de un importante n\u00famero de hect\u00e1reas de tierra. El apoyo ayudar\u00e1 a reanudar la siembra en diversas zonas, [&hellip;]<\/p>\n","protected":false},"author":1,"featured_media":160261,"comment_status":"open","ping_status":"open","sticky":false,"template":"","format":"standard","meta":{"footnotes":""},"categories":[2],"tags":[],"class_list":["post-160260","post","type-post","status-publish","format-standard","has-post-thumbnail","hentry","category-yucatan","entry","has-media"],"jetpack_featured_media_url":"http:\/\/vertienteglobal.com\/wp-content\/uploads\/2020\/06\/image00001-5.jpeg","_links":{"self":[{"href":"http:\/\/vertienteglobal.com\/index.php?rest_route=\/wp\/v2\/posts\/160260","targetHints":{"allow":["GET"]}}],"collection":[{"href":"http:\/\/vertienteglobal.com\/index.php?rest_route=\/wp\/v2\/posts"}],"about":[{"href":"http:\/\/vertienteglobal.com\/index.php?rest_route=\/wp\/v2\/types\/post"}],"author":[{"embeddable":true,"href":"http:\/\/vertienteglobal.com\/index.php?rest_route=\/wp\/v2\/users\/1"}],"replies":[{"embeddable":true,"href":"http:\/\/vertienteglobal.com\/index.php?rest_route=%2Fwp%2Fv2%2Fcomments&post=160260"}],"version-history":[{"count":0,"href":"http:\/\/vertienteglobal.com\/index.php?rest_route=\/wp\/v2\/posts\/160260\/revisions"}],"wp:featuredmedia":[{"embeddable":true,"href":"http:\/\/vertienteglobal.com\/index.php?rest_route=\/wp\/v2\/media\/160261"}],"wp:attachment":[{"href":"http:\/\/vertienteglobal.com\/index.php?rest_route=%2Fwp%2Fv2%2Fmedia&parent=160260"}],"wp:term":[{"taxonomy":"category","embeddable":true,"href":"http:\/\/vertienteglobal.com\/index.php?rest_route=%2Fwp%2Fv2%2Fcategories&post=160260"},{"taxonomy":"post_tag","embeddable":true,"href":"http:\/\/vertienteglobal.com\/index.php?rest_route=%2Fwp%2Fv2%2Ftags&post=160260"}],"curies":[{"name":"wp","href":"https:\/\/api.w.org\/{rel}","templated":true}]}}