{"id":160179,"date":"2020-06-11T22:51:33","date_gmt":"2020-06-12T03:51:33","guid":{"rendered":"http:\/\/vertienteglobal.com\/?p=160179"},"modified":"2020-06-12T00:52:34","modified_gmt":"2020-06-12T05:52:34","slug":"para-la-semana-del-15-al-21-de-junio-el-sur-se-mantiene-en-rojo-y-el-norte-en-naranja-en-quintana-roo-carlos-joaquin","status":"publish","type":"post","link":"http:\/\/vertienteglobal.com\/?p=160179","title":{"rendered":"Para la semana del 15 al 21 de junio, el sur se mantiene en rojo y el norte en naranja en Quintana Roo: Carlos Joaqu\u00edn"},"content":{"rendered":"\n<div class=\"twitterbutton\" style=\"float: right; padding-left: 5px;\"><a href=\"http:\/\/twitter.com\/share\" class=\"twitter-share-button\" data-count=\"horizontal\" data-text=\"Para la semana del 15 al 21 de junio, el sur se mantiene en rojo y el norte en n...\" data-via=\"https:\/\/twitter.com\/VertienteGloba1\" data-url=\"http:\/\/vertienteglobal.com\/?p=160179\" data-lang=\"es\" data-related=\"Informaci\u00f3n general:S\u00edguenos para que est\u00e9ss informado\"><\/a><\/div>\n<figure class=\"wp-block-gallery columns-1 is-cropped wp-block-gallery-1 is-layout-flex wp-block-gallery-is-layout-flex\"><ul class=\"blocks-gallery-grid\"><li class=\"blocks-gallery-item\"><figure><img loading=\"lazy\" decoding=\"async\" width=\"1024\" height=\"683\" src=\"http:\/\/vertienteglobal.com\/wp-content\/uploads\/2020\/06\/cjsemaforoqroo.jpg\" alt=\"\" data-id=\"160180\" data-full-url=\"http:\/\/vertienteglobal.com\/wp-content\/uploads\/2020\/06\/cjsemaforoqroo.jpg\" data-link=\"http:\/\/vertienteglobal.com\/?attachment_id=160180\" class=\"wp-image-160180\" srcset=\"http:\/\/vertienteglobal.com\/wp-content\/uploads\/2020\/06\/cjsemaforoqroo.jpg 1024w, http:\/\/vertienteglobal.com\/wp-content\/uploads\/2020\/06\/cjsemaforoqroo-300x200.jpg 300w, http:\/\/vertienteglobal.com\/wp-content\/uploads\/2020\/06\/cjsemaforoqroo-150x100.jpg 150w, http:\/\/vertienteglobal.com\/wp-content\/uploads\/2020\/06\/cjsemaforoqroo-768x512.jpg 768w\" sizes=\"auto, (max-width: 1024px) 100vw, 1024px\" \/><\/figure><\/li><\/ul><\/figure>\n\n\n\n<p>(Redacci\u00f3n)<\/p>\n\n\n\n<p>El gobernador del estado actualiz\u00f3 los colores del sem\u00e1foro epidemiol\u00f3gico para las actividades del Plan Reactivemos Quintana Roo<\/p>\n\n\n\n<p>Del 4 lugar nacional en contagios pasamos al 18, que significa que vamos en descenso en la curva pero no ha pasado el peligro<\/p>\n\n\n\n<p>Canc\u00fan, Quintana Roo a 11 de junio de 2020.- El gobernador Carlos Joaqu\u00edn inform\u00f3 hoy que el sem\u00e1foro epidemiol\u00f3gico para la zona sur, que comprende los municipios de Felipe Carrillo Puerto, Jos\u00e9 Mar\u00eda Morelos, Bacalar y Oth\u00f3n P. Blanco, se mantiene en rojo durante la semana del 15 al 21 de junio.<\/p>\n\n\n\n<p>Para la zona norte, donde est\u00e1n los municipios de Tulum, Solidaridad, Cozumel, Puerto Morelos, Benito Ju\u00e1rez, L\u00e1zaro C\u00e1rdenas e Isla Mujeres se conserva en color naranja por el mismo periodo.<\/p>\n\n\n\n<p>El gobernador de Quintana Roo actualiz\u00f3 hoy la informaci\u00f3n sobre el comportamiento del sem\u00e1foro epidemiol\u00f3gico que regula el retorno gradual, ordenado y responsable a las actividades econ\u00f3micas contempladas en el Plan Reactivemos Quintana Roo.<\/p>\n\n\n\n<p>Inform\u00f3 que a nivel nacional vamos en descenso. De haber estado en el 4 lugar a nivel nacional de positivos, hoy estamos en el 18 lo que significa que estamos descendiendo en la curva de contagios.<\/p>\n\n\n\n<p>Carlos Joaqu\u00edn exhort\u00f3 a la poblaci\u00f3n a seguir cuid\u00e1ndose, a aplicar las medidas de prevenci\u00f3n como el distanciamiento social, el quedarse en casa si no les toca salir, las de higiene como lavarse las manos con frecuencia y usar el gel antibacterial.<\/p>\n\n\n\n<p>El titular del Ejecutivo precis\u00f3 que el hecho que el sem\u00e1foro epidemiol\u00f3gico permita determinadas actividades no quiere decir que ya pas\u00f3 el peligro. \u201cSi sales, tu vida corre peligro y tambi\u00e9n la de tu familia y la de los dem\u00e1s\u201d dej\u00f3 claro.<\/p>\n\n\n\n<p>Carlos Joaqu\u00edn insisti\u00f3 en que si se relaja el distanciamiento o las medidas de higiene y con ello aumentan m\u00e1s los contagios, el sem\u00e1foro puede retroceder, quedarse en rojo y dar lugar a un nuevo confinamiento, algo que nadie queremos.<\/p>\n\n\n\n<p>La actualizaci\u00f3n de los colores del sem\u00e1foro lo da a conocer el gobernador Carlos Joaqu\u00edn cada jueves, para que entre en vigor a partir del lunes siguiente. Este d\u00eda lo hizo a trav\u00e9s del programa Conexi\u00f3n Ciudadana que se transmite por la se\u00f1al del Sistema Quintanarroense de Comunicaci\u00f3n Social y las redes sociales de la Coordinaci\u00f3n General de Comunicaci\u00f3n.<\/p>\n\n\n\n<p>Carlos Joaqu\u00edn destac\u00f3 la importancia de reiniciar de forma gradual, ordenada y responsable las actividades econ\u00f3micas para recuperar m\u00e1s de 83 mil 900 empleos, casi el 20% de la plantilla laboral, y reactivar los m\u00e1s de 400 mil que se mantuvieron como resultado del Pacto de Unidad por Quintana Roo firmado por el sector empresarial.<\/p>\n\n\n\n<p>Las peque\u00f1as y medianas empresa fueron las m\u00e1s afectadas en Quintana Roo. Dejaron de operar 323 de ellas de un total 426 que se dieron de baja ante el IMSS en abril pasado. El ramo de la construcci\u00f3n est\u00e1 entre los m\u00e1s perjudicados.<\/p>\n\n\n\n<p>La reanudaci\u00f3n de las obras de construcci\u00f3n del drenaje pluvial en Chetumal y las de modernizaci\u00f3n de la red de agua potable forman parte de las acciones del Plan Reactivemos Quintana Roo, pues genera un promedio de 500 empleos directos, con inversi\u00f3n superior a 235 millones de pesos.<\/p>\n\n\n\n<p>Para el norte, se reanudar\u00e1 la construcci\u00f3n del C5 y la instalaci\u00f3n de las c\u00e1maras de videovigilancia que contribuye a mejorar la seguridad y protecci\u00f3n de la gente.<\/p>\n\n\n\n<p>Durante el programa, el gobernador de Quintana Roo dio a conocer que se sigue apoyando a las m\u00e1s de 5 mil familias, de 54 comunidades de municipios del sur, afectadas por las inundaciones provocadas por las constantes lluvias ocasionadas por la tormenta tropical \u201cCrist\u00f3bal\u201d, con alimentos, agua, medicamentos, albergues, colchonetas.<\/p>\n\n\n\n<p>Hay 29 caminos da\u00f1ados que en total suman alrededor de 330 kil\u00f3metros, cuya etapa de reconstrucci\u00f3n iniciar\u00e1 en cuanto el nivel de las aguas descienda.<\/p>\n\n\n\n<p>Ya la Secretar\u00eda de Salud en coordinaci\u00f3n con la Coordinaci\u00f3n Estatal de Protecci\u00f3n Civil inici\u00f3 un programa de fumigaci\u00f3n en esas comunidades y que se extender\u00e1 a todo el estado.<\/p>\n\n\n\n<p>Para seguir atendiendo a esas familias, el Sistema DIF Quintana Roo, a cargo de su presidenta Gaby Rej\u00f3n de Joaqu\u00edn, abri\u00f3 centros de acopio de v\u00edveres.<\/p>\n\n\n\n<p>En relaci\u00f3n con los 5 apoyos para tu tranquilidad, continuar\u00e1n entreg\u00e1ndose los paquetes alimentarios, de los que se han distribuido 781 mil 889, de los cuales 533 mil 028 fueron en la primera etapa y 248 mil 861 en la segunda fase.<\/p>\n\n\n\n<p>El gobernador Carlos Joaqu\u00edn exhort\u00f3 a quienes a\u00fan conservan sus vales de gas hagan uso de ellos, pues la vigencia termina el 30 de junio pr\u00f3ximo.<\/p>\n\n\n\n<p>Por otra parte, para la reactivaci\u00f3n gradual de las actividades tur\u00edsticas, Carlos Joaqu\u00edn explic\u00f3 que m\u00e1s de 5 mil 400 empresas de diversos giros se han registrado para recibir su Certificaci\u00f3n en Protecci\u00f3n y Prevenci\u00f3n Sanitaria en Instalaciones Tur\u00edsticas.<\/p>\n","protected":false},"excerpt":{"rendered":"<p>(Redacci\u00f3n) El gobernador del estado actualiz\u00f3 los colores del sem\u00e1foro epidemiol\u00f3gico para las actividades del Plan Reactivemos Quintana Roo Del 4 lugar nacional en contagios pasamos al 18, que significa que vamos en descenso en la curva pero no ha pasado el peligro Canc\u00fan, Quintana Roo a 11 de junio de 2020.- El gobernador Carlos [&hellip;]<\/p>\n","protected":false},"author":1,"featured_media":160180,"comment_status":"open","ping_status":"open","sticky":false,"template":"","format":"standard","meta":{"footnotes":""},"categories":[3],"tags":[],"class_list":["post-160179","post","type-post","status-publish","format-standard","has-post-thumbnail","hentry","category-quintana-roo","entry","has-media"],"jetpack_featured_media_url":"http:\/\/vertienteglobal.com\/wp-content\/uploads\/2020\/06\/cjsemaforoqroo.jpg","_links":{"self":[{"href":"http:\/\/vertienteglobal.com\/index.php?rest_route=\/wp\/v2\/posts\/160179","targetHints":{"allow":["GET"]}}],"collection":[{"href":"http:\/\/vertienteglobal.com\/index.php?rest_route=\/wp\/v2\/posts"}],"about":[{"href":"http:\/\/vertienteglobal.com\/index.php?rest_route=\/wp\/v2\/types\/post"}],"author":[{"embeddable":true,"href":"http:\/\/vertienteglobal.com\/index.php?rest_route=\/wp\/v2\/users\/1"}],"replies":[{"embeddable":true,"href":"http:\/\/vertienteglobal.com\/index.php?rest_route=%2Fwp%2Fv2%2Fcomments&post=160179"}],"version-history":[{"count":0,"href":"http:\/\/vertienteglobal.com\/index.php?rest_route=\/wp\/v2\/posts\/160179\/revisions"}],"wp:featuredmedia":[{"embeddable":true,"href":"http:\/\/vertienteglobal.com\/index.php?rest_route=\/wp\/v2\/media\/160180"}],"wp:attachment":[{"href":"http:\/\/vertienteglobal.com\/index.php?rest_route=%2Fwp%2Fv2%2Fmedia&parent=160179"}],"wp:term":[{"taxonomy":"category","embeddable":true,"href":"http:\/\/vertienteglobal.com\/index.php?rest_route=%2Fwp%2Fv2%2Fcategories&post=160179"},{"taxonomy":"post_tag","embeddable":true,"href":"http:\/\/vertienteglobal.com\/index.php?rest_route=%2Fwp%2Fv2%2Ftags&post=160179"}],"curies":[{"name":"wp","href":"https:\/\/api.w.org\/{rel}","templated":true}]}}