{"id":159986,"date":"2020-06-10T08:46:00","date_gmt":"2020-06-10T13:46:00","guid":{"rendered":"http:\/\/vertienteglobal.com\/?p=159986"},"modified":"2020-06-10T17:40:08","modified_gmt":"2020-06-10T22:40:08","slug":"para-que-tantos-partidos-deberia-de-haber-dos-el-liberal-y-el-conservador-amlo","status":"publish","type":"post","link":"http:\/\/vertienteglobal.com\/?p=159986","title":{"rendered":"Para qu\u00e9 tantos partidos deber\u00eda de haber dos, el liberal y el conservador: AMLO"},"content":{"rendered":"\n<div class=\"twitterbutton\" style=\"float: right; padding-left: 5px;\"><a href=\"http:\/\/twitter.com\/share\" class=\"twitter-share-button\" data-count=\"horizontal\" data-text=\"Para qu\u00e9 tantos partidos deber\u00eda de haber dos, el liberal y el conservador: AM...\" data-via=\"https:\/\/twitter.com\/VertienteGloba1\" data-url=\"http:\/\/vertienteglobal.com\/?p=159986\" data-lang=\"es\" data-related=\"Informaci\u00f3n general:S\u00edguenos para que est\u00e9ss informado\"><\/a><\/div>\n<figure class=\"wp-block-gallery columns-1 is-cropped wp-block-gallery-1 is-layout-flex wp-block-gallery-is-layout-flex\"><ul class=\"blocks-gallery-grid\"><li class=\"blocks-gallery-item\"><figure><img loading=\"lazy\" decoding=\"async\" width=\"1024\" height=\"581\" src=\"http:\/\/vertienteglobal.com\/wp-content\/uploads\/2020\/06\/IMG_20200610_151336-1024x581.jpg\" alt=\"\" data-id=\"159987\" data-full-url=\"http:\/\/vertienteglobal.com\/wp-content\/uploads\/2020\/06\/IMG_20200610_151336.jpg\" data-link=\"http:\/\/vertienteglobal.com\/?attachment_id=159987\" class=\"wp-image-159987\" srcset=\"http:\/\/vertienteglobal.com\/wp-content\/uploads\/2020\/06\/IMG_20200610_151336-1024x581.jpg 1024w, http:\/\/vertienteglobal.com\/wp-content\/uploads\/2020\/06\/IMG_20200610_151336-300x170.jpg 300w, http:\/\/vertienteglobal.com\/wp-content\/uploads\/2020\/06\/IMG_20200610_151336-150x85.jpg 150w, http:\/\/vertienteglobal.com\/wp-content\/uploads\/2020\/06\/IMG_20200610_151336-768x436.jpg 768w, http:\/\/vertienteglobal.com\/wp-content\/uploads\/2020\/06\/IMG_20200610_151336-1536x872.jpg 1536w, http:\/\/vertienteglobal.com\/wp-content\/uploads\/2020\/06\/IMG_20200610_151336-2048x1163.jpg 2048w\" sizes=\"auto, (max-width: 1024px) 100vw, 1024px\" \/><\/figure><\/li><\/ul><\/figure>\n\n\n\n<p>(Redacci\u00f3n)<\/p>\n\n\n\n<p>Dijo: \u00abEsta buscando aliarse, unirse todos. S\u00ed, es eso, es un bloque opositor amplio, es vamos a unirnos todos, lo dice el documento<\/p>\n\n\n\n<p>Ciudad de M\u00e9xico a 10 de junio de 2020.- El presidente Andr\u00e9s Manuel L\u00f3pez Obrador consider\u00f3 que en las boletas para las elecciones, pudieran haber dos opciones, \u00abvotar por el partido liberal o por el partido conservador\u00bb, pues dijo que \u00abpara qu\u00e9 tantos partidos si al final ser\u00e1 uno\u00bb.<\/p>\n\n\n\n<p>Y es que en su conferencia de prensa ma\u00f1anera, describi\u00f3 tres posibles escenarios que plantean encuestas para la oposici\u00f3n para la pr\u00f3xima elecci\u00f3n de 2021, donde el \u201cideal\u201d es que todos se sumen, como plantea el documento que aborda el Bloque Opositor Amplio (BOA) pero recalc\u00f3 que aunque se unan, ser\u00e1n los ciudadanos los que decidir\u00e1n.<\/p>\n\n\n\n<p>Dijo: \u00abEsta buscando aliarse, unirse todos. S\u00ed, es eso, es un bloque opositor amplio, es vamos a unirnos todos, lo dice el documento. He visto \u00faltimamente dos encuestas una sobre gubernaturas sobre qui\u00e9n ganar\u00eda las 15 gubernaturas y otra de c\u00f3mo quedar\u00eda la C\u00e1mara de Diputados si hoy fuesen las elecciones\u00bb.<\/p>\n\n\n\n<p>Agreg\u00f3: \u00abEsa me llam\u00f3 la atenci\u00f3n porque son varios escenarios, una es si van solos, si el PAN va solo o si van con (c\u00f3mo se llama el partido de Dante Delgado) Movimiento Ciudadano; como la vez pasada que lo hicieron PAN, Movimiento Ciudadano y PRD, esa es otra medici\u00f3n y la otra es ya donde incluyen al PRI. En la primera no les va bien, en la segunda les va a mejor y en la tercera es la ideal\u201d.<\/p>\n","protected":false},"excerpt":{"rendered":"<p>(Redacci\u00f3n) Dijo: \u00abEsta buscando aliarse, unirse todos. S\u00ed, es eso, es un bloque opositor amplio, es vamos a unirnos todos, lo dice el documento Ciudad de M\u00e9xico a 10 de junio de 2020.- El presidente Andr\u00e9s Manuel L\u00f3pez Obrador consider\u00f3 que en las boletas para las elecciones, pudieran haber dos opciones, \u00abvotar por el partido [&hellip;]<\/p>\n","protected":false},"author":1,"featured_media":159987,"comment_status":"open","ping_status":"open","sticky":false,"template":"","format":"standard","meta":{"footnotes":""},"categories":[8],"tags":[],"class_list":["post-159986","post","type-post","status-publish","format-standard","has-post-thumbnail","hentry","category-pais","entry","has-media"],"jetpack_featured_media_url":"http:\/\/vertienteglobal.com\/wp-content\/uploads\/2020\/06\/IMG_20200610_151336.jpg","_links":{"self":[{"href":"http:\/\/vertienteglobal.com\/index.php?rest_route=\/wp\/v2\/posts\/159986","targetHints":{"allow":["GET"]}}],"collection":[{"href":"http:\/\/vertienteglobal.com\/index.php?rest_route=\/wp\/v2\/posts"}],"about":[{"href":"http:\/\/vertienteglobal.com\/index.php?rest_route=\/wp\/v2\/types\/post"}],"author":[{"embeddable":true,"href":"http:\/\/vertienteglobal.com\/index.php?rest_route=\/wp\/v2\/users\/1"}],"replies":[{"embeddable":true,"href":"http:\/\/vertienteglobal.com\/index.php?rest_route=%2Fwp%2Fv2%2Fcomments&post=159986"}],"version-history":[{"count":0,"href":"http:\/\/vertienteglobal.com\/index.php?rest_route=\/wp\/v2\/posts\/159986\/revisions"}],"wp:featuredmedia":[{"embeddable":true,"href":"http:\/\/vertienteglobal.com\/index.php?rest_route=\/wp\/v2\/media\/159987"}],"wp:attachment":[{"href":"http:\/\/vertienteglobal.com\/index.php?rest_route=%2Fwp%2Fv2%2Fmedia&parent=159986"}],"wp:term":[{"taxonomy":"category","embeddable":true,"href":"http:\/\/vertienteglobal.com\/index.php?rest_route=%2Fwp%2Fv2%2Fcategories&post=159986"},{"taxonomy":"post_tag","embeddable":true,"href":"http:\/\/vertienteglobal.com\/index.php?rest_route=%2Fwp%2Fv2%2Ftags&post=159986"}],"curies":[{"name":"wp","href":"https:\/\/api.w.org\/{rel}","templated":true}]}}