{"id":159960,"date":"2020-06-09T22:24:21","date_gmt":"2020-06-10T03:24:21","guid":{"rendered":"http:\/\/vertienteglobal.com\/?p=159960"},"modified":"2020-06-10T00:12:32","modified_gmt":"2020-06-10T05:12:32","slug":"quien-es-la-flaca-mujer-que-inspiro-el-tema-que-llevo-a-la-fama-a-pau-dones","status":"publish","type":"post","link":"http:\/\/vertienteglobal.com\/?p=159960","title":{"rendered":"\u00bfQui\u00e9n es La flaca?, mujer que inspir\u00f3 el tema que llev\u00f3 a la fama a Pau Don\u00e9s"},"content":{"rendered":"\n<div class=\"twitterbutton\" style=\"float: right; padding-left: 5px;\"><a href=\"http:\/\/twitter.com\/share\" class=\"twitter-share-button\" data-count=\"horizontal\" data-text=\"\u00bfQui\u00e9n es La flaca?, mujer que inspir\u00f3 el tema que llev\u00f3 a la fama a Pau Don...\" data-via=\"https:\/\/twitter.com\/VertienteGloba1\" data-url=\"http:\/\/vertienteglobal.com\/?p=159960\" data-lang=\"es\" data-related=\"Informaci\u00f3n general:S\u00edguenos para que est\u00e9ss informado\"><\/a><\/div>\n<figure class=\"wp-block-gallery columns-1 is-cropped wp-block-gallery-1 is-layout-flex wp-block-gallery-is-layout-flex\"><ul class=\"blocks-gallery-grid\"><li class=\"blocks-gallery-item\"><figure><img loading=\"lazy\" decoding=\"async\" width=\"836\" height=\"600\" src=\"http:\/\/vertienteglobal.com\/wp-content\/uploads\/2020\/06\/la_flaca_098-1.jpg\" alt=\"\" data-id=\"159961\" data-full-url=\"http:\/\/vertienteglobal.com\/wp-content\/uploads\/2020\/06\/la_flaca_098-1.jpg\" data-link=\"http:\/\/vertienteglobal.com\/?attachment_id=159961\" class=\"wp-image-159961\" srcset=\"http:\/\/vertienteglobal.com\/wp-content\/uploads\/2020\/06\/la_flaca_098-1.jpg 836w, http:\/\/vertienteglobal.com\/wp-content\/uploads\/2020\/06\/la_flaca_098-1-300x215.jpg 300w, http:\/\/vertienteglobal.com\/wp-content\/uploads\/2020\/06\/la_flaca_098-1-150x108.jpg 150w, http:\/\/vertienteglobal.com\/wp-content\/uploads\/2020\/06\/la_flaca_098-1-768x551.jpg 768w\" sizes=\"auto, (max-width: 836px) 100vw, 836px\" \/><\/figure><\/li><\/ul><\/figure>\n\n\n\n<p>(Redacci\u00f3n)<\/p>\n\n\n\n<p>Pau Don\u00e9s deja un gran vac\u00edo dentro de la m\u00fasica espa\u00f1ola y ya son varios los artistas iberoamericanos que le han dedicado sentidos mensajes<\/p>\n\n\n\n<p>Ciudad de M\u00e9xico a 09 de junio de 2020.- Tras batallar cinco a\u00f1os contra el c\u00e1ncer de colon, el vocalista de Jarabe de Palo, Pau Don\u00e9s, falleci\u00f3 este martes.<\/p>\n\n\n\n<p>Pau Don\u00e9s deja un gran vac\u00edo dentro de la m\u00fasica espa\u00f1ola y ya son varios los artistas iberoamericanos que le han dedicado sentidos mensajes.<\/p>\n\n\n\n<p>Y aunque el cantautor grab\u00f3 catorce discos en sus m\u00e1s de veinte a\u00f1os de carrera art\u00edstica, \u201cLa flaca\u201d es la canci\u00f3n que se hizo m\u00e1s popular en Espa\u00f1a y Am\u00e9rica Latina en 1996.<\/p>\n\n\n\n<p>Don\u00e9s, en su autobiograf\u00eda 50 palos\u2026 y sigo so\u00f1ando (Planeta, 2017), indic\u00f3 que la letra la compuso en un viaje a La Habana, Cuba, donde se enamor\u00f3 intensamente de \u201cLa Flaca\u201d.<\/p>\n\n\n\n<p>Relat\u00f3 que su verdadero nombre es Alsoris Guzm\u00e1n Morales. Ella fue una compa\u00f1era de viaje a quien jam\u00e1s le dijo sus sentimientos pues ambos se trataban como \u201chermanos\u201d.<\/p>\n\n\n\n<p>\u201cEs una historia absolutamente real\u2026 Dorm\u00edamos en la misma habitaci\u00f3n aunque en camas separadas. Y entonces, el \u00faltimo d\u00eda (de convivencia), yo que nunca la hab\u00eda mirado con otros ojos que no fueran los de una hermana (\u2026) Esa noche salimos, nos tomamos unos mojitos. Justo al d\u00eda siguiente nos \u00edbamos, y entonces llegamos a la habitaci\u00f3n como siempre, y cuando salgo del ba\u00f1o me dio por mirar hacia su cama\u201d, dice en el libro. Pese al grado de complicidad, Don\u00e9s no confes\u00f3 su amor y prefiri\u00f3 recordar dicha vivencia como \u201cun amor no correspondido\u201d.<\/p>\n\n\n\n<p>Expuso que tras mirar la cama de su compa\u00f1era decide tomar un lapicero, un papel y le escribe un poema. El cual fue afinando con el paso de los meses hasta convertirlo en el \u00e9xito que todos conocemos.<\/p>\n\n\n\n<p>El tema que reza \u201cPor un beso de la flaca yo dar\u00eda lo que fuera\u201d solo fue la base para el siguiente \u00e9xito, \u201cDepende\u201d, disco estrenado en 1998 y que ciment\u00f3 la fama de Jarabe de Palo en todo el mundo.<\/p>\n","protected":false},"excerpt":{"rendered":"<p>(Redacci\u00f3n) Pau Don\u00e9s deja un gran vac\u00edo dentro de la m\u00fasica espa\u00f1ola y ya son varios los artistas iberoamericanos que le han dedicado sentidos mensajes Ciudad de M\u00e9xico a 09 de junio de 2020.- Tras batallar cinco a\u00f1os contra el c\u00e1ncer de colon, el vocalista de Jarabe de Palo, Pau Don\u00e9s, falleci\u00f3 este martes. Pau [&hellip;]<\/p>\n","protected":false},"author":1,"featured_media":159961,"comment_status":"open","ping_status":"open","sticky":false,"template":"","format":"standard","meta":{"footnotes":""},"categories":[10],"tags":[],"class_list":["post-159960","post","type-post","status-publish","format-standard","has-post-thumbnail","hentry","category-espectaculos","entry","has-media"],"jetpack_featured_media_url":"http:\/\/vertienteglobal.com\/wp-content\/uploads\/2020\/06\/la_flaca_098-1.jpg","_links":{"self":[{"href":"http:\/\/vertienteglobal.com\/index.php?rest_route=\/wp\/v2\/posts\/159960","targetHints":{"allow":["GET"]}}],"collection":[{"href":"http:\/\/vertienteglobal.com\/index.php?rest_route=\/wp\/v2\/posts"}],"about":[{"href":"http:\/\/vertienteglobal.com\/index.php?rest_route=\/wp\/v2\/types\/post"}],"author":[{"embeddable":true,"href":"http:\/\/vertienteglobal.com\/index.php?rest_route=\/wp\/v2\/users\/1"}],"replies":[{"embeddable":true,"href":"http:\/\/vertienteglobal.com\/index.php?rest_route=%2Fwp%2Fv2%2Fcomments&post=159960"}],"version-history":[{"count":0,"href":"http:\/\/vertienteglobal.com\/index.php?rest_route=\/wp\/v2\/posts\/159960\/revisions"}],"wp:featuredmedia":[{"embeddable":true,"href":"http:\/\/vertienteglobal.com\/index.php?rest_route=\/wp\/v2\/media\/159961"}],"wp:attachment":[{"href":"http:\/\/vertienteglobal.com\/index.php?rest_route=%2Fwp%2Fv2%2Fmedia&parent=159960"}],"wp:term":[{"taxonomy":"category","embeddable":true,"href":"http:\/\/vertienteglobal.com\/index.php?rest_route=%2Fwp%2Fv2%2Fcategories&post=159960"},{"taxonomy":"post_tag","embeddable":true,"href":"http:\/\/vertienteglobal.com\/index.php?rest_route=%2Fwp%2Fv2%2Ftags&post=159960"}],"curies":[{"name":"wp","href":"https:\/\/api.w.org\/{rel}","templated":true}]}}