{"id":159953,"date":"2020-06-09T21:19:00","date_gmt":"2020-06-10T02:19:00","guid":{"rendered":"http:\/\/vertienteglobal.com\/?p=159953"},"modified":"2020-06-09T22:31:34","modified_gmt":"2020-06-10T03:31:34","slug":"pemex-reporta-2-mil-111-derechohabientes-contagiados-de-covid-19-y-350-defunciones","status":"publish","type":"post","link":"http:\/\/vertienteglobal.com\/?p=159953","title":{"rendered":"Pemex reporta 2 mil 111 derechohabientes contagiados de Covid-19 y 350 defunciones"},"content":{"rendered":"\n<div class=\"twitterbutton\" style=\"float: right; padding-left: 5px;\"><a href=\"http:\/\/twitter.com\/share\" class=\"twitter-share-button\" data-count=\"horizontal\" data-text=\"Pemex reporta 2 mil 111 derechohabientes contagiados de Covid-19 y 350 defuncion...\" data-via=\"https:\/\/twitter.com\/VertienteGloba1\" data-url=\"http:\/\/vertienteglobal.com\/?p=159953\" data-lang=\"es\" data-related=\"Informaci\u00f3n general:S\u00edguenos para que est\u00e9ss informado\"><\/a><\/div>\n<figure class=\"wp-block-gallery columns-1 is-cropped wp-block-gallery-1 is-layout-flex wp-block-gallery-is-layout-flex\"><ul class=\"blocks-gallery-grid\"><li class=\"blocks-gallery-item\"><figure><img loading=\"lazy\" decoding=\"async\" width=\"1024\" height=\"683\" src=\"http:\/\/vertienteglobal.com\/wp-content\/uploads\/2020\/06\/105821-1.jpg\" alt=\"\" data-id=\"159954\" data-full-url=\"http:\/\/vertienteglobal.com\/wp-content\/uploads\/2020\/06\/105821-1.jpg\" data-link=\"http:\/\/vertienteglobal.com\/?attachment_id=159954\" class=\"wp-image-159954\" srcset=\"http:\/\/vertienteglobal.com\/wp-content\/uploads\/2020\/06\/105821-1.jpg 1024w, http:\/\/vertienteglobal.com\/wp-content\/uploads\/2020\/06\/105821-1-300x200.jpg 300w, http:\/\/vertienteglobal.com\/wp-content\/uploads\/2020\/06\/105821-1-150x100.jpg 150w, http:\/\/vertienteglobal.com\/wp-content\/uploads\/2020\/06\/105821-1-768x512.jpg 768w\" sizes=\"auto, (max-width: 1024px) 100vw, 1024px\" \/><\/figure><\/li><\/ul><\/figure>\n\n\n\n<p>(Redacci\u00f3n)<\/p>\n\n\n\n<p>La empresa productiva inform\u00f3 que 387 personas est\u00e1n en aislamiento domiciliario, mientras que 110 est\u00e1n en hospitalizaci\u00f3n en un pabell\u00f3n aislado<\/p>\n\n\n\n<p>Ciudad de M\u00e9xico a 09 de junio de 2020.-La empresa Petr\u00f3leos Mexicanos report\u00f3 que un total de 2 mil 111 derechohabientes est\u00e1n contagiados de Covid-19, de los cuales mil 232 han sido dados de alta.<\/p>\n\n\n\n<p>La empresa productiva inform\u00f3 que 387 personas est\u00e1n en aislamiento domiciliario, mientras que 110 est\u00e1n en hospitalizaci\u00f3n en un pabell\u00f3n aislado.<\/p>\n\n\n\n<p>Seg\u00fan el reporte diario que proporciona la paraestatal, 32 derechohabientes est\u00e1n en terapia intensiva, debido a las complicaciones que han presentado.<\/p>\n\n\n\n<p>Pemex detall\u00f3 que ha aplicado 3 mil 606 pruebas de diagn\u00f3stico, con las que se descartaron mil 495 casos. (Fuente: Comunicado Pemex)<\/p>\n\n\n\n<figure class=\"wp-block-gallery columns-1 is-cropped wp-block-gallery-2 is-layout-flex wp-block-gallery-is-layout-flex\"><ul class=\"blocks-gallery-grid\"><li class=\"blocks-gallery-item\"><figure><img loading=\"lazy\" decoding=\"async\" width=\"800\" height=\"1024\" src=\"http:\/\/vertienteglobal.com\/wp-content\/uploads\/2020\/06\/IMG_20200609_222902-800x1024.jpg\" alt=\"\" data-id=\"159955\" data-full-url=\"http:\/\/vertienteglobal.com\/wp-content\/uploads\/2020\/06\/IMG_20200609_222902.jpg\" data-link=\"http:\/\/vertienteglobal.com\/?attachment_id=159955\" class=\"wp-image-159955\" srcset=\"http:\/\/vertienteglobal.com\/wp-content\/uploads\/2020\/06\/IMG_20200609_222902-800x1024.jpg 800w, http:\/\/vertienteglobal.com\/wp-content\/uploads\/2020\/06\/IMG_20200609_222902-234x300.jpg 234w, http:\/\/vertienteglobal.com\/wp-content\/uploads\/2020\/06\/IMG_20200609_222902-117x150.jpg 117w, http:\/\/vertienteglobal.com\/wp-content\/uploads\/2020\/06\/IMG_20200609_222902-768x983.jpg 768w, http:\/\/vertienteglobal.com\/wp-content\/uploads\/2020\/06\/IMG_20200609_222902.jpg 1080w\" sizes=\"auto, (max-width: 800px) 100vw, 800px\" \/><\/figure><\/li><\/ul><\/figure>\n","protected":false},"excerpt":{"rendered":"<p>(Redacci\u00f3n) La empresa productiva inform\u00f3 que 387 personas est\u00e1n en aislamiento domiciliario, mientras que 110 est\u00e1n en hospitalizaci\u00f3n en un pabell\u00f3n aislado Ciudad de M\u00e9xico a 09 de junio de 2020.-La empresa Petr\u00f3leos Mexicanos report\u00f3 que un total de 2 mil 111 derechohabientes est\u00e1n contagiados de Covid-19, de los cuales mil 232 han sido dados [&hellip;]<\/p>\n","protected":false},"author":1,"featured_media":159954,"comment_status":"open","ping_status":"open","sticky":false,"template":"","format":"standard","meta":{"footnotes":""},"categories":[8],"tags":[],"class_list":["post-159953","post","type-post","status-publish","format-standard","has-post-thumbnail","hentry","category-pais","entry","has-media"],"jetpack_featured_media_url":"http:\/\/vertienteglobal.com\/wp-content\/uploads\/2020\/06\/105821-1.jpg","_links":{"self":[{"href":"http:\/\/vertienteglobal.com\/index.php?rest_route=\/wp\/v2\/posts\/159953","targetHints":{"allow":["GET"]}}],"collection":[{"href":"http:\/\/vertienteglobal.com\/index.php?rest_route=\/wp\/v2\/posts"}],"about":[{"href":"http:\/\/vertienteglobal.com\/index.php?rest_route=\/wp\/v2\/types\/post"}],"author":[{"embeddable":true,"href":"http:\/\/vertienteglobal.com\/index.php?rest_route=\/wp\/v2\/users\/1"}],"replies":[{"embeddable":true,"href":"http:\/\/vertienteglobal.com\/index.php?rest_route=%2Fwp%2Fv2%2Fcomments&post=159953"}],"version-history":[{"count":0,"href":"http:\/\/vertienteglobal.com\/index.php?rest_route=\/wp\/v2\/posts\/159953\/revisions"}],"wp:featuredmedia":[{"embeddable":true,"href":"http:\/\/vertienteglobal.com\/index.php?rest_route=\/wp\/v2\/media\/159954"}],"wp:attachment":[{"href":"http:\/\/vertienteglobal.com\/index.php?rest_route=%2Fwp%2Fv2%2Fmedia&parent=159953"}],"wp:term":[{"taxonomy":"category","embeddable":true,"href":"http:\/\/vertienteglobal.com\/index.php?rest_route=%2Fwp%2Fv2%2Fcategories&post=159953"},{"taxonomy":"post_tag","embeddable":true,"href":"http:\/\/vertienteglobal.com\/index.php?rest_route=%2Fwp%2Fv2%2Ftags&post=159953"}],"curies":[{"name":"wp","href":"https:\/\/api.w.org\/{rel}","templated":true}]}}