{"id":159941,"date":"2020-06-09T21:36:00","date_gmt":"2020-06-10T02:36:00","guid":{"rendered":"http:\/\/vertienteglobal.com\/?p=159941"},"modified":"2020-06-09T22:19:32","modified_gmt":"2020-06-10T03:19:32","slug":"se-reune-marybel-con-consejo-coordinador-empresarial-para-dialogar-sobre-el-t-mec","status":"publish","type":"post","link":"http:\/\/vertienteglobal.com\/?p=159941","title":{"rendered":"Se re\u00fane Marybel con Consejo Coordinador Empresarial para dialogar sobre el T-MEC"},"content":{"rendered":"\n<div class=\"twitterbutton\" style=\"float: right; padding-left: 5px;\"><a href=\"http:\/\/twitter.com\/share\" class=\"twitter-share-button\" data-count=\"horizontal\" data-text=\"Se re\u00fane Marybel con Consejo Coordinador Empresarial para dialogar sobre el T-M...\" data-via=\"https:\/\/twitter.com\/VertienteGloba1\" data-url=\"http:\/\/vertienteglobal.com\/?p=159941\" data-lang=\"es\" data-related=\"Informaci\u00f3n general:S\u00edguenos para que est\u00e9ss informado\"><\/a><\/div>\n<figure class=\"wp-block-gallery columns-1 is-cropped wp-block-gallery-1 is-layout-flex wp-block-gallery-is-layout-flex\"><ul class=\"blocks-gallery-grid\"><li class=\"blocks-gallery-item\"><figure><img loading=\"lazy\" decoding=\"async\" width=\"1024\" height=\"609\" src=\"http:\/\/vertienteglobal.com\/wp-content\/uploads\/2020\/06\/IMG_20200609_212343-1024x609.jpg\" alt=\"\" data-id=\"159942\" data-full-url=\"http:\/\/vertienteglobal.com\/wp-content\/uploads\/2020\/06\/IMG_20200609_212343.jpg\" data-link=\"http:\/\/vertienteglobal.com\/?attachment_id=159942\" class=\"wp-image-159942\" srcset=\"http:\/\/vertienteglobal.com\/wp-content\/uploads\/2020\/06\/IMG_20200609_212343-1024x609.jpg 1024w, http:\/\/vertienteglobal.com\/wp-content\/uploads\/2020\/06\/IMG_20200609_212343-300x178.jpg 300w, http:\/\/vertienteglobal.com\/wp-content\/uploads\/2020\/06\/IMG_20200609_212343-150x89.jpg 150w, http:\/\/vertienteglobal.com\/wp-content\/uploads\/2020\/06\/IMG_20200609_212343-768x457.jpg 768w, http:\/\/vertienteglobal.com\/wp-content\/uploads\/2020\/06\/IMG_20200609_212343.jpg 1236w\" sizes=\"auto, (max-width: 1024px) 100vw, 1024px\" \/><\/figure><\/li><\/ul><\/figure>\n\n\n\n<p>(Redacci\u00f3n)<\/p>\n\n\n\n<p>Marybel Villegas, senadora por Quintana Roo, se\u00f1al\u00f3 entusiasta que la entrada en vigor del tratado generar\u00e1 fuentes de empleo e inversi\u00f3n para Quintana Roo<\/p>\n\n\n\n<p>Quintana Roo a 09 de junio del 2020.- En el marco de La Junta de Coordinaci\u00f3n Pol\u00edtica (JUCOPO) del Senado de la Rep\u00fablica, la senadora por Quintana Roo, Marybel Villegas, se reuni\u00f3 este martes con integrantes del Consejo Coordinador Empresarial (CCE) para dialogar sobre la pr\u00f3xima entrada en vigor del T-MEC, tratado internacional que generar\u00e1 inversi\u00f3n y fuentes de empleo en el pa\u00eds.<\/p>\n\n\n\n<p>Durante la reuni\u00f3n, los miembros del CCE, reconocieron el trabajo que ha hecho el Senado, pues se\u00f1alaron que son ejemplo de responsabilidad al lograr el consenso de los diferentes grupos parlamentarios para tomar decisiones en beneficio de los mexicanos.<\/p>\n\n\n\n<p>En la reuni\u00f3n se abord\u00f3 tambi\u00e9n el tema de la reincorporaci\u00f3n gradual a las actividades econ\u00f3micas en el pa\u00eds, tal y como sucede en Quintana Roo, en donde hoteles y otros comercios han comenzado a laborar para reactivar la econom\u00eda en el Estado.<\/p>\n\n\n\n<p>Al respecto, la senadora morenista se\u00f1al\u00f3: \u201cAhora que estamos reincorpor\u00e1ndonos a la nueva normalidad, es importante seguir respetando las medidas de prevenci\u00f3n en hoteles y establecimientos con concentraciones de gente para que no haya complicaciones\u201d.<\/p>\n\n\n\n<p>Adem\u00e1s, se mostr\u00f3 entusiasta al se\u00f1alar que \u201cest\u00e1 iniciando el proceso de reactivaci\u00f3n tur\u00edstica y econ\u00f3mica en Quintana Roo\u201d, lo que brindar\u00e1 certidumbre a las familias del Estado que se vieron afectadas por la pandemia.<\/p>\n\n\n\n<p>Marybel Villegas reconoci\u00f3 tambi\u00e9n los acuerdos que se han alcanzado y la buena relaci\u00f3n que ha habido entre el Senado y los empresarios para lograr acuerdos que beneficien a la econom\u00eda nacional.<\/p>\n","protected":false},"excerpt":{"rendered":"<p>(Redacci\u00f3n) Marybel Villegas, senadora por Quintana Roo, se\u00f1al\u00f3 entusiasta que la entrada en vigor del tratado generar\u00e1 fuentes de empleo e inversi\u00f3n para Quintana Roo Quintana Roo a 09 de junio del 2020.- En el marco de La Junta de Coordinaci\u00f3n Pol\u00edtica (JUCOPO) del Senado de la Rep\u00fablica, la senadora por Quintana Roo, Marybel Villegas, [&hellip;]<\/p>\n","protected":false},"author":1,"featured_media":159942,"comment_status":"open","ping_status":"open","sticky":false,"template":"","format":"standard","meta":{"footnotes":""},"categories":[3],"tags":[],"class_list":["post-159941","post","type-post","status-publish","format-standard","has-post-thumbnail","hentry","category-quintana-roo","entry","has-media"],"jetpack_featured_media_url":"http:\/\/vertienteglobal.com\/wp-content\/uploads\/2020\/06\/IMG_20200609_212343.jpg","_links":{"self":[{"href":"http:\/\/vertienteglobal.com\/index.php?rest_route=\/wp\/v2\/posts\/159941","targetHints":{"allow":["GET"]}}],"collection":[{"href":"http:\/\/vertienteglobal.com\/index.php?rest_route=\/wp\/v2\/posts"}],"about":[{"href":"http:\/\/vertienteglobal.com\/index.php?rest_route=\/wp\/v2\/types\/post"}],"author":[{"embeddable":true,"href":"http:\/\/vertienteglobal.com\/index.php?rest_route=\/wp\/v2\/users\/1"}],"replies":[{"embeddable":true,"href":"http:\/\/vertienteglobal.com\/index.php?rest_route=%2Fwp%2Fv2%2Fcomments&post=159941"}],"version-history":[{"count":0,"href":"http:\/\/vertienteglobal.com\/index.php?rest_route=\/wp\/v2\/posts\/159941\/revisions"}],"wp:featuredmedia":[{"embeddable":true,"href":"http:\/\/vertienteglobal.com\/index.php?rest_route=\/wp\/v2\/media\/159942"}],"wp:attachment":[{"href":"http:\/\/vertienteglobal.com\/index.php?rest_route=%2Fwp%2Fv2%2Fmedia&parent=159941"}],"wp:term":[{"taxonomy":"category","embeddable":true,"href":"http:\/\/vertienteglobal.com\/index.php?rest_route=%2Fwp%2Fv2%2Fcategories&post=159941"},{"taxonomy":"post_tag","embeddable":true,"href":"http:\/\/vertienteglobal.com\/index.php?rest_route=%2Fwp%2Fv2%2Ftags&post=159941"}],"curies":[{"name":"wp","href":"https:\/\/api.w.org\/{rel}","templated":true}]}}