{"id":159928,"date":"2020-06-09T19:21:00","date_gmt":"2020-06-10T00:21:00","guid":{"rendered":"http:\/\/vertienteglobal.com\/?p=159928"},"modified":"2020-06-09T22:10:58","modified_gmt":"2020-06-10T03:10:58","slug":"suben-a-14649-las-muertes-por-covid-19-en-mexico-se-acumulan-124301-casos-confirmados","status":"publish","type":"post","link":"http:\/\/vertienteglobal.com\/?p=159928","title":{"rendered":"Suben a 14,649 las muertes por COVID-19 en M\u00e9xico; se acumulan 124,301 casos confirmados"},"content":{"rendered":"\n<div class=\"twitterbutton\" style=\"float: right; padding-left: 5px;\"><a href=\"http:\/\/twitter.com\/share\" class=\"twitter-share-button\" data-count=\"horizontal\" data-text=\"Suben a 14,649 las muertes por COVID-19 en M\u00e9xico; se acumulan 124,301 casos co...\" data-via=\"https:\/\/twitter.com\/VertienteGloba1\" data-url=\"http:\/\/vertienteglobal.com\/?p=159928\" data-lang=\"es\" data-related=\"Informaci\u00f3n general:S\u00edguenos para que est\u00e9ss informado\"><\/a><\/div>\n<figure class=\"wp-block-gallery columns-1 is-cropped wp-block-gallery-1 is-layout-flex wp-block-gallery-is-layout-flex\"><ul class=\"blocks-gallery-grid\"><li class=\"blocks-gallery-item\"><figure><img loading=\"lazy\" decoding=\"async\" width=\"1024\" height=\"613\" src=\"http:\/\/vertienteglobal.com\/wp-content\/uploads\/2020\/06\/1105739.jpg\" alt=\"\" data-id=\"159929\" data-full-url=\"http:\/\/vertienteglobal.com\/wp-content\/uploads\/2020\/06\/1105739.jpg\" data-link=\"http:\/\/vertienteglobal.com\/?attachment_id=159929\" class=\"wp-image-159929\" srcset=\"http:\/\/vertienteglobal.com\/wp-content\/uploads\/2020\/06\/1105739.jpg 1024w, http:\/\/vertienteglobal.com\/wp-content\/uploads\/2020\/06\/1105739-300x180.jpg 300w, http:\/\/vertienteglobal.com\/wp-content\/uploads\/2020\/06\/1105739-150x90.jpg 150w, http:\/\/vertienteglobal.com\/wp-content\/uploads\/2020\/06\/1105739-768x460.jpg 768w\" sizes=\"auto, (max-width: 1024px) 100vw, 1024px\" \/><\/figure><\/li><\/ul><\/figure>\n\n\n\n<p>(Redacci\u00f3n)<\/p>\n\n\n\n<p>El Director General de Epidemiolog\u00eda, Jos\u00e9 Luis Alom\u00eda, inform\u00f3 que hasta este martes se han acumulado 124 mil 301 casos confirmados de coronavirus desde el inicio de la epidemia en el pa\u00eds<\/p>\n\n\n\n<p>Ciudad de M\u00e9xico a 09 de junio de 2020.- La Secretar\u00eda de Salud federal report\u00f3 este martes que ya suman 14 mil 649 muertes por COVID-19 en M\u00e9xico.<\/p>\n\n\n\n<p>Y es que en conferencia de prensa, el Director General de Epidemiolog\u00eda, Jos\u00e9 Luis Alom\u00eda, inform\u00f3 que hasta este martes se han acumulado 124 mil 301 casos confirmados de coronavirus desde el inicio de la epidemia en el pa\u00eds.<\/p>\n\n\n\n<p>Adem\u00e1s dijo que hay 50 mil 677 casos sospechosos que siguen siendo analizados en laboratorio.<\/p>\n\n\n\n<p>Los casos activos, es decir, quienes iniciaron con s\u00edntomas en los \u00faltimos 14 d\u00edas son 18 mil 904.<\/p>\n\n\n\n<p>Desde el inicio de la epidemia se han estudiado a 357 mil 055 personas.<\/p>\n","protected":false},"excerpt":{"rendered":"<p>(Redacci\u00f3n) El Director General de Epidemiolog\u00eda, Jos\u00e9 Luis Alom\u00eda, inform\u00f3 que hasta este martes se han acumulado 124 mil 301 casos confirmados de coronavirus desde el inicio de la epidemia en el pa\u00eds Ciudad de M\u00e9xico a 09 de junio de 2020.- La Secretar\u00eda de Salud federal report\u00f3 este martes que ya suman 14 mil [&hellip;]<\/p>\n","protected":false},"author":1,"featured_media":159929,"comment_status":"open","ping_status":"open","sticky":false,"template":"","format":"standard","meta":{"footnotes":""},"categories":[8],"tags":[],"class_list":["post-159928","post","type-post","status-publish","format-standard","has-post-thumbnail","hentry","category-pais","entry","has-media"],"jetpack_featured_media_url":"http:\/\/vertienteglobal.com\/wp-content\/uploads\/2020\/06\/1105739.jpg","_links":{"self":[{"href":"http:\/\/vertienteglobal.com\/index.php?rest_route=\/wp\/v2\/posts\/159928","targetHints":{"allow":["GET"]}}],"collection":[{"href":"http:\/\/vertienteglobal.com\/index.php?rest_route=\/wp\/v2\/posts"}],"about":[{"href":"http:\/\/vertienteglobal.com\/index.php?rest_route=\/wp\/v2\/types\/post"}],"author":[{"embeddable":true,"href":"http:\/\/vertienteglobal.com\/index.php?rest_route=\/wp\/v2\/users\/1"}],"replies":[{"embeddable":true,"href":"http:\/\/vertienteglobal.com\/index.php?rest_route=%2Fwp%2Fv2%2Fcomments&post=159928"}],"version-history":[{"count":0,"href":"http:\/\/vertienteglobal.com\/index.php?rest_route=\/wp\/v2\/posts\/159928\/revisions"}],"wp:featuredmedia":[{"embeddable":true,"href":"http:\/\/vertienteglobal.com\/index.php?rest_route=\/wp\/v2\/media\/159929"}],"wp:attachment":[{"href":"http:\/\/vertienteglobal.com\/index.php?rest_route=%2Fwp%2Fv2%2Fmedia&parent=159928"}],"wp:term":[{"taxonomy":"category","embeddable":true,"href":"http:\/\/vertienteglobal.com\/index.php?rest_route=%2Fwp%2Fv2%2Fcategories&post=159928"},{"taxonomy":"post_tag","embeddable":true,"href":"http:\/\/vertienteglobal.com\/index.php?rest_route=%2Fwp%2Fv2%2Ftags&post=159928"}],"curies":[{"name":"wp","href":"https:\/\/api.w.org\/{rel}","templated":true}]}}