{"id":159815,"date":"2020-06-08T11:42:00","date_gmt":"2020-06-08T16:42:00","guid":{"rendered":"http:\/\/vertienteglobal.com\/?p=159815"},"modified":"2020-06-08T15:27:39","modified_gmt":"2020-06-08T20:27:39","slug":"no-me-hago-prueba-de-covid-19-porque-no-tengo-sintomas-amlo","status":"publish","type":"post","link":"http:\/\/vertienteglobal.com\/?p=159815","title":{"rendered":"\u2018No me hago prueba de Covid-19, porque no tengo s\u00edntomas\u2019: AMLO"},"content":{"rendered":"\n<div class=\"twitterbutton\" style=\"float: right; padding-left: 5px;\"><a href=\"http:\/\/twitter.com\/share\" class=\"twitter-share-button\" data-count=\"horizontal\" data-text=\"\u2018No me hago prueba de Covid-19, porque no tengo s\u00edntomas\u2019: AMLO\" data-via=\"https:\/\/twitter.com\/VertienteGloba1\" data-url=\"http:\/\/vertienteglobal.com\/?p=159815\" data-lang=\"es\" data-related=\"Informaci\u00f3n general:S\u00edguenos para que est\u00e9ss informado\"><\/a><\/div>\n<figure class=\"wp-block-gallery columns-1 is-cropped wp-block-gallery-1 is-layout-flex wp-block-gallery-is-layout-flex\"><ul class=\"blocks-gallery-grid\"><li class=\"blocks-gallery-item\"><figure><img loading=\"lazy\" decoding=\"async\" width=\"1024\" height=\"584\" src=\"http:\/\/vertienteglobal.com\/wp-content\/uploads\/2020\/06\/IMG_20200608_152121-1024x584.jpg\" alt=\"\" data-id=\"159816\" data-full-url=\"http:\/\/vertienteglobal.com\/wp-content\/uploads\/2020\/06\/IMG_20200608_152121.jpg\" data-link=\"http:\/\/vertienteglobal.com\/?attachment_id=159816\" class=\"wp-image-159816\" srcset=\"http:\/\/vertienteglobal.com\/wp-content\/uploads\/2020\/06\/IMG_20200608_152121-1024x584.jpg 1024w, http:\/\/vertienteglobal.com\/wp-content\/uploads\/2020\/06\/IMG_20200608_152121-300x171.jpg 300w, http:\/\/vertienteglobal.com\/wp-content\/uploads\/2020\/06\/IMG_20200608_152121-150x86.jpg 150w, http:\/\/vertienteglobal.com\/wp-content\/uploads\/2020\/06\/IMG_20200608_152121-768x438.jpg 768w, http:\/\/vertienteglobal.com\/wp-content\/uploads\/2020\/06\/IMG_20200608_152121-1536x876.jpg 1536w, http:\/\/vertienteglobal.com\/wp-content\/uploads\/2020\/06\/IMG_20200608_152121.jpg 1984w\" sizes=\"auto, (max-width: 1024px) 100vw, 1024px\" \/><\/figure><\/li><\/ul><\/figure>\n\n\n\n<p>(Redacci\u00f3n)<\/p>\n\n\n\n<p>L\u00f3pez Obrador lament\u00f3 que Zo\u00e9 Robledo y su familia padezcan por el Covid-19, aunque sin gravedad, y se encuentren aislados; no obstante, dese\u00f3 su mejor\u00eda y confi\u00f3 que saldr\u00e1n avante<\/p>\n\n\n\n<p>Ciudad de M\u00e9xico a 08 de junio de 2020.- Luego de que anoche el director del Instituto Mexicano del Seguro Social (IMSS), Zo\u00e9 Robledo, anunciara que dio positivo a Covid-19, el presidente Andr\u00e9s Manuel L\u00f3pez Obrador afirm\u00f3 que por su buen estado de salud no hay motivo para aplicarse la prueba.<\/p>\n\n\n\n<p>Y es que en la conferencia de prensa ma\u00f1anera, al ser cuestionado sobre si ya se aplic\u00f3 o se har\u00eda la prueba por coronavirus tras conocerse el caso del directivo, quien lo ha acompa\u00f1ado en distintos eventos, el mandatario rechaz\u00f3 hacerlo, pues se encuentra bien de salud.<\/p>\n\n\n\n<p>\u201cNo me hago la prueba porque no tengo los s\u00edntomas. Afortunadamente estoy bien. Me cuido\u201d, asever\u00f3.<\/p>\n\n\n\n<p>L\u00f3pez Obrador lament\u00f3 que Zo\u00e9 Robledo y su familia padezcan por el Covid-19, aunque sin gravedad, y se encuentren aislados; no obstante, dese\u00f3 su mejor\u00eda y confi\u00f3 que saldr\u00e1n avante.<\/p>\n\n\n\n<p>Adem\u00e1s, el presidente envi\u00f3 su p\u00e9same a las familias de quienes han perdido la vida a causa de esta pandemia; adem\u00e1s, dese\u00f3 que quienes han sido contagiados se recuperen.<\/p>\n\n\n\n<p>Tambi\u00e9n llam\u00f3 a la sociedad a continuar con las medidas de mitigaci\u00f3n comunitaria para evitar los contagios por Covid-19, entre ellas la sana distancia y, en la medida de lo posible, quedarse en su casa.<\/p>\n\n\n\n<p>\u201cHay que seguir cuid\u00e1ndonos, seguir las recomendaciones y sobre todo lo de la sana distancia que es lo m\u00e1s efectivo: la higiene y la sana distancia. Sigo las recomendaciones de los especialistas. No hay que salir de casa si no es indispensable\u201d, coment\u00f3. (Fuente: Excelsior)<\/p>\n","protected":false},"excerpt":{"rendered":"<p>(Redacci\u00f3n) L\u00f3pez Obrador lament\u00f3 que Zo\u00e9 Robledo y su familia padezcan por el Covid-19, aunque sin gravedad, y se encuentren aislados; no obstante, dese\u00f3 su mejor\u00eda y confi\u00f3 que saldr\u00e1n avante Ciudad de M\u00e9xico a 08 de junio de 2020.- Luego de que anoche el director del Instituto Mexicano del Seguro Social (IMSS), Zo\u00e9 Robledo, [&hellip;]<\/p>\n","protected":false},"author":1,"featured_media":159816,"comment_status":"open","ping_status":"open","sticky":false,"template":"","format":"standard","meta":{"footnotes":""},"categories":[8],"tags":[],"class_list":["post-159815","post","type-post","status-publish","format-standard","has-post-thumbnail","hentry","category-pais","entry","has-media"],"jetpack_featured_media_url":"http:\/\/vertienteglobal.com\/wp-content\/uploads\/2020\/06\/IMG_20200608_152121.jpg","_links":{"self":[{"href":"http:\/\/vertienteglobal.com\/index.php?rest_route=\/wp\/v2\/posts\/159815","targetHints":{"allow":["GET"]}}],"collection":[{"href":"http:\/\/vertienteglobal.com\/index.php?rest_route=\/wp\/v2\/posts"}],"about":[{"href":"http:\/\/vertienteglobal.com\/index.php?rest_route=\/wp\/v2\/types\/post"}],"author":[{"embeddable":true,"href":"http:\/\/vertienteglobal.com\/index.php?rest_route=\/wp\/v2\/users\/1"}],"replies":[{"embeddable":true,"href":"http:\/\/vertienteglobal.com\/index.php?rest_route=%2Fwp%2Fv2%2Fcomments&post=159815"}],"version-history":[{"count":0,"href":"http:\/\/vertienteglobal.com\/index.php?rest_route=\/wp\/v2\/posts\/159815\/revisions"}],"wp:featuredmedia":[{"embeddable":true,"href":"http:\/\/vertienteglobal.com\/index.php?rest_route=\/wp\/v2\/media\/159816"}],"wp:attachment":[{"href":"http:\/\/vertienteglobal.com\/index.php?rest_route=%2Fwp%2Fv2%2Fmedia&parent=159815"}],"wp:term":[{"taxonomy":"category","embeddable":true,"href":"http:\/\/vertienteglobal.com\/index.php?rest_route=%2Fwp%2Fv2%2Fcategories&post=159815"},{"taxonomy":"post_tag","embeddable":true,"href":"http:\/\/vertienteglobal.com\/index.php?rest_route=%2Fwp%2Fv2%2Ftags&post=159815"}],"curies":[{"name":"wp","href":"https:\/\/api.w.org\/{rel}","templated":true}]}}