{"id":159806,"date":"2020-06-08T08:32:00","date_gmt":"2020-06-08T13:32:00","guid":{"rendered":"http:\/\/vertienteglobal.com\/?p=159806"},"modified":"2020-06-08T15:22:55","modified_gmt":"2020-06-08T20:22:55","slug":"no-tengo-nada-que-me-pertenezca-dice-amlo-sobre-su-declaracion-patrimonial","status":"publish","type":"post","link":"http:\/\/vertienteglobal.com\/?p=159806","title":{"rendered":"\u00abNo tengo nada que me pertenezca\u00bb, dice AMLO sobre su declaraci\u00f3n patrimonial"},"content":{"rendered":"\n<div class=\"twitterbutton\" style=\"float: right; padding-left: 5px;\"><a href=\"http:\/\/twitter.com\/share\" class=\"twitter-share-button\" data-count=\"horizontal\" data-text=\"\u00abNo tengo nada que me pertenezca\u00bb, dice AMLO sobre su declaraci\u00f3n patrimonial\" data-via=\"https:\/\/twitter.com\/VertienteGloba1\" data-url=\"http:\/\/vertienteglobal.com\/?p=159806\" data-lang=\"es\" data-related=\"Informaci\u00f3n general:S\u00edguenos para que est\u00e9ss informado\"><\/a><\/div>\n<figure class=\"wp-block-gallery columns-1 is-cropped wp-block-gallery-1 is-layout-flex wp-block-gallery-is-layout-flex\"><ul class=\"blocks-gallery-grid\"><li class=\"blocks-gallery-item\"><figure><img loading=\"lazy\" decoding=\"async\" width=\"1024\" height=\"585\" src=\"http:\/\/vertienteglobal.com\/wp-content\/uploads\/2020\/06\/IMG_20200608_152139-1024x585.jpg\" alt=\"\" data-id=\"159807\" data-full-url=\"http:\/\/vertienteglobal.com\/wp-content\/uploads\/2020\/06\/IMG_20200608_152139.jpg\" data-link=\"http:\/\/vertienteglobal.com\/?attachment_id=159807\" class=\"wp-image-159807\" srcset=\"http:\/\/vertienteglobal.com\/wp-content\/uploads\/2020\/06\/IMG_20200608_152139-1024x585.jpg 1024w, http:\/\/vertienteglobal.com\/wp-content\/uploads\/2020\/06\/IMG_20200608_152139-300x171.jpg 300w, http:\/\/vertienteglobal.com\/wp-content\/uploads\/2020\/06\/IMG_20200608_152139-150x86.jpg 150w, http:\/\/vertienteglobal.com\/wp-content\/uploads\/2020\/06\/IMG_20200608_152139-768x439.jpg 768w, http:\/\/vertienteglobal.com\/wp-content\/uploads\/2020\/06\/IMG_20200608_152139-1536x877.jpg 1536w, http:\/\/vertienteglobal.com\/wp-content\/uploads\/2020\/06\/IMG_20200608_152139.jpg 1986w\" sizes=\"auto, (max-width: 1024px) 100vw, 1024px\" \/><\/figure><\/li><\/ul><\/figure>\n\n\n\n<p>(Redacci\u00f3n)<\/p>\n\n\n\n<p>El mandatario asegur\u00f3 que no ha adquirido ning\u00fan bien y el dinero de su paga como presidente lo administra su esposa, la escritor Beatriz Guti\u00e9rrez M\u00fcller<\/p>\n\n\n\n<p>Ciudad de M\u00e9xico a 08 de junio de 2020.- El presidente Andr\u00e9s Manuel L\u00f3pez Obrador asegur\u00f3 que cumplir\u00e1 con la presentaci\u00f3n de su declaraci\u00f3n patrimonial, al tiempo que asegur\u00f3 que no tiene nada que le pertenezca.<\/p>\n\n\n\n<p>Y es que en su conferencia de prensa ma\u00f1anera, el mandatario asegur\u00f3 que no ha adquirido ning\u00fan bien y el dinero de su paga como presidente lo administra su esposa, la escritor Beatriz Guti\u00e9rrez M\u00fcller.<\/p>\n\n\n\n<p>\u201cLa voy a presentar, tengo la obligaci\u00f3n de hacerlo. No he adquirido ning\u00fan bien, no tengo dinero en bancos, no tengo cuentas bancarias, nom\u00e1s donde me pagan y eso lo administra Beatriz\u00bb.<\/p>\n\n\n\n<p>Aunado a esto, dijo que \u00abla casa de Palenque ya la entregu\u00e9 a mis hijos bajo un procedimiento legal donde ellos pueden disponer de la casa cuando yo ya no est\u00e9 en este mundo\u201d.<\/p>\n","protected":false},"excerpt":{"rendered":"<p>(Redacci\u00f3n) El mandatario asegur\u00f3 que no ha adquirido ning\u00fan bien y el dinero de su paga como presidente lo administra su esposa, la escritor Beatriz Guti\u00e9rrez M\u00fcller Ciudad de M\u00e9xico a 08 de junio de 2020.- El presidente Andr\u00e9s Manuel L\u00f3pez Obrador asegur\u00f3 que cumplir\u00e1 con la presentaci\u00f3n de su declaraci\u00f3n patrimonial, al tiempo que [&hellip;]<\/p>\n","protected":false},"author":1,"featured_media":159807,"comment_status":"open","ping_status":"open","sticky":false,"template":"","format":"standard","meta":{"footnotes":""},"categories":[8],"tags":[],"class_list":["post-159806","post","type-post","status-publish","format-standard","has-post-thumbnail","hentry","category-pais","entry","has-media"],"jetpack_featured_media_url":"http:\/\/vertienteglobal.com\/wp-content\/uploads\/2020\/06\/IMG_20200608_152139.jpg","_links":{"self":[{"href":"http:\/\/vertienteglobal.com\/index.php?rest_route=\/wp\/v2\/posts\/159806","targetHints":{"allow":["GET"]}}],"collection":[{"href":"http:\/\/vertienteglobal.com\/index.php?rest_route=\/wp\/v2\/posts"}],"about":[{"href":"http:\/\/vertienteglobal.com\/index.php?rest_route=\/wp\/v2\/types\/post"}],"author":[{"embeddable":true,"href":"http:\/\/vertienteglobal.com\/index.php?rest_route=\/wp\/v2\/users\/1"}],"replies":[{"embeddable":true,"href":"http:\/\/vertienteglobal.com\/index.php?rest_route=%2Fwp%2Fv2%2Fcomments&post=159806"}],"version-history":[{"count":0,"href":"http:\/\/vertienteglobal.com\/index.php?rest_route=\/wp\/v2\/posts\/159806\/revisions"}],"wp:featuredmedia":[{"embeddable":true,"href":"http:\/\/vertienteglobal.com\/index.php?rest_route=\/wp\/v2\/media\/159807"}],"wp:attachment":[{"href":"http:\/\/vertienteglobal.com\/index.php?rest_route=%2Fwp%2Fv2%2Fmedia&parent=159806"}],"wp:term":[{"taxonomy":"category","embeddable":true,"href":"http:\/\/vertienteglobal.com\/index.php?rest_route=%2Fwp%2Fv2%2Fcategories&post=159806"},{"taxonomy":"post_tag","embeddable":true,"href":"http:\/\/vertienteglobal.com\/index.php?rest_route=%2Fwp%2Fv2%2Ftags&post=159806"}],"curies":[{"name":"wp","href":"https:\/\/api.w.org\/{rel}","templated":true}]}}