{"id":159616,"date":"2020-06-06T12:40:00","date_gmt":"2020-06-06T17:40:00","guid":{"rendered":"http:\/\/vertienteglobal.com\/?p=159616"},"modified":"2020-06-06T18:42:12","modified_gmt":"2020-06-06T23:42:12","slug":"reabren-carretera-de-cuota-y-libre-a-cancun-tras-cierre-por-inundaciones","status":"publish","type":"post","link":"http:\/\/vertienteglobal.com\/?p=159616","title":{"rendered":"Reabren carretera de cuota y libre a Canc\u00fan  tras cierre por inundaciones"},"content":{"rendered":"\n<div class=\"twitterbutton\" style=\"float: right; padding-left: 5px;\"><a href=\"http:\/\/twitter.com\/share\" class=\"twitter-share-button\" data-count=\"horizontal\" data-text=\"Reabren carretera de cuota y libre a Canc\u00fan  tras cierre por inundaciones\" data-via=\"https:\/\/twitter.com\/VertienteGloba1\" data-url=\"http:\/\/vertienteglobal.com\/?p=159616\" data-lang=\"es\" data-related=\"Informaci\u00f3n general:S\u00edguenos para que est\u00e9ss informado\"><\/a><\/div>\n<figure class=\"wp-block-gallery columns-1 is-cropped wp-block-gallery-1 is-layout-flex wp-block-gallery-is-layout-flex\"><ul class=\"blocks-gallery-grid\"><li class=\"blocks-gallery-item\"><figure><img loading=\"lazy\" decoding=\"async\" width=\"750\" height=\"377\" src=\"http:\/\/vertienteglobal.com\/wp-content\/uploads\/2020\/06\/putaododdodod-750x377-1.jpg\" alt=\"\" data-id=\"159617\" data-full-url=\"http:\/\/vertienteglobal.com\/wp-content\/uploads\/2020\/06\/putaododdodod-750x377-1.jpg\" data-link=\"http:\/\/vertienteglobal.com\/?attachment_id=159617\" class=\"wp-image-159617\" srcset=\"http:\/\/vertienteglobal.com\/wp-content\/uploads\/2020\/06\/putaododdodod-750x377-1.jpg 750w, http:\/\/vertienteglobal.com\/wp-content\/uploads\/2020\/06\/putaododdodod-750x377-1-300x151.jpg 300w, http:\/\/vertienteglobal.com\/wp-content\/uploads\/2020\/06\/putaododdodod-750x377-1-150x75.jpg 150w\" sizes=\"auto, (max-width: 750px) 100vw, 750px\" \/><\/figure><\/li><\/ul><\/figure>\n\n\n\n<p>(Redacci\u00f3n)<\/p>\n\n\n\n<p>Inform\u00f3 que se permite el paso a todo tipo de veh\u00edculos con la debida precauci\u00f3n ya que hay zonas a\u00fan con encharcamientos<\/p>\n\n\n\n<p>M\u00e9rida, Yucat\u00e1n a 06 de junio de 2020.- La empresa ICA Infraestructura S.A. de C.V. inform\u00f3 que a partir de las 16.15 horas de ayer qued\u00f3 reabierta a la circulaci\u00f3n la carretera de cuota M\u00e9rida-Canc\u00fan luego de que fue cerrada por las inundaciones provocadas por la tormenta Crist\u00f3bal.<\/p>\n\n\n\n<p>Y es que diversos medios locales dieron a conocer que tambi\u00e9n se reabri\u00f3 la carretera Libre a Canc\u00fan en el mismo tramo.<\/p>\n\n\n\n<p>Por lo que a partir de la tarde de ayer fue reabierta a la circulaci\u00f3n en el tramo comprendido entre Pist\u00e9 y la salida a Valladolid, luego de que comenz\u00f3 a disminuir la inundaci\u00f3n en ambos sentidos y en ambas carreteras.<\/p>\n\n\n\n<p>Asimismo, se inform\u00f3 que se permite el paso a todo tipo de veh\u00edculos con la debida precauci\u00f3n ya que hay zonas a\u00fan con encharcamientos.<\/p>\n","protected":false},"excerpt":{"rendered":"<p>(Redacci\u00f3n) Inform\u00f3 que se permite el paso a todo tipo de veh\u00edculos con la debida precauci\u00f3n ya que hay zonas a\u00fan con encharcamientos M\u00e9rida, Yucat\u00e1n a 06 de junio de 2020.- La empresa ICA Infraestructura S.A. de C.V. inform\u00f3 que a partir de las 16.15 horas de ayer qued\u00f3 reabierta a la circulaci\u00f3n la carretera [&hellip;]<\/p>\n","protected":false},"author":1,"featured_media":159617,"comment_status":"open","ping_status":"open","sticky":false,"template":"","format":"standard","meta":{"footnotes":""},"categories":[2],"tags":[],"class_list":["post-159616","post","type-post","status-publish","format-standard","has-post-thumbnail","hentry","category-yucatan","entry","has-media"],"jetpack_featured_media_url":"http:\/\/vertienteglobal.com\/wp-content\/uploads\/2020\/06\/putaododdodod-750x377-1.jpg","_links":{"self":[{"href":"http:\/\/vertienteglobal.com\/index.php?rest_route=\/wp\/v2\/posts\/159616","targetHints":{"allow":["GET"]}}],"collection":[{"href":"http:\/\/vertienteglobal.com\/index.php?rest_route=\/wp\/v2\/posts"}],"about":[{"href":"http:\/\/vertienteglobal.com\/index.php?rest_route=\/wp\/v2\/types\/post"}],"author":[{"embeddable":true,"href":"http:\/\/vertienteglobal.com\/index.php?rest_route=\/wp\/v2\/users\/1"}],"replies":[{"embeddable":true,"href":"http:\/\/vertienteglobal.com\/index.php?rest_route=%2Fwp%2Fv2%2Fcomments&post=159616"}],"version-history":[{"count":0,"href":"http:\/\/vertienteglobal.com\/index.php?rest_route=\/wp\/v2\/posts\/159616\/revisions"}],"wp:featuredmedia":[{"embeddable":true,"href":"http:\/\/vertienteglobal.com\/index.php?rest_route=\/wp\/v2\/media\/159617"}],"wp:attachment":[{"href":"http:\/\/vertienteglobal.com\/index.php?rest_route=%2Fwp%2Fv2%2Fmedia&parent=159616"}],"wp:term":[{"taxonomy":"category","embeddable":true,"href":"http:\/\/vertienteglobal.com\/index.php?rest_route=%2Fwp%2Fv2%2Fcategories&post=159616"},{"taxonomy":"post_tag","embeddable":true,"href":"http:\/\/vertienteglobal.com\/index.php?rest_route=%2Fwp%2Fv2%2Ftags&post=159616"}],"curies":[{"name":"wp","href":"https:\/\/api.w.org\/{rel}","templated":true}]}}