{"id":159431,"date":"2020-06-04T20:54:26","date_gmt":"2020-06-05T01:54:26","guid":{"rendered":"http:\/\/vertienteglobal.com\/?p=159431"},"modified":"2020-06-05T00:29:53","modified_gmt":"2020-06-05T05:29:53","slug":"gobierno-de-veracruz-presenta-plan-operativo-para-temporada-de-lluvias-y-ciclones-tropicales","status":"publish","type":"post","link":"http:\/\/vertienteglobal.com\/?p=159431","title":{"rendered":"Gobierno de Veracruz presenta plan operativo para temporada de lluvias y ciclones tropicales"},"content":{"rendered":"\n<div class=\"twitterbutton\" style=\"float: right; padding-left: 5px;\"><a href=\"http:\/\/twitter.com\/share\" class=\"twitter-share-button\" data-count=\"horizontal\" data-text=\"Gobierno de Veracruz presenta plan operativo para temporada de lluvias y ciclone...\" data-via=\"https:\/\/twitter.com\/VertienteGloba1\" data-url=\"http:\/\/vertienteglobal.com\/?p=159431\" data-lang=\"es\" data-related=\"Informaci\u00f3n general:S\u00edguenos para que est\u00e9ss informado\"><\/a><\/div>\n<figure class=\"wp-block-gallery columns-1 is-cropped wp-block-gallery-1 is-layout-flex wp-block-gallery-is-layout-flex\"><ul class=\"blocks-gallery-grid\"><li class=\"blocks-gallery-item\"><figure><img loading=\"lazy\" decoding=\"async\" width=\"1024\" height=\"682\" src=\"http:\/\/vertienteglobal.com\/wp-content\/uploads\/2020\/06\/1104885-1.jpg\" alt=\"\" data-id=\"159432\" data-full-url=\"http:\/\/vertienteglobal.com\/wp-content\/uploads\/2020\/06\/1104885-1.jpg\" data-link=\"http:\/\/vertienteglobal.com\/?attachment_id=159432\" class=\"wp-image-159432\" srcset=\"http:\/\/vertienteglobal.com\/wp-content\/uploads\/2020\/06\/1104885-1.jpg 1024w, http:\/\/vertienteglobal.com\/wp-content\/uploads\/2020\/06\/1104885-1-300x200.jpg 300w, http:\/\/vertienteglobal.com\/wp-content\/uploads\/2020\/06\/1104885-1-150x100.jpg 150w, http:\/\/vertienteglobal.com\/wp-content\/uploads\/2020\/06\/1104885-1-768x512.jpg 768w\" sizes=\"auto, (max-width: 1024px) 100vw, 1024px\" \/><\/figure><\/li><\/ul><\/figure>\n\n\n\n<p>(Redacci\u00f3n)<\/p>\n\n\n\n<p>Durante la Primera Sesi\u00f3n Ordinaria del Consejo Estatal de Protecci\u00f3n Civil y Reuni\u00f3n Anual del Sistema Estatal donde, a trav\u00e9s de videoconferencia, se unieron alcaldesas y alcaldes a fin de detallar las acciones a realizar desde ahora y hasta el 30 de noviembre, periodo en que Veracruz se ver\u00e1 afectado por altas probabilidades de frentes fr\u00edos y reblandecimientos de tierra<\/p>\n\n\n\n<p>Ciudad de M\u00e9xico a 04 de junio de 2020.- El gobierno del estado inform\u00f3 que el gobernador Cuitl\u00e1huac Garc\u00eda Jim\u00e9nez present\u00f3 un plan operativo para la temporada de lluvias y ciclones tropicales 2020.<\/p>\n\n\n\n<p>Aqui el comunicado:<\/p>\n\n\n\n<p>El gobernador Cuitl\u00e1huac Garc\u00eda Jim\u00e9nez present\u00f3 este d\u00eda el Plan Operativo para la Temporada de Lluvias y Ciclones Tropicales 2020, con el cual ser\u00e1 implementado un Sistema de Comando de Incidentes (SCI) que permita coordinar las fuerzas de tarea de los tres \u00f3rdenes de gobierno y mitigar los efectos por fen\u00f3menos meteorol\u00f3gicos.<\/p>\n\n\n\n<p>Lo anterior, durante la Primera Sesi\u00f3n Ordinaria del Consejo Estatal de Protecci\u00f3n Civil y Reuni\u00f3n Anual del Sistema Estatal donde, a trav\u00e9s de videoconferencia, se unieron alcaldesas y alcaldes a fin de detallar las acciones a realizar desde ahora y hasta el 30 de noviembre, periodo en que Veracruz se ver\u00e1 afectado por altas probabilidades de frentes fr\u00edos y reblandecimientos de tierra.<\/p>\n\n\n\n<p>El Plan consiste en enviar operadores de emergencias al municipio m\u00e1s cercano a la zona de impacto, quienes efectuar\u00e1n labores de atenci\u00f3n y evaluaci\u00f3n. Pasado el fen\u00f3meno, continuar\u00e1 la verificaci\u00f3n de da\u00f1os y distribuci\u00f3n de apoyos a la poblaci\u00f3n; aqu\u00ed ser\u00e1n incorporadas recomendaciones para evitar contagios de COVID-19 en la operaci\u00f3n de refugios temporales activados.<\/p>\n\n\n\n<p>El Consejo Estatal de PC recomienda a los ayuntamientos acciones de limpieza y desazolve; reportar infraestructuras hidr\u00e1ulicas con alg\u00fan grado de riesgo y estrechar la vigilancia en cauces, evitando asentamientos humanos en la ribera de r\u00edos y arroyos.<\/p>\n\n\n\n<p>Asimismo, alertar a pobladores ubicados dentro de zonas federales propensas a inundaciones y deslaves, con el prop\u00f3sito de que adopten oportunamente medidas de autoprotecci\u00f3n, evacuaci\u00f3n y\/o reubicaci\u00f3n, seg\u00fan corresponda; adem\u00e1s de elaborar campa\u00f1as permanentes en medios de comunicaci\u00f3n con carteles alusivos.<\/p>\n\n\n\n<p>La estrategia cuenta con 229 integrantes de la Secretar\u00eda de Protecci\u00f3n Civil (PC), entre ellos: 10 operadores de emergencias, 21 enlaces regionales, 5 bomberos, 5 t\u00e9cnicos en urgencias m\u00e9dicas, 16 operativos del Centro de Comunicaci\u00f3n y Monitoreo (CECOM) y 7 de Meteorolog\u00eda, 24 dictaminadores de afectaciones generales y 10 especialistas.<\/p>\n\n\n\n<p>Mientras que el equipamiento consiste en 104 patrullas, 26 veh\u00edculos de ataque r\u00e1pido, 35 pipas, 3 camionetas con caja seca, 29 lanchas y 4 cuatrimotos; 39 plantas de luz, 5 bombas de achique, 19 radios Matra y 104 VHF y 3 drones especiales, adem\u00e1s de 2 bambi-bucket y un fire-attack para helic\u00f3pteros.<\/p>\n\n\n\n<p>Ante este tipo de fen\u00f3menos, el Gobernador destac\u00f3 la preocupaci\u00f3n y la suma de esfuerzos por parte de las autoridades municipales, al poner como prioridad la protecci\u00f3n de la poblaci\u00f3n. Para la atenci\u00f3n de emergencias, el Sistema Estatal de PC pone a disposici\u00f3n de la ciudadan\u00eda las l\u00edneas telef\u00f3nicas 911 y 070. (Fuente y foto:Gobierno de Veracruz)<\/p>\n","protected":false},"excerpt":{"rendered":"<p>(Redacci\u00f3n) Durante la Primera Sesi\u00f3n Ordinaria del Consejo Estatal de Protecci\u00f3n Civil y Reuni\u00f3n Anual del Sistema Estatal donde, a trav\u00e9s de videoconferencia, se unieron alcaldesas y alcaldes a fin de detallar las acciones a realizar desde ahora y hasta el 30 de noviembre, periodo en que Veracruz se ver\u00e1 afectado por altas probabilidades de [&hellip;]<\/p>\n","protected":false},"author":1,"featured_media":159432,"comment_status":"open","ping_status":"open","sticky":false,"template":"","format":"standard","meta":{"footnotes":""},"categories":[7],"tags":[],"class_list":["post-159431","post","type-post","status-publish","format-standard","has-post-thumbnail","hentry","category-veracruz","entry","has-media"],"jetpack_featured_media_url":"http:\/\/vertienteglobal.com\/wp-content\/uploads\/2020\/06\/1104885-1.jpg","_links":{"self":[{"href":"http:\/\/vertienteglobal.com\/index.php?rest_route=\/wp\/v2\/posts\/159431","targetHints":{"allow":["GET"]}}],"collection":[{"href":"http:\/\/vertienteglobal.com\/index.php?rest_route=\/wp\/v2\/posts"}],"about":[{"href":"http:\/\/vertienteglobal.com\/index.php?rest_route=\/wp\/v2\/types\/post"}],"author":[{"embeddable":true,"href":"http:\/\/vertienteglobal.com\/index.php?rest_route=\/wp\/v2\/users\/1"}],"replies":[{"embeddable":true,"href":"http:\/\/vertienteglobal.com\/index.php?rest_route=%2Fwp%2Fv2%2Fcomments&post=159431"}],"version-history":[{"count":0,"href":"http:\/\/vertienteglobal.com\/index.php?rest_route=\/wp\/v2\/posts\/159431\/revisions"}],"wp:featuredmedia":[{"embeddable":true,"href":"http:\/\/vertienteglobal.com\/index.php?rest_route=\/wp\/v2\/media\/159432"}],"wp:attachment":[{"href":"http:\/\/vertienteglobal.com\/index.php?rest_route=%2Fwp%2Fv2%2Fmedia&parent=159431"}],"wp:term":[{"taxonomy":"category","embeddable":true,"href":"http:\/\/vertienteglobal.com\/index.php?rest_route=%2Fwp%2Fv2%2Fcategories&post=159431"},{"taxonomy":"post_tag","embeddable":true,"href":"http:\/\/vertienteglobal.com\/index.php?rest_route=%2Fwp%2Fv2%2Ftags&post=159431"}],"curies":[{"name":"wp","href":"https:\/\/api.w.org\/{rel}","templated":true}]}}