{"id":159157,"date":"2020-06-02T15:36:00","date_gmt":"2020-06-02T20:36:00","guid":{"rendered":"http:\/\/vertienteglobal.com\/?p=159157"},"modified":"2020-06-02T18:30:57","modified_gmt":"2020-06-02T23:30:57","slug":"emprestito-por-400-mdp-crearia-seis-mil-empleos-directos-para-merida-renan-barrera-concha","status":"publish","type":"post","link":"http:\/\/vertienteglobal.com\/?p=159157","title":{"rendered":"Emprestito por 400 mdp crear\u00eda seis mil empleos directos para M\u00e9rida: Renan Barrera Concha"},"content":{"rendered":"\n<div class=\"twitterbutton\" style=\"float: right; padding-left: 5px;\"><a href=\"http:\/\/twitter.com\/share\" class=\"twitter-share-button\" data-count=\"horizontal\" data-text=\"Emprestito por 400 mdp crear\u00eda seis mil empleos directos para M\u00e9rida: Renan Ba...\" data-via=\"https:\/\/twitter.com\/VertienteGloba1\" data-url=\"http:\/\/vertienteglobal.com\/?p=159157\" data-lang=\"es\" data-related=\"Informaci\u00f3n general:S\u00edguenos para que est\u00e9ss informado\"><\/a><\/div>\n<figure class=\"wp-block-gallery columns-1 is-cropped wp-block-gallery-1 is-layout-flex wp-block-gallery-is-layout-flex\"><ul class=\"blocks-gallery-grid\"><li class=\"blocks-gallery-item\"><figure><img loading=\"lazy\" decoding=\"async\" width=\"579\" height=\"230\" src=\"http:\/\/vertienteglobal.com\/wp-content\/uploads\/2020\/06\/f3e028_2jun.jpg\" alt=\"\" data-id=\"159158\" data-full-url=\"http:\/\/vertienteglobal.com\/wp-content\/uploads\/2020\/06\/f3e028_2jun.jpg\" data-link=\"http:\/\/vertienteglobal.com\/?attachment_id=159158\" class=\"wp-image-159158\" srcset=\"http:\/\/vertienteglobal.com\/wp-content\/uploads\/2020\/06\/f3e028_2jun.jpg 579w, http:\/\/vertienteglobal.com\/wp-content\/uploads\/2020\/06\/f3e028_2jun-300x119.jpg 300w, http:\/\/vertienteglobal.com\/wp-content\/uploads\/2020\/06\/f3e028_2jun-150x60.jpg 150w\" sizes=\"auto, (max-width: 579px) 100vw, 579px\" \/><\/figure><\/li><\/ul><\/figure>\n\n\n\n<p>(Antonio Rivera)<\/p>\n\n\n\n<p>Inform\u00f3 que el financiamiento se utilizar\u00eda para Inversi\u00f3n P\u00fablica Productiva, establecido en la Ley de Disciplina Financiera, para en mercados e infraestructura municipal urbana; espacios p\u00fablicos; construcci\u00f3n y rehabilitaci\u00f3n de calles; infraestructura en el poniente de la ciudad y para la movilidad<\/p>\n\n\n\n<p>M\u00e9rida, Yucat\u00e1n a 02 de junio de 2020.- En la comisi\u00f3n de Presupuesto, Patrimonio Estatal y Municipal, el alcalde de M\u00e9rida, Ren\u00e1n Barrera Concha, acudi\u00f3 para explicar y desahogar dudas de todas las fuerzas pol\u00edticas de la LXII Legislatura, sobre la solicitud de empr\u00e9stito de hasta 400 millones de pesos, que se pretende destinar a inversi\u00f3n p\u00fablica productiva.<\/p>\n\n\n\n<p>Y es que en otros temas, el presidente de la comisi\u00f3n, V\u00edctor S\u00e1nchez Roca, inform\u00f3 que el presidente municipal de Panab\u00e1, Jorge Jim\u00e9nez Iuit, envi\u00f3 un oficio para anunciar que desiste de la solicitud de empr\u00e9stito por hasta 15 millones de pesos; mientras que su hom\u00f3logo de Progreso, Juli\u00e1n Zacar\u00edas Cur\u00ed, entreg\u00f3 su cat\u00e1logo de obras que ser\u00e1 distribuido a los 25 legisladores.<\/p>\n\n\n\n<p>Ante esta situaci\u00f3n, el cuerpo colegiado aprob\u00f3 por unanimidad que el pr\u00f3ximo jueves 4 de junio del a\u00f1o en curso, acudan al Congreso del Estado, los alcaldes de Progreso, Mot\u00fal y Um\u00e1n, para reunirse con los integrantes de la mencionada comisi\u00f3n permanente, para detallar los motivos de los cr\u00e9ditos.<\/p>\n\n\n\n<p>Durante la exposici\u00f3n del presidente municipal de M\u00e9rida, inform\u00f3 que, derivado de ajustes presupuestales para contrarrestar los efectos de la contingencia sanitaria por el Covid-19, en el Ayuntamiento de M\u00e9rida se realiz\u00f3 una redirecci\u00f3n de $235,785,871; por cancelaci\u00f3n de programas por contingencia $43,005,261; as\u00ed como por cancelaci\u00f3n de proyectos diversos $98,754,952; lo que genera un ahorro presupuestal total de $377,546,084.<\/p>\n\n\n\n<p>El medio, explic\u00f3 que para todo el a\u00f1o se requiere de 781.9 millones de pesos para apoyar la econom\u00eda de la capital yucateca y por tal raz\u00f3n, se solicita al Congreso del Estado contratar deuda p\u00fablica por un monto hasta de 400 millones de pesos, a pagar en un plazo de hasta 15 a\u00f1os, con fuente de pago proveniente del Fondo General de Participaciones.<\/p>\n\n\n\n<p>Inform\u00f3 que el financiamiento se utilizar\u00eda para Inversi\u00f3n P\u00fablica Productiva, establecido en la Ley de Disciplina Financiera, para en mercados e infraestructura municipal urbana; espacios p\u00fablicos; construcci\u00f3n y rehabilitaci\u00f3n de calles; infraestructura en el poniente de la ciudad y para la movilidad.<\/p>\n\n\n\n<p>De la misma manera, detall\u00f3 que la poblaci\u00f3n que se beneficiar\u00eda de manera directa ser\u00eda de 155,136 personas, de manera indirecta 350 mil, para hacer un total de 505,136; por otro lado, adelant\u00f3 que tambi\u00e9n se crear\u00eda un Consejo Ciudadano para el Seguimiento del Financiamiento, para su transparencia y fiscalizaci\u00f3n, en el cual tambi\u00e9n se contempla la participaci\u00f3n de diputadas y diputadas.<\/p>\n\n\n\n<p>Al responder las preguntas de los legisladores Luis Aguilar Castillo (NA) y Milagros Romero Bastarrachea (MC), sobre si se pretende implementar nuevos impuestos o derechos, o el incremento de los mismos para el pago de empr\u00e9stito, as\u00ed como cuando iniciar\u00eda la ejecuci\u00f3n de los recursos.<\/p>\n\n\n\n<p>Barrera Concha, aclar\u00f3 que no habr\u00e1 impuestos nuevos para solventar esta deuda y, por el contrario, continuar\u00e1n descuentos e incentivos para ciertos derechos, adem\u00e1s que el empr\u00e9stito se estar\u00eda ejecutando a mediados de septiembre.<\/p>\n\n\n\n<p>As\u00ed mismo, a cuestionamientos de los diputados Felipe Cervera Hern\u00e1ndez (PRI) y Enrique Castillo Ruz (PRI), referente a la coordinaci\u00f3n con el Ejecutivo estatal para la implementaci\u00f3n de apoyos en relaci\u00f3n con la recolecci\u00f3n de basura, agua potable y la ruta de la salud, al igual si ha recibido recursos del Gobierno Federal.<\/p>\n\n\n\n<p>El primer edil respondi\u00f3 que del Gobierno del Estado recibi\u00f3 10 millones de pesos como subsidio para la recolecci\u00f3n de basura y en el caso de agua potable, el apoyo solo se brinda para las comisar\u00edas porque la capital yucateca es jurisdicci\u00f3n de la Junta de Agua Potable y Alcantarillado de Yucat\u00e1n (Japay).<\/p>\n\n\n\n<p>El alcalde de M\u00e9rida abund\u00f3 que referente a la Ruta de la Salud, es un compromiso de 50-50 con el Ejecutivo estatal y por parte del Gobierno Federal no se ha recibido recurso espec\u00edfico en cuanto a la contingencia sanitaria.<\/p>\n\n\n\n<p>Por \u00faltimo, al desahogar las preguntas de Warnel May Escobar (PRI) y Alejandro Cuevas Mena (PRD), adelant\u00f3 que, ante la situaci\u00f3n econ\u00f3mica, habr\u00e1 actividades que no se reanudar\u00e1n este a\u00f1o, como Noche Blanca, Programa Remembranzas, Serenata Yucateca, Noche de las Culturas, Noche Mexicana, M\u00e9rida en Domingo, Vaquer\u00eda Regional, Apoyos Culturales en Colonias y Comisar\u00edas, Cursos en Centros Culturales, Exposiciones, Bici Ruta, la Liga Meridana de B\u00e9isbol y la de segunda fuerza, los Programas de Verano, M\u00e9rida en Acci\u00f3n, Iniciaci\u00f3n Deportiva, Academia de B\u00e9isbol, Torneo de Ajedrez, entre otros.<\/p>\n\n\n\n<p>Diputadas y diputados de diferentes fuerzas pol\u00edticas resaltaron la disposici\u00f3n del presidente municipal de M\u00e9rida y el desglose de c\u00f3mo se ejercer\u00eda el recurso, que servir\u00e1 para el an\u00e1lisis profundo de la iniciativa.<\/p>\n\n\n\n<p>Para finalizar el presidente de la Comisi\u00f3n agradeci\u00f3 la asistencia de los funcionarios municipales y record\u00f3 la cita para el pr\u00f3ximo jueves 4 de junio.<\/p>\n\n\n\n<figure class=\"wp-block-gallery columns-1 is-cropped wp-block-gallery-2 is-layout-flex wp-block-gallery-is-layout-flex\"><ul class=\"blocks-gallery-grid\"><li class=\"blocks-gallery-item\"><figure><img loading=\"lazy\" decoding=\"async\" width=\"1024\" height=\"683\" src=\"http:\/\/vertienteglobal.com\/wp-content\/uploads\/2020\/06\/IMG_20200602_180428.jpg\" alt=\"\" data-id=\"159159\" data-full-url=\"http:\/\/vertienteglobal.com\/wp-content\/uploads\/2020\/06\/IMG_20200602_180428.jpg\" data-link=\"http:\/\/vertienteglobal.com\/?attachment_id=159159\" class=\"wp-image-159159\" srcset=\"http:\/\/vertienteglobal.com\/wp-content\/uploads\/2020\/06\/IMG_20200602_180428.jpg 1024w, http:\/\/vertienteglobal.com\/wp-content\/uploads\/2020\/06\/IMG_20200602_180428-300x200.jpg 300w, http:\/\/vertienteglobal.com\/wp-content\/uploads\/2020\/06\/IMG_20200602_180428-150x100.jpg 150w, http:\/\/vertienteglobal.com\/wp-content\/uploads\/2020\/06\/IMG_20200602_180428-768x512.jpg 768w\" sizes=\"auto, (max-width: 1024px) 100vw, 1024px\" \/><\/figure><\/li><\/ul><\/figure>\n","protected":false},"excerpt":{"rendered":"<p>(Antonio Rivera) Inform\u00f3 que el financiamiento se utilizar\u00eda para Inversi\u00f3n P\u00fablica Productiva, establecido en la Ley de Disciplina Financiera, para en mercados e infraestructura municipal urbana; espacios p\u00fablicos; construcci\u00f3n y rehabilitaci\u00f3n de calles; infraestructura en el poniente de la ciudad y para la movilidad M\u00e9rida, Yucat\u00e1n a 02 de junio de 2020.- En la comisi\u00f3n [&hellip;]<\/p>\n","protected":false},"author":1,"featured_media":159159,"comment_status":"open","ping_status":"open","sticky":false,"template":"","format":"standard","meta":{"footnotes":""},"categories":[2],"tags":[],"class_list":["post-159157","post","type-post","status-publish","format-standard","has-post-thumbnail","hentry","category-yucatan","entry","has-media"],"jetpack_featured_media_url":"http:\/\/vertienteglobal.com\/wp-content\/uploads\/2020\/06\/IMG_20200602_180428.jpg","_links":{"self":[{"href":"http:\/\/vertienteglobal.com\/index.php?rest_route=\/wp\/v2\/posts\/159157","targetHints":{"allow":["GET"]}}],"collection":[{"href":"http:\/\/vertienteglobal.com\/index.php?rest_route=\/wp\/v2\/posts"}],"about":[{"href":"http:\/\/vertienteglobal.com\/index.php?rest_route=\/wp\/v2\/types\/post"}],"author":[{"embeddable":true,"href":"http:\/\/vertienteglobal.com\/index.php?rest_route=\/wp\/v2\/users\/1"}],"replies":[{"embeddable":true,"href":"http:\/\/vertienteglobal.com\/index.php?rest_route=%2Fwp%2Fv2%2Fcomments&post=159157"}],"version-history":[{"count":0,"href":"http:\/\/vertienteglobal.com\/index.php?rest_route=\/wp\/v2\/posts\/159157\/revisions"}],"wp:featuredmedia":[{"embeddable":true,"href":"http:\/\/vertienteglobal.com\/index.php?rest_route=\/wp\/v2\/media\/159159"}],"wp:attachment":[{"href":"http:\/\/vertienteglobal.com\/index.php?rest_route=%2Fwp%2Fv2%2Fmedia&parent=159157"}],"wp:term":[{"taxonomy":"category","embeddable":true,"href":"http:\/\/vertienteglobal.com\/index.php?rest_route=%2Fwp%2Fv2%2Fcategories&post=159157"},{"taxonomy":"post_tag","embeddable":true,"href":"http:\/\/vertienteglobal.com\/index.php?rest_route=%2Fwp%2Fv2%2Ftags&post=159157"}],"curies":[{"name":"wp","href":"https:\/\/api.w.org\/{rel}","templated":true}]}}