{"id":159111,"date":"2020-06-02T07:43:00","date_gmt":"2020-06-02T12:43:00","guid":{"rendered":"http:\/\/vertienteglobal.com\/?p=159111"},"modified":"2020-06-02T13:45:05","modified_gmt":"2020-06-02T18:45:05","slug":"refuerzan-medidas-internacionales-de-prevencion-por-covid19-en-el-sector-agroalimentario","status":"publish","type":"post","link":"http:\/\/vertienteglobal.com\/?p=159111","title":{"rendered":"Refuerzan medidas internacionales de prevenci\u00f3n por COVID19 en el sector agroalimentario"},"content":{"rendered":"\n<div class=\"twitterbutton\" style=\"float: right; padding-left: 5px;\"><a href=\"http:\/\/twitter.com\/share\" class=\"twitter-share-button\" data-count=\"horizontal\" data-text=\"Refuerzan medidas internacionales de prevenci\u00f3n por COVID19 en el sector agroal...\" data-via=\"https:\/\/twitter.com\/VertienteGloba1\" data-url=\"http:\/\/vertienteglobal.com\/?p=159111\" data-lang=\"es\" data-related=\"Informaci\u00f3n general:S\u00edguenos para que est\u00e9ss informado\"><\/a><\/div>\n<figure class=\"wp-block-gallery columns-1 is-cropped wp-block-gallery-1 is-layout-flex wp-block-gallery-is-layout-flex\"><ul class=\"blocks-gallery-grid\"><li class=\"blocks-gallery-item\"><figure><img loading=\"lazy\" decoding=\"async\" width=\"512\" height=\"340\" src=\"http:\/\/vertienteglobal.com\/wp-content\/uploads\/2020\/06\/images-2.jpeg\" alt=\"\" data-id=\"159112\" data-full-url=\"http:\/\/vertienteglobal.com\/wp-content\/uploads\/2020\/06\/images-2.jpeg\" data-link=\"http:\/\/vertienteglobal.com\/?attachment_id=159112\" class=\"wp-image-159112\" srcset=\"http:\/\/vertienteglobal.com\/wp-content\/uploads\/2020\/06\/images-2.jpeg 512w, http:\/\/vertienteglobal.com\/wp-content\/uploads\/2020\/06\/images-2-300x199.jpeg 300w, http:\/\/vertienteglobal.com\/wp-content\/uploads\/2020\/06\/images-2-150x100.jpeg 150w\" sizes=\"auto, (max-width: 512px) 100vw, 512px\" \/><\/figure><\/li><\/ul><\/figure>\n\n\n\n<p>(Redacci\u00f3n)<\/p>\n\n\n\n<p>La Secretar\u00eda de Agricultura y Desarrollo Rural se coordin\u00f3 con la Organizaci\u00f3n Internacional del Trabajo (OIT) para la elaboraci\u00f3n, promoci\u00f3n e implementaci\u00f3n de la \u201cGui\u0301a pra\u0301ctica para la prevencio\u0301n y mitigacio\u0301n del COVID-19 en la agricultura\u201d<\/p>\n\n\n\n<p>Se encuentra enfocada en cuidar la seguridad y salud de mujeres y hombres en las unidades de producci\u00f3n agropecuarias, produciendo los alimentos que M\u00e9xico y el mundo requiere<\/p>\n\n\n\n<p>El documento incluye medidas de prevenci\u00f3n para evitar la exposici\u00f3n y propagaci\u00f3n al virus<\/p>\n\n\n\n<p>Ciudad de M\u00e9xico a 02 de junio de 2020.- La Secretar\u00eda de Agricultura y Desarrollo Rural se coordin\u00f3 con la Organizaci\u00f3n Internacional del Trabajo (OIT) para la elaboraci\u00f3n, promoci\u00f3n e implementaci\u00f3n de la \u201cGui\u0301a pra\u0301ctica para la prevencio\u0301n y mitigacio\u0301n del COVID-19 en la agricultura\u201d.<\/p>\n\n\n\n<p>Se encuentra enfocada en cuidar la seguridad y salud de mujeres y hombres en las unidades de producci\u00f3n agropecuarias, produciendo los alimentos que M\u00e9xico y el mundo requiere.<\/p>\n\n\n\n<p>El documento incluye medidas de prevenci\u00f3n para evitar la exposici\u00f3n y propagaci\u00f3n al virus.<br>La Secretar\u00eda de Agricultura y Desarrollo Rural contribuy\u00f3 a reforzar las medidas internacionales para la prevenci\u00f3n de contagios por COVID-19 en el sector agroalimentario, a fin de garantizar la continuidad en la producci\u00f3n y distribuci\u00f3n de alimentos para la poblaci\u00f3n durante la etapa de contingencia.<\/p>\n\n\n\n<p>La dependencia federal inform\u00f3 que, a trav\u00e9s de la Subsecretar\u00eda de Agricultura, se contribuy\u00f3 en la elaboraci\u00f3n de la \u201cGui\u0301a pra\u0301ctica para la prevencio\u0301n y mitigacio\u0301n del COVID-19 en la agricultura\u201d, publicada por la Organizaci\u00f3n Internacional del Trabajo (OIT), y la cual es tambi\u00e9n de observancia para unidades de producci\u00f3n en M\u00e9xico de manera voluntaria.<\/p>\n\n\n\n<p>En este documento se resalta que el suministro de alimentos es una actividad esencial y cr\u00edtica que debe garantizarse, a fin de ofrecer a la poblaci\u00f3n los insumos alimenticios que requiere de una manera segura y eficiente, acci\u00f3n con la cual la Secretar\u00eda de Agricultura y Desarrollo Rural se encuentra comprometida.<\/p>\n\n\n\n<p>Adem\u00e1s, la gu\u00eda tiene como objetivo el brindar orientaciones pr\u00e1cticas para la prevenci\u00f3n y mitigaci\u00f3n de la transmisi\u00f3n del COVID-19 en las actividades agr\u00edcolas que se desarrollan, en conjunto con las medidas establecidas por las autoridades sanitarias de cada uno de los pa\u00edses.<\/p>\n\n\n\n<p>El manual est\u00e1 dirigido a empleadores o representantes de las unidades de producci\u00f3n agropecuarias y trabajadores agr\u00edcolas junto con sus familias que laboran y permanecen de manera permanente o temporal en estos centros de trabajo productivo e incluye medidas preventivas para evitar la exposici\u00f3n y propagaci\u00f3n del virus y otras enfermedades contagiosas.<\/p>\n\n\n\n<p>Acciones tendientes a reducir exposici\u00f3n y evitar propagaci\u00f3n del COVID-19<\/p>\n\n\n\n<p>Entre las medidas propuestas se destaca que los responsables de las Unidades de Producci\u00f3n deber\u00e1n proporcionar los insumos que requieran los trabajadores para realizar una labor segura y, por su parte, quienes realizan las diferentes encomiendas en estos centros deber\u00e1n cooperar en el cumplimiento de las recomendaciones de seguridad y utilizar el equipo de protecci\u00f3n correctamente.<\/p>\n\n\n\n<p>El documento plantea adem\u00e1s que cada unidad de producci\u00f3n podr\u00e1 designar un grupo de trabajo, que incluya al administrador y\/o supervisor, los representantes de los trabajadores, y al responsable de la seguridad y salud del centro de trabajo, a efecto de contar con medidas unificadas de protecci\u00f3n que permitan evitar riesgos de contagio.<\/p>\n\n\n\n<p>Asimismo, se sugiere llevar un registro que incluya las actividades de limpieza y desinfecci\u00f3n de las instalaciones, \u00e1reas comunes, herramientas, equipos de uso com\u00fan, unidades de transporte, entre otros, despu\u00e9s de cada uso y mediante procesos de aspersi\u00f3n con mezclas de alcohol et\u00edlico al 70 por ciento o con disoluciones de cloro.<\/p>\n\n\n\n<p>Para ello, propone llevar un control de insumos que permita garantizar la suficiencia de suministros en todo momento.<\/p>\n\n\n\n<p>Las medidas tambi\u00e9n incluyen generar un mapeo de riesgos de las unidades de producci\u00f3n y establecer grupos de trabajo de no m\u00e1s de cinco integrantes para minimizar el movimiento de trabajadores que facilite la trazabilidad y control \u2013guardando la sana distancia de 1 a 2 metros y excluyendo a personal vulnerable para mitigar el riesgo de contagio\u2014; en caso de que se identifique alg\u00fan posible contagio dar aviso y activar los protocolos de control correspondientes.<\/p>\n\n\n\n<p>Se propone tambi\u00e9n capacitar a la gerencia, los productores, los trabajadores y sus representantes sobre las medidas adoptadas para la prevenci\u00f3n del riesgo de exposici\u00f3n al virus y sobre c\u00f3mo se debe actuar en caso de infecci\u00f3n por COVID-19. Adicionalmente, se establecen los protocolos para reducir riesgos entre los trabajadores y capacitaci\u00f3n del uso correcto, mantenimiento y desecho del equipo de protecci\u00f3n personal.<\/p>\n\n\n\n<p>Otra de las acciones planteadas es establecer filtros de control en los accesos para la detecci\u00f3n de s\u00edntomas y el control de la temperatura corporal, el uso de mascarillas de protecci\u00f3n y guantes desechables, y efectuar paros laborales programados para llevar a cabo labores de sanitizaci\u00f3n y desinfecci\u00f3n, de acuerdo con las etapas de producci\u00f3n.<\/p>\n\n\n\n<p>Esta gu\u00eda incluye las acciones generales que se sugiere realizar para evitar contagios y se encuentra acorde con las recomendaciones emitidas por las autoridades sanitarias tanto en M\u00e9xico como a nivel regional en Am\u00e9rica Latina.<\/p>\n\n\n\n<p>Para facilitar su adopci\u00f3n en los centros de trabajo, la Secretar\u00eda de Agricultura y Desarrollo Rural subi\u00f3 en su p\u00e1gina electr\u00f3nica (https:\/\/www.gob.mx\/agricultura\/documentos\/medidas-preventivas-para-trabajo-en-campo-y-para-la-entrega-de-apoyos?idiom=es) tanto la gu\u00eda de acci\u00f3n para centros de trabajo agr\u00edcolas elaborada por la Secretar\u00eda del Trabajo como la Gu\u00eda emitida por la OIT, las cuales se complementan, con videos y c\u00e1psulas de la OIT.<\/p>\n\n\n\n<p>Con estas acciones, Agricultura contribuye a garantizar la operaci\u00f3n de las unidades de producci\u00f3n en el medio rural, a fin de contar con los alimentos que se requieren en el pa\u00eds y en el mundo para seguir haciendo frente a la contingencia.<\/p>\n","protected":false},"excerpt":{"rendered":"<p>(Redacci\u00f3n) La Secretar\u00eda de Agricultura y Desarrollo Rural se coordin\u00f3 con la Organizaci\u00f3n Internacional del Trabajo (OIT) para la elaboraci\u00f3n, promoci\u00f3n e implementaci\u00f3n de la \u201cGui\u0301a pra\u0301ctica para la prevencio\u0301n y mitigacio\u0301n del COVID-19 en la agricultura\u201d Se encuentra enfocada en cuidar la seguridad y salud de mujeres y hombres en las unidades de producci\u00f3n [&hellip;]<\/p>\n","protected":false},"author":1,"featured_media":159112,"comment_status":"open","ping_status":"open","sticky":false,"template":"","format":"standard","meta":{"footnotes":""},"categories":[8],"tags":[],"class_list":["post-159111","post","type-post","status-publish","format-standard","has-post-thumbnail","hentry","category-pais","entry","has-media"],"jetpack_featured_media_url":"http:\/\/vertienteglobal.com\/wp-content\/uploads\/2020\/06\/images-2.jpeg","_links":{"self":[{"href":"http:\/\/vertienteglobal.com\/index.php?rest_route=\/wp\/v2\/posts\/159111","targetHints":{"allow":["GET"]}}],"collection":[{"href":"http:\/\/vertienteglobal.com\/index.php?rest_route=\/wp\/v2\/posts"}],"about":[{"href":"http:\/\/vertienteglobal.com\/index.php?rest_route=\/wp\/v2\/types\/post"}],"author":[{"embeddable":true,"href":"http:\/\/vertienteglobal.com\/index.php?rest_route=\/wp\/v2\/users\/1"}],"replies":[{"embeddable":true,"href":"http:\/\/vertienteglobal.com\/index.php?rest_route=%2Fwp%2Fv2%2Fcomments&post=159111"}],"version-history":[{"count":0,"href":"http:\/\/vertienteglobal.com\/index.php?rest_route=\/wp\/v2\/posts\/159111\/revisions"}],"wp:featuredmedia":[{"embeddable":true,"href":"http:\/\/vertienteglobal.com\/index.php?rest_route=\/wp\/v2\/media\/159112"}],"wp:attachment":[{"href":"http:\/\/vertienteglobal.com\/index.php?rest_route=%2Fwp%2Fv2%2Fmedia&parent=159111"}],"wp:term":[{"taxonomy":"category","embeddable":true,"href":"http:\/\/vertienteglobal.com\/index.php?rest_route=%2Fwp%2Fv2%2Fcategories&post=159111"},{"taxonomy":"post_tag","embeddable":true,"href":"http:\/\/vertienteglobal.com\/index.php?rest_route=%2Fwp%2Fv2%2Ftags&post=159111"}],"curies":[{"name":"wp","href":"https:\/\/api.w.org\/{rel}","templated":true}]}}