{"id":159100,"date":"2020-06-01T23:44:13","date_gmt":"2020-06-02T04:44:13","guid":{"rendered":"http:\/\/vertienteglobal.com\/?p=159100"},"modified":"2020-06-02T01:45:17","modified_gmt":"2020-06-02T06:45:17","slug":"ciclo-escolar-en-veracruz-termina-el-19-de-junio-informan-autoridades-educativas","status":"publish","type":"post","link":"http:\/\/vertienteglobal.com\/?p=159100","title":{"rendered":"Ciclo escolar en Veracruz termina el 19 de junio, informan autoridades educativas"},"content":{"rendered":"\n<div class=\"twitterbutton\" style=\"float: right; padding-left: 5px;\"><a href=\"http:\/\/twitter.com\/share\" class=\"twitter-share-button\" data-count=\"horizontal\" data-text=\"Ciclo escolar en Veracruz termina el 19 de junio, informan autoridades educativa...\" data-via=\"https:\/\/twitter.com\/VertienteGloba1\" data-url=\"http:\/\/vertienteglobal.com\/?p=159100\" data-lang=\"es\" data-related=\"Informaci\u00f3n general:S\u00edguenos para que est\u00e9ss informado\"><\/a><\/div>\n<figure class=\"wp-block-gallery columns-1 is-cropped wp-block-gallery-1 is-layout-flex wp-block-gallery-is-layout-flex\"><ul class=\"blocks-gallery-grid\"><li class=\"blocks-gallery-item\"><figure><img loading=\"lazy\" decoding=\"async\" width=\"1024\" height=\"587\" src=\"http:\/\/vertienteglobal.com\/wp-content\/uploads\/2020\/06\/1104334.jpg\" alt=\"\" data-id=\"159101\" data-full-url=\"http:\/\/vertienteglobal.com\/wp-content\/uploads\/2020\/06\/1104334.jpg\" data-link=\"http:\/\/vertienteglobal.com\/?attachment_id=159101\" class=\"wp-image-159101\" srcset=\"http:\/\/vertienteglobal.com\/wp-content\/uploads\/2020\/06\/1104334.jpg 1024w, http:\/\/vertienteglobal.com\/wp-content\/uploads\/2020\/06\/1104334-300x172.jpg 300w, http:\/\/vertienteglobal.com\/wp-content\/uploads\/2020\/06\/1104334-150x86.jpg 150w, http:\/\/vertienteglobal.com\/wp-content\/uploads\/2020\/06\/1104334-768x440.jpg 768w\" sizes=\"auto, (max-width: 1024px) 100vw, 1024px\" \/><\/figure><\/li><\/ul><\/figure>\n\n\n\n<p>(Redaccion)<\/p>\n\n\n\n<p>El inicio del Ciclo 2020-2021 est\u00e1 previsto para el 31 de agosto<\/p>\n\n\n\n<p>Xalapa, Veracruz a 01 de junio de 2020.- La Subsecretaria de Educaci\u00f3n B\u00e1sica, Maritza Ram\u00edrez Aguilar, inform\u00f3 que el actual ciclo escolar en la entidad concluir\u00e1 el pr\u00f3ximo 19 de junio.<\/p>\n\n\n\n<p>En un mensaje junto al gobernador Cuitl\u00e1huac Garc\u00eda, Ram\u00edrez Aguilar indic\u00f3 que se realizar\u00e1 un Consejo T\u00e9cnico virtual el 08 de junio, con los temas de valoraci\u00f3n del ciclo y la descarga administrativa.<\/p>\n\n\n\n<p>Apunt\u00f3 que se garantiza la entrega de certificados, tambi\u00e9n a distancia; mientras que la estrategia \u201cAprende en Casa\u201d termina el 5 de junio y el presente ciclo escolar el d\u00eda 19.<\/p>\n\n\n\n<p>Durante el receso magisterial, del 20 de junio al 17 de julio, y como parte del \u201cVerano Divertido\u201d, continuar\u00e1 la transmisi\u00f3n de la segunda temporada de \u201cEl reto es\u201d, del programa Matem\u00e1ticas para Todos; \u201cProyecto E\u201d, de Espa\u00f1ol para Todos, y c\u00e1psulas de Ciencias para Todos y de Educaci\u00f3n Socioemocional.<\/p>\n\n\n\n<p>Abund\u00f3 que la capacitaci\u00f3n y el Consejo T\u00e9cnico docente ser\u00e1 del 20 al 31 de julio, a fin de preparar la estrategia para el Curso Remedial de Nivelaci\u00f3n, de acuerdo con las condiciones f\u00edsicas de cada escuela y tomando en cuenta el n\u00famero de alumnos, apegados a la sana distancia.<\/p>\n\n\n\n<p>Ram\u00edrez Aguilar explic\u00f3 que del 03 al 07 de agosto, y en coordinaci\u00f3n con los consejos de Participaci\u00f3n Escolar, directivos y docentes programar\u00e1n las inscripciones y la limpieza de los inmuebles.<\/p>\n\n\n\n<p>El regreso a preescolar, primaria y secundaria tiene como fecha referencial el lunes 10 de agosto, tomando en cuenta que los docentes atender\u00edan a los mismos alumnos del ciclo inmediato anterior, lo que les permitir\u00e1 hacer una evaluaci\u00f3n diagn\u00f3stica para detectar el nivel de aprovechamiento y los posibles rezagos.<\/p>\n\n\n\n<p>El proceso anterior durar\u00e1 tres semanas y la asistencia tendr\u00e1 que darse alternadamente, en tanto que el inicio del Ciclo 2020-2021 est\u00e1 previsto para el 31 de agosto.<\/p>\n","protected":false},"excerpt":{"rendered":"<p>(Redaccion) El inicio del Ciclo 2020-2021 est\u00e1 previsto para el 31 de agosto Xalapa, Veracruz a 01 de junio de 2020.- La Subsecretaria de Educaci\u00f3n B\u00e1sica, Maritza Ram\u00edrez Aguilar, inform\u00f3 que el actual ciclo escolar en la entidad concluir\u00e1 el pr\u00f3ximo 19 de junio. En un mensaje junto al gobernador Cuitl\u00e1huac Garc\u00eda, Ram\u00edrez Aguilar indic\u00f3 [&hellip;]<\/p>\n","protected":false},"author":1,"featured_media":159101,"comment_status":"open","ping_status":"open","sticky":false,"template":"","format":"standard","meta":{"footnotes":""},"categories":[9,7],"tags":[],"class_list":["post-159100","post","type-post","status-publish","format-standard","has-post-thumbnail","hentry","category-educacion","category-veracruz","entry","has-media"],"jetpack_featured_media_url":"http:\/\/vertienteglobal.com\/wp-content\/uploads\/2020\/06\/1104334.jpg","_links":{"self":[{"href":"http:\/\/vertienteglobal.com\/index.php?rest_route=\/wp\/v2\/posts\/159100","targetHints":{"allow":["GET"]}}],"collection":[{"href":"http:\/\/vertienteglobal.com\/index.php?rest_route=\/wp\/v2\/posts"}],"about":[{"href":"http:\/\/vertienteglobal.com\/index.php?rest_route=\/wp\/v2\/types\/post"}],"author":[{"embeddable":true,"href":"http:\/\/vertienteglobal.com\/index.php?rest_route=\/wp\/v2\/users\/1"}],"replies":[{"embeddable":true,"href":"http:\/\/vertienteglobal.com\/index.php?rest_route=%2Fwp%2Fv2%2Fcomments&post=159100"}],"version-history":[{"count":0,"href":"http:\/\/vertienteglobal.com\/index.php?rest_route=\/wp\/v2\/posts\/159100\/revisions"}],"wp:featuredmedia":[{"embeddable":true,"href":"http:\/\/vertienteglobal.com\/index.php?rest_route=\/wp\/v2\/media\/159101"}],"wp:attachment":[{"href":"http:\/\/vertienteglobal.com\/index.php?rest_route=%2Fwp%2Fv2%2Fmedia&parent=159100"}],"wp:term":[{"taxonomy":"category","embeddable":true,"href":"http:\/\/vertienteglobal.com\/index.php?rest_route=%2Fwp%2Fv2%2Fcategories&post=159100"},{"taxonomy":"post_tag","embeddable":true,"href":"http:\/\/vertienteglobal.com\/index.php?rest_route=%2Fwp%2Fv2%2Ftags&post=159100"}],"curies":[{"name":"wp","href":"https:\/\/api.w.org\/{rel}","templated":true}]}}