{"id":159074,"date":"2020-06-01T20:34:44","date_gmt":"2020-06-02T01:34:44","guid":{"rendered":"http:\/\/vertienteglobal.com\/?p=159074"},"modified":"2020-06-02T00:55:53","modified_gmt":"2020-06-02T05:55:53","slug":"precio-de-la-cerveza-se-regularizara-en-15-dias-profeco","status":"publish","type":"post","link":"http:\/\/vertienteglobal.com\/?p=159074","title":{"rendered":"Precio de la cerveza se regularizar\u00e1 en 15 d\u00edas: Profeco"},"content":{"rendered":"\n<div class=\"twitterbutton\" style=\"float: right; padding-left: 5px;\"><a href=\"http:\/\/twitter.com\/share\" class=\"twitter-share-button\" data-count=\"horizontal\" data-text=\"Precio de la cerveza se regularizar\u00e1 en 15 d\u00edas: Profeco\" data-via=\"https:\/\/twitter.com\/VertienteGloba1\" data-url=\"http:\/\/vertienteglobal.com\/?p=159074\" data-lang=\"es\" data-related=\"Informaci\u00f3n general:S\u00edguenos para que est\u00e9ss informado\"><\/a><\/div>\n<figure class=\"wp-block-gallery columns-1 is-cropped wp-block-gallery-1 is-layout-flex wp-block-gallery-is-layout-flex\"><ul class=\"blocks-gallery-grid\"><li class=\"blocks-gallery-item\"><figure><img loading=\"lazy\" decoding=\"async\" width=\"1024\" height=\"683\" src=\"http:\/\/vertienteglobal.com\/wp-content\/uploads\/2020\/06\/107387.jpg\" alt=\"\" data-id=\"159075\" data-full-url=\"http:\/\/vertienteglobal.com\/wp-content\/uploads\/2020\/06\/107387.jpg\" data-link=\"http:\/\/vertienteglobal.com\/?attachment_id=159075\" class=\"wp-image-159075\" srcset=\"http:\/\/vertienteglobal.com\/wp-content\/uploads\/2020\/06\/107387.jpg 1024w, http:\/\/vertienteglobal.com\/wp-content\/uploads\/2020\/06\/107387-300x200.jpg 300w, http:\/\/vertienteglobal.com\/wp-content\/uploads\/2020\/06\/107387-150x100.jpg 150w, http:\/\/vertienteglobal.com\/wp-content\/uploads\/2020\/06\/107387-768x512.jpg 768w\" sizes=\"auto, (max-width: 1024px) 100vw, 1024px\" \/><\/figure><\/li><\/ul><\/figure>\n\n\n\n<p>(Redacci\u00f3n)<\/p>\n\n\n\n<p>Inform\u00f3 que en M\u00e9xico hay producci\u00f3n suficiente de cebada, por lo que los costos no deben aumentar de rango en pr\u00f3ximas semanas<\/p>\n\n\n\n<p>Ciudad de M\u00e9xico a 01 de junio de 2020.- En al menos 15 d\u00edas podr\u00eda regularizarse el precio de la cerveza, debido a que en algunas zonas de M\u00e9xico comenz\u00f3 la distribuci\u00f3n de la bebida, inform\u00f3 la Procuradur\u00eda Federal del Consumidor (Profeco).<\/p>\n\n\n\n<p>El titular de la instancia, Ricardo Sheffield, indic\u00f3 que en las zonas tur\u00edsticas no increment\u00f3 el costo del producto, debido a que en estos lugares hab\u00eda insumos almacenados.<\/p>\n\n\n\n<p>Aclar\u00f3 que es fundamental que las plantas vuelvan a abrir la producci\u00f3n de cerveza, especialmente las que est\u00e1n en Monterrey, Nuevo Le\u00f3n.<\/p>\n\n\n\n<p>Inform\u00f3 que en M\u00e9xico hay producci\u00f3n suficiente de cebada, por lo que los costos no deben aumentar de rango en pr\u00f3ximas semanas. (Fuente: Milenio)<\/p>\n","protected":false},"excerpt":{"rendered":"<p>(Redacci\u00f3n) Inform\u00f3 que en M\u00e9xico hay producci\u00f3n suficiente de cebada, por lo que los costos no deben aumentar de rango en pr\u00f3ximas semanas Ciudad de M\u00e9xico a 01 de junio de 2020.- En al menos 15 d\u00edas podr\u00eda regularizarse el precio de la cerveza, debido a que en algunas zonas de M\u00e9xico comenz\u00f3 la distribuci\u00f3n [&hellip;]<\/p>\n","protected":false},"author":1,"featured_media":159075,"comment_status":"open","ping_status":"open","sticky":false,"template":"","format":"standard","meta":{"footnotes":""},"categories":[8],"tags":[],"class_list":["post-159074","post","type-post","status-publish","format-standard","has-post-thumbnail","hentry","category-pais","entry","has-media"],"jetpack_featured_media_url":"http:\/\/vertienteglobal.com\/wp-content\/uploads\/2020\/06\/107387.jpg","_links":{"self":[{"href":"http:\/\/vertienteglobal.com\/index.php?rest_route=\/wp\/v2\/posts\/159074","targetHints":{"allow":["GET"]}}],"collection":[{"href":"http:\/\/vertienteglobal.com\/index.php?rest_route=\/wp\/v2\/posts"}],"about":[{"href":"http:\/\/vertienteglobal.com\/index.php?rest_route=\/wp\/v2\/types\/post"}],"author":[{"embeddable":true,"href":"http:\/\/vertienteglobal.com\/index.php?rest_route=\/wp\/v2\/users\/1"}],"replies":[{"embeddable":true,"href":"http:\/\/vertienteglobal.com\/index.php?rest_route=%2Fwp%2Fv2%2Fcomments&post=159074"}],"version-history":[{"count":0,"href":"http:\/\/vertienteglobal.com\/index.php?rest_route=\/wp\/v2\/posts\/159074\/revisions"}],"wp:featuredmedia":[{"embeddable":true,"href":"http:\/\/vertienteglobal.com\/index.php?rest_route=\/wp\/v2\/media\/159075"}],"wp:attachment":[{"href":"http:\/\/vertienteglobal.com\/index.php?rest_route=%2Fwp%2Fv2%2Fmedia&parent=159074"}],"wp:term":[{"taxonomy":"category","embeddable":true,"href":"http:\/\/vertienteglobal.com\/index.php?rest_route=%2Fwp%2Fv2%2Fcategories&post=159074"},{"taxonomy":"post_tag","embeddable":true,"href":"http:\/\/vertienteglobal.com\/index.php?rest_route=%2Fwp%2Fv2%2Ftags&post=159074"}],"curies":[{"name":"wp","href":"https:\/\/api.w.org\/{rel}","templated":true}]}}