{"id":159045,"date":"2020-06-01T13:34:00","date_gmt":"2020-06-01T18:34:00","guid":{"rendered":"http:\/\/vertienteglobal.com\/?p=159045"},"modified":"2020-06-01T13:49:56","modified_gmt":"2020-06-01T18:49:56","slug":"asciende-y-condecora-el-presidente-a-personal-naval-que-combate-covid19","status":"publish","type":"post","link":"http:\/\/vertienteglobal.com\/?p=159045","title":{"rendered":"Asciende y condecora el Presidente a personal naval que combate COVID19"},"content":{"rendered":"\n<div class=\"twitterbutton\" style=\"float: right; padding-left: 5px;\"><a href=\"http:\/\/twitter.com\/share\" class=\"twitter-share-button\" data-count=\"horizontal\" data-text=\"Asciende y condecora el Presidente a personal naval que combate COVID19\" data-via=\"https:\/\/twitter.com\/VertienteGloba1\" data-url=\"http:\/\/vertienteglobal.com\/?p=159045\" data-lang=\"es\" data-related=\"Informaci\u00f3n general:S\u00edguenos para que est\u00e9ss informado\"><\/a><\/div>\n<figure class=\"wp-block-gallery columns-1 is-cropped wp-block-gallery-1 is-layout-flex wp-block-gallery-is-layout-flex\"><ul class=\"blocks-gallery-grid\"><li class=\"blocks-gallery-item\"><figure><img loading=\"lazy\" decoding=\"async\" width=\"1024\" height=\"682\" src=\"http:\/\/vertienteglobal.com\/wp-content\/uploads\/2020\/06\/IMG_20200601_134817-1024x682.jpg\" alt=\"\" data-id=\"159046\" data-full-url=\"http:\/\/vertienteglobal.com\/wp-content\/uploads\/2020\/06\/IMG_20200601_134817.jpg\" data-link=\"http:\/\/vertienteglobal.com\/?attachment_id=159046\" class=\"wp-image-159046\" srcset=\"http:\/\/vertienteglobal.com\/wp-content\/uploads\/2020\/06\/IMG_20200601_134817-1024x682.jpg 1024w, http:\/\/vertienteglobal.com\/wp-content\/uploads\/2020\/06\/IMG_20200601_134817-300x200.jpg 300w, http:\/\/vertienteglobal.com\/wp-content\/uploads\/2020\/06\/IMG_20200601_134817-150x100.jpg 150w, http:\/\/vertienteglobal.com\/wp-content\/uploads\/2020\/06\/IMG_20200601_134817-768x511.jpg 768w, http:\/\/vertienteglobal.com\/wp-content\/uploads\/2020\/06\/IMG_20200601_134817.jpg 1280w\" sizes=\"auto, (max-width: 1024px) 100vw, 1024px\" \/><\/figure><\/li><\/ul><\/figure>\n\n\n\n<p>(Redacci\u00f3n)<\/p>\n\n\n\n<p>El reconocimiento fue dado a 10 elementos de la Marina Armada de M\u00e9xico por su trabajo y entrega al pa\u00eds en momentos de crisis por la generada por la emergencia sanitaria por el coronavirus<\/p>\n\n\n\n<p>Isla Mujeres, Quintana Roo a 01 de junio de 2020.- El presidente Andr\u00e9s Manuel L\u00f3pez Obrador conmemor\u00f3 el D\u00eda de la Marina con la entrega de asensos y condecoraciones al personal m\u00e9dico naval que ha participado en la contenci\u00f3n del COVID-19.<\/p>\n\n\n\n<p>Y es que el reconocimiento fue dado a 10 elementos de la Marina Armada de M\u00e9xico por su trabajo y entrega al pa\u00eds en momentos de crisis por la generada por la emergencia sanitaria por el coronavirus.<\/p>\n\n\n\n<p>Cuidando el m\u00e1ximo aforo permitido en instalaciones p\u00fablicas, el mandatario federal estuvo acompa\u00f1ado de los altos mandos del Ej\u00e9rcito y la Marina, Luis Crescencio Sandoval y Jos\u00e9 Rafael Ojeda Dur\u00e1n, respectivamente.<\/p>\n\n\n\n<p>De igual forma lo acompa\u00f1aron el secretario de Comunicaciones y Transportes, Javier Jim\u00e9nez Espri\u00fa y el gobernador de Quintana Roo, Carlos Joaqu\u00edn Gonz\u00e1lez.<\/p>\n\n\n\n<p>El presidente L\u00f3pez Obrador no dirigi\u00f3 ning\u00fan mensaje a los galardonados. No obstante, una cadete naval dirigi\u00f3 un mensaje de agradecimiento en el que manifest\u00f3 su compromiso por ayudar a salvaguardar la integridad de la poblaci\u00f3n mexicana ante el coronavirus.<\/p>\n\n\n\n<p>Cabe destacar que el evento dur\u00f3 poco m\u00e1s de 15 minutos. M\u00e1s tarde, el mandatario federal encabezar\u00e1 en Holbox la inauguraci\u00f3n del primer tramo de las obras del Tren Maya en los l\u00edmites de Quintana Roo y Yucat\u00e1n.<\/p>\n\n\n\n<figure class=\"wp-block-gallery columns-1 is-cropped wp-block-gallery-2 is-layout-flex wp-block-gallery-is-layout-flex\"><ul class=\"blocks-gallery-grid\"><li class=\"blocks-gallery-item\"><figure><img loading=\"lazy\" decoding=\"async\" width=\"1024\" height=\"683\" src=\"http:\/\/vertienteglobal.com\/wp-content\/uploads\/2020\/06\/IMG_20200601_134734-1024x683.jpg\" alt=\"\" data-id=\"159047\" data-full-url=\"http:\/\/vertienteglobal.com\/wp-content\/uploads\/2020\/06\/IMG_20200601_134734.jpg\" data-link=\"http:\/\/vertienteglobal.com\/?attachment_id=159047\" class=\"wp-image-159047\" srcset=\"http:\/\/vertienteglobal.com\/wp-content\/uploads\/2020\/06\/IMG_20200601_134734-1024x683.jpg 1024w, http:\/\/vertienteglobal.com\/wp-content\/uploads\/2020\/06\/IMG_20200601_134734-300x200.jpg 300w, http:\/\/vertienteglobal.com\/wp-content\/uploads\/2020\/06\/IMG_20200601_134734-150x100.jpg 150w, http:\/\/vertienteglobal.com\/wp-content\/uploads\/2020\/06\/IMG_20200601_134734-768x512.jpg 768w, http:\/\/vertienteglobal.com\/wp-content\/uploads\/2020\/06\/IMG_20200601_134734.jpg 1224w\" sizes=\"auto, (max-width: 1024px) 100vw, 1024px\" \/><\/figure><\/li><\/ul><\/figure>\n\n\n\n<figure class=\"wp-block-gallery columns-1 is-cropped wp-block-gallery-3 is-layout-flex wp-block-gallery-is-layout-flex\"><ul class=\"blocks-gallery-grid\"><li class=\"blocks-gallery-item\"><figure><img loading=\"lazy\" decoding=\"async\" width=\"1024\" height=\"745\" src=\"http:\/\/vertienteglobal.com\/wp-content\/uploads\/2020\/06\/IMG_20200601_134741-1024x745.jpg\" alt=\"\" data-id=\"159048\" data-full-url=\"http:\/\/vertienteglobal.com\/wp-content\/uploads\/2020\/06\/IMG_20200601_134741.jpg\" data-link=\"http:\/\/vertienteglobal.com\/?attachment_id=159048\" class=\"wp-image-159048\" srcset=\"http:\/\/vertienteglobal.com\/wp-content\/uploads\/2020\/06\/IMG_20200601_134741-1024x745.jpg 1024w, http:\/\/vertienteglobal.com\/wp-content\/uploads\/2020\/06\/IMG_20200601_134741-300x218.jpg 300w, http:\/\/vertienteglobal.com\/wp-content\/uploads\/2020\/06\/IMG_20200601_134741-150x109.jpg 150w, http:\/\/vertienteglobal.com\/wp-content\/uploads\/2020\/06\/IMG_20200601_134741-768x559.jpg 768w, http:\/\/vertienteglobal.com\/wp-content\/uploads\/2020\/06\/IMG_20200601_134741.jpg 1110w\" sizes=\"auto, (max-width: 1024px) 100vw, 1024px\" \/><\/figure><\/li><\/ul><\/figure>\n\n\n\n<figure class=\"wp-block-gallery columns-1 is-cropped wp-block-gallery-4 is-layout-flex wp-block-gallery-is-layout-flex\"><ul class=\"blocks-gallery-grid\"><li class=\"blocks-gallery-item\"><figure><img loading=\"lazy\" decoding=\"async\" width=\"1024\" height=\"710\" src=\"http:\/\/vertienteglobal.com\/wp-content\/uploads\/2020\/06\/IMG_20200601_134822-1024x710.jpg\" alt=\"\" data-id=\"159049\" data-full-url=\"http:\/\/vertienteglobal.com\/wp-content\/uploads\/2020\/06\/IMG_20200601_134822.jpg\" data-link=\"http:\/\/vertienteglobal.com\/?attachment_id=159049\" class=\"wp-image-159049\" srcset=\"http:\/\/vertienteglobal.com\/wp-content\/uploads\/2020\/06\/IMG_20200601_134822-1024x710.jpg 1024w, http:\/\/vertienteglobal.com\/wp-content\/uploads\/2020\/06\/IMG_20200601_134822-300x208.jpg 300w, http:\/\/vertienteglobal.com\/wp-content\/uploads\/2020\/06\/IMG_20200601_134822-150x104.jpg 150w, http:\/\/vertienteglobal.com\/wp-content\/uploads\/2020\/06\/IMG_20200601_134822-768x533.jpg 768w, http:\/\/vertienteglobal.com\/wp-content\/uploads\/2020\/06\/IMG_20200601_134822.jpg 1280w\" sizes=\"auto, (max-width: 1024px) 100vw, 1024px\" \/><\/figure><\/li><\/ul><\/figure>\n","protected":false},"excerpt":{"rendered":"<p>(Redacci\u00f3n) El reconocimiento fue dado a 10 elementos de la Marina Armada de M\u00e9xico por su trabajo y entrega al pa\u00eds en momentos de crisis por la generada por la emergencia sanitaria por el coronavirus Isla Mujeres, Quintana Roo a 01 de junio de 2020.- El presidente Andr\u00e9s Manuel L\u00f3pez Obrador conmemor\u00f3 el D\u00eda de [&hellip;]<\/p>\n","protected":false},"author":1,"featured_media":159046,"comment_status":"open","ping_status":"open","sticky":false,"template":"","format":"standard","meta":{"footnotes":""},"categories":[3],"tags":[],"class_list":["post-159045","post","type-post","status-publish","format-standard","has-post-thumbnail","hentry","category-quintana-roo","entry","has-media"],"jetpack_featured_media_url":"http:\/\/vertienteglobal.com\/wp-content\/uploads\/2020\/06\/IMG_20200601_134817.jpg","_links":{"self":[{"href":"http:\/\/vertienteglobal.com\/index.php?rest_route=\/wp\/v2\/posts\/159045","targetHints":{"allow":["GET"]}}],"collection":[{"href":"http:\/\/vertienteglobal.com\/index.php?rest_route=\/wp\/v2\/posts"}],"about":[{"href":"http:\/\/vertienteglobal.com\/index.php?rest_route=\/wp\/v2\/types\/post"}],"author":[{"embeddable":true,"href":"http:\/\/vertienteglobal.com\/index.php?rest_route=\/wp\/v2\/users\/1"}],"replies":[{"embeddable":true,"href":"http:\/\/vertienteglobal.com\/index.php?rest_route=%2Fwp%2Fv2%2Fcomments&post=159045"}],"version-history":[{"count":0,"href":"http:\/\/vertienteglobal.com\/index.php?rest_route=\/wp\/v2\/posts\/159045\/revisions"}],"wp:featuredmedia":[{"embeddable":true,"href":"http:\/\/vertienteglobal.com\/index.php?rest_route=\/wp\/v2\/media\/159046"}],"wp:attachment":[{"href":"http:\/\/vertienteglobal.com\/index.php?rest_route=%2Fwp%2Fv2%2Fmedia&parent=159045"}],"wp:term":[{"taxonomy":"category","embeddable":true,"href":"http:\/\/vertienteglobal.com\/index.php?rest_route=%2Fwp%2Fv2%2Fcategories&post=159045"},{"taxonomy":"post_tag","embeddable":true,"href":"http:\/\/vertienteglobal.com\/index.php?rest_route=%2Fwp%2Fv2%2Ftags&post=159045"}],"curies":[{"name":"wp","href":"https:\/\/api.w.org\/{rel}","templated":true}]}}