{"id":159016,"date":"2020-06-01T07:48:00","date_gmt":"2020-06-01T12:48:00","guid":{"rendered":"http:\/\/vertienteglobal.com\/?p=159016"},"modified":"2020-06-01T11:32:45","modified_gmt":"2020-06-01T16:32:45","slug":"hoy-inicia-oficialmente-la-temporada-de-ciclones-tropicales-en-el-atlantico","status":"publish","type":"post","link":"http:\/\/vertienteglobal.com\/?p=159016","title":{"rendered":"Hoy inicia oficialmente la temporada de Ciclones Tropicales en el Atl\u00e1ntico"},"content":{"rendered":"\n<div class=\"twitterbutton\" style=\"float: right; padding-left: 5px;\"><a href=\"http:\/\/twitter.com\/share\" class=\"twitter-share-button\" data-count=\"horizontal\" data-text=\"Hoy inicia oficialmente la temporada de Ciclones Tropicales en el Atl\u00e1ntico\" data-via=\"https:\/\/twitter.com\/VertienteGloba1\" data-url=\"http:\/\/vertienteglobal.com\/?p=159016\" data-lang=\"es\" data-related=\"Informaci\u00f3n general:S\u00edguenos para que est\u00e9ss informado\"><\/a><\/div>\n<figure class=\"wp-block-gallery columns-1 is-cropped wp-block-gallery-1 is-layout-flex wp-block-gallery-is-layout-flex\"><ul class=\"blocks-gallery-grid\"><li class=\"blocks-gallery-item\"><figure><img loading=\"lazy\" decoding=\"async\" width=\"1024\" height=\"683\" src=\"http:\/\/vertienteglobal.com\/wp-content\/uploads\/2020\/06\/1104147.jpg\" alt=\"\" data-id=\"159017\" data-full-url=\"http:\/\/vertienteglobal.com\/wp-content\/uploads\/2020\/06\/1104147.jpg\" data-link=\"http:\/\/vertienteglobal.com\/?attachment_id=159017\" class=\"wp-image-159017\" srcset=\"http:\/\/vertienteglobal.com\/wp-content\/uploads\/2020\/06\/1104147.jpg 1024w, http:\/\/vertienteglobal.com\/wp-content\/uploads\/2020\/06\/1104147-300x200.jpg 300w, http:\/\/vertienteglobal.com\/wp-content\/uploads\/2020\/06\/1104147-150x100.jpg 150w, http:\/\/vertienteglobal.com\/wp-content\/uploads\/2020\/06\/1104147-768x512.jpg 768w\" sizes=\"auto, (max-width: 1024px) 100vw, 1024px\" \/><\/figure><\/li><\/ul><\/figure>\n\n\n\n<p>(Redacci\u00f3n)<\/p>\n\n\n\n<p>El desarrollo de 15 a 19 eventos, de cuales ya se formaron Arthur y Bertha<\/p>\n\n\n\n<p>Ciudad de M\u00e9xico a 01 de junio de 2020.- Hoy inicia oficialmente la temporada de Ciclones Tropicales en la cuenca del Atl\u00e1ntico, informa la Secretar\u00eda de Protecci\u00f3n Civil de Veracruz, a trav\u00e9s de su \u00e1rea de Meteorolog\u00eda.<\/p>\n\n\n\n<p>Y es que a trav\u00e9s de redes sociales destaca que de acuerdo con el pron\u00f3stico oficial de la Comisi\u00f3n Nacional del Agua (Conagua) es de una temporada m\u00e1s activa de lo normal con el desarrollo de 15 a 19 eventos, de cuales ya se formaron Arthur y Bertha.<\/p>\n","protected":false},"excerpt":{"rendered":"<p>(Redacci\u00f3n) El desarrollo de 15 a 19 eventos, de cuales ya se formaron Arthur y Bertha Ciudad de M\u00e9xico a 01 de junio de 2020.- Hoy inicia oficialmente la temporada de Ciclones Tropicales en la cuenca del Atl\u00e1ntico, informa la Secretar\u00eda de Protecci\u00f3n Civil de Veracruz, a trav\u00e9s de su \u00e1rea de Meteorolog\u00eda. Y es [&hellip;]<\/p>\n","protected":false},"author":1,"featured_media":159017,"comment_status":"open","ping_status":"open","sticky":false,"template":"","format":"standard","meta":{"footnotes":""},"categories":[8],"tags":[],"class_list":["post-159016","post","type-post","status-publish","format-standard","has-post-thumbnail","hentry","category-pais","entry","has-media"],"jetpack_featured_media_url":"http:\/\/vertienteglobal.com\/wp-content\/uploads\/2020\/06\/1104147.jpg","_links":{"self":[{"href":"http:\/\/vertienteglobal.com\/index.php?rest_route=\/wp\/v2\/posts\/159016","targetHints":{"allow":["GET"]}}],"collection":[{"href":"http:\/\/vertienteglobal.com\/index.php?rest_route=\/wp\/v2\/posts"}],"about":[{"href":"http:\/\/vertienteglobal.com\/index.php?rest_route=\/wp\/v2\/types\/post"}],"author":[{"embeddable":true,"href":"http:\/\/vertienteglobal.com\/index.php?rest_route=\/wp\/v2\/users\/1"}],"replies":[{"embeddable":true,"href":"http:\/\/vertienteglobal.com\/index.php?rest_route=%2Fwp%2Fv2%2Fcomments&post=159016"}],"version-history":[{"count":0,"href":"http:\/\/vertienteglobal.com\/index.php?rest_route=\/wp\/v2\/posts\/159016\/revisions"}],"wp:featuredmedia":[{"embeddable":true,"href":"http:\/\/vertienteglobal.com\/index.php?rest_route=\/wp\/v2\/media\/159017"}],"wp:attachment":[{"href":"http:\/\/vertienteglobal.com\/index.php?rest_route=%2Fwp%2Fv2%2Fmedia&parent=159016"}],"wp:term":[{"taxonomy":"category","embeddable":true,"href":"http:\/\/vertienteglobal.com\/index.php?rest_route=%2Fwp%2Fv2%2Fcategories&post=159016"},{"taxonomy":"post_tag","embeddable":true,"href":"http:\/\/vertienteglobal.com\/index.php?rest_route=%2Fwp%2Fv2%2Ftags&post=159016"}],"curies":[{"name":"wp","href":"https:\/\/api.w.org\/{rel}","templated":true}]}}