{"id":159010,"date":"2020-06-01T07:24:00","date_gmt":"2020-06-01T12:24:00","guid":{"rendered":"http:\/\/vertienteglobal.com\/?p=159010"},"modified":"2020-06-01T11:29:29","modified_gmt":"2020-06-01T16:29:29","slug":"dia-de-la-marina-nacional-en-mexico","status":"publish","type":"post","link":"http:\/\/vertienteglobal.com\/?p=159010","title":{"rendered":"D\u00eda de la Marina Nacional en M\u00e9xico"},"content":{"rendered":"\n<div class=\"twitterbutton\" style=\"float: right; padding-left: 5px;\"><a href=\"http:\/\/twitter.com\/share\" class=\"twitter-share-button\" data-count=\"horizontal\" data-text=\"D\u00eda de la Marina Nacional en M\u00e9xico\" data-via=\"https:\/\/twitter.com\/VertienteGloba1\" data-url=\"http:\/\/vertienteglobal.com\/?p=159010\" data-lang=\"es\" data-related=\"Informaci\u00f3n general:S\u00edguenos para que est\u00e9ss informado\"><\/a><\/div>\n<figure class=\"wp-block-gallery columns-1 is-cropped wp-block-gallery-1 is-layout-flex wp-block-gallery-is-layout-flex\"><ul class=\"blocks-gallery-grid\"><li class=\"blocks-gallery-item\"><figure><img loading=\"lazy\" decoding=\"async\" width=\"1024\" height=\"682\" src=\"http:\/\/vertienteglobal.com\/wp-content\/uploads\/2020\/06\/IMG_20200601_112257-1024x682.jpg\" alt=\"\" data-id=\"159011\" data-full-url=\"http:\/\/vertienteglobal.com\/wp-content\/uploads\/2020\/06\/IMG_20200601_112257.jpg\" data-link=\"http:\/\/vertienteglobal.com\/?attachment_id=159011\" class=\"wp-image-159011\" srcset=\"http:\/\/vertienteglobal.com\/wp-content\/uploads\/2020\/06\/IMG_20200601_112257-1024x682.jpg 1024w, http:\/\/vertienteglobal.com\/wp-content\/uploads\/2020\/06\/IMG_20200601_112257-300x200.jpg 300w, http:\/\/vertienteglobal.com\/wp-content\/uploads\/2020\/06\/IMG_20200601_112257-150x100.jpg 150w, http:\/\/vertienteglobal.com\/wp-content\/uploads\/2020\/06\/IMG_20200601_112257-768x512.jpg 768w, http:\/\/vertienteglobal.com\/wp-content\/uploads\/2020\/06\/IMG_20200601_112257.jpg 1280w\" sizes=\"auto, (max-width: 1024px) 100vw, 1024px\" \/><\/figure><\/li><\/ul><\/figure>\n\n\n\n<p>(Redacci\u00f3n)<\/p>\n\n\n\n<p>Hoy se conmemora el 103 aniversario del D\u00eda de la Marina, fecha en la que se reconoce la labor de mujeres y hombres en la mar<\/p>\n\n\n\n<p>La Marina cumple fielmente y con gallard\u00eda su acci\u00f3n cotidiana en los mares y costas de M\u00e9xico; sus acciones previenen la integridad de nuestro territorio y aseguran la vigencia del estado de derecho<\/p>\n\n\n\n<p>Ciudad de M\u00e9xico a 01 de junio de 2020.- El 1\u00ba. de Junio se celebra en M\u00e9xico el D\u00eda de la Marina, este d\u00eda fue determinado por el hecho de que en 1917 zarp\u00f3 del puerto de Veracruz, por primera vez un buque mercante mexicano, el vapor \u201cTabasco\u201d, con el total de la tripulaci\u00f3n compuesta exclusivamente por mexicanos de nacimiento y teniendo como capit\u00e1n al a Don Rafael Izaguirre Casta\u00f1ares.<\/p>\n\n\n\n<p>Y es que el 1\u00ba. de Junio se celebra en M\u00e9xico el D\u00eda de la Marina, este d\u00eda fue determinado por el hecho de que en 1917 zarp\u00f3 del puerto de Veracruz.<\/p>\n\n\n\n<p>La primera ocasi\u00f3n en que se celebr\u00f3 el D\u00eda de la Marina fue el 1\u00b0 de junio de 1942, que sirvi\u00f3 adem\u00e1s, para homenajear a las tripulaciones de los buques tanques mexicanos \u201cPotrero del Llano\u201d y \u201cFaja de Oro\u201d que fueron torpedeados y hundidos por submarinos alemanes los d\u00edas 13 y 20 de mayo de ese mismo a\u00f1o durante el desarrollo de la segunda guerra mundial, acciones donde dejaron la vida muchos marinos mexicanos.<\/p>\n\n\n\n<p>Ya desde el inicio de la vida independiente de M\u00e9xico, se realizaron decretos que beneficiaban de alguna manera a la navegaci\u00f3n militar y mercante.<\/p>\n\n\n\n<p>Durante el siglo XIX se fortaleci\u00f3 la Marina Nacional como elemento central de defensa nacional y promotor del comercio exterior.<\/p>\n\n\n\n<p>Como reconocimiento a su hist\u00f3rica labor, el 11 de abril de 1942, el Presidente de la Rep\u00fablica, General Manuel \u00c1vila Camacho, decret\u00f3 que se festejara el 1o. de junio de cada a\u00f1o como d\u00eda de la Marina Nacional.<\/p>\n\n\n\n<p>La Marina cumple fielmente y con gallard\u00eda su acci\u00f3n cotidiana en los mares y costas de M\u00e9xico; sus acciones previenen la integridad de nuestro territorio y aseguran la vigencia del estado de derecho.<\/p>\n\n\n\n<p>Como instituci\u00f3n nacional de car\u00e1cter permanente, su misi\u00f3n es emplear el poder naval de la Federaci\u00f3n para la seguridad interior y la defensa exterior del pa\u00eds.<\/p>\n","protected":false},"excerpt":{"rendered":"<p>(Redacci\u00f3n) Hoy se conmemora el 103 aniversario del D\u00eda de la Marina, fecha en la que se reconoce la labor de mujeres y hombres en la mar La Marina cumple fielmente y con gallard\u00eda su acci\u00f3n cotidiana en los mares y costas de M\u00e9xico; sus acciones previenen la integridad de nuestro territorio y aseguran la [&hellip;]<\/p>\n","protected":false},"author":1,"featured_media":159011,"comment_status":"open","ping_status":"open","sticky":false,"template":"","format":"standard","meta":{"footnotes":""},"categories":[8],"tags":[],"class_list":["post-159010","post","type-post","status-publish","format-standard","has-post-thumbnail","hentry","category-pais","entry","has-media"],"jetpack_featured_media_url":"http:\/\/vertienteglobal.com\/wp-content\/uploads\/2020\/06\/IMG_20200601_112257.jpg","_links":{"self":[{"href":"http:\/\/vertienteglobal.com\/index.php?rest_route=\/wp\/v2\/posts\/159010","targetHints":{"allow":["GET"]}}],"collection":[{"href":"http:\/\/vertienteglobal.com\/index.php?rest_route=\/wp\/v2\/posts"}],"about":[{"href":"http:\/\/vertienteglobal.com\/index.php?rest_route=\/wp\/v2\/types\/post"}],"author":[{"embeddable":true,"href":"http:\/\/vertienteglobal.com\/index.php?rest_route=\/wp\/v2\/users\/1"}],"replies":[{"embeddable":true,"href":"http:\/\/vertienteglobal.com\/index.php?rest_route=%2Fwp%2Fv2%2Fcomments&post=159010"}],"version-history":[{"count":0,"href":"http:\/\/vertienteglobal.com\/index.php?rest_route=\/wp\/v2\/posts\/159010\/revisions"}],"wp:featuredmedia":[{"embeddable":true,"href":"http:\/\/vertienteglobal.com\/index.php?rest_route=\/wp\/v2\/media\/159011"}],"wp:attachment":[{"href":"http:\/\/vertienteglobal.com\/index.php?rest_route=%2Fwp%2Fv2%2Fmedia&parent=159010"}],"wp:term":[{"taxonomy":"category","embeddable":true,"href":"http:\/\/vertienteglobal.com\/index.php?rest_route=%2Fwp%2Fv2%2Fcategories&post=159010"},{"taxonomy":"post_tag","embeddable":true,"href":"http:\/\/vertienteglobal.com\/index.php?rest_route=%2Fwp%2Fv2%2Ftags&post=159010"}],"curies":[{"name":"wp","href":"https:\/\/api.w.org\/{rel}","templated":true}]}}