{"id":158894,"date":"2020-05-31T11:48:00","date_gmt":"2020-05-31T16:48:00","guid":{"rendered":"http:\/\/vertienteglobal.com\/?p=158894"},"modified":"2020-05-31T12:16:20","modified_gmt":"2020-05-31T17:16:20","slug":"oceanos-pueden-ser-parte-de-la-solucion-tras-covid19-friends-of-ocean-action-y-el-foro-economico-mundial","status":"publish","type":"post","link":"http:\/\/vertienteglobal.com\/?p=158894","title":{"rendered":"Oc\u00e9anos pueden ser parte de la soluci\u00f3n tras COVID19: Friends of Ocean Action y el Foro Econ\u00f3mico Mundial"},"content":{"rendered":"\n<div class=\"twitterbutton\" style=\"float: right; padding-left: 5px;\"><a href=\"http:\/\/twitter.com\/share\" class=\"twitter-share-button\" data-count=\"horizontal\" data-text=\"Oc\u00e9anos pueden ser parte de la soluci\u00f3n tras COVID19: Friends of Ocean Action ...\" data-via=\"https:\/\/twitter.com\/VertienteGloba1\" data-url=\"http:\/\/vertienteglobal.com\/?p=158894\" data-lang=\"es\" data-related=\"Informaci\u00f3n general:S\u00edguenos para que est\u00e9ss informado\"><\/a><\/div>\n<figure class=\"wp-block-gallery columns-1 is-cropped wp-block-gallery-1 is-layout-flex wp-block-gallery-is-layout-flex\"><ul class=\"blocks-gallery-grid\"><li class=\"blocks-gallery-item\"><figure><img loading=\"lazy\" decoding=\"async\" width=\"1024\" height=\"653\" src=\"http:\/\/vertienteglobal.com\/wp-content\/uploads\/2020\/05\/1104028.jpg\" alt=\"\" data-id=\"158895\" data-full-url=\"http:\/\/vertienteglobal.com\/wp-content\/uploads\/2020\/05\/1104028.jpg\" data-link=\"http:\/\/vertienteglobal.com\/?attachment_id=158895\" class=\"wp-image-158895\" srcset=\"http:\/\/vertienteglobal.com\/wp-content\/uploads\/2020\/05\/1104028.jpg 1024w, http:\/\/vertienteglobal.com\/wp-content\/uploads\/2020\/05\/1104028-300x191.jpg 300w, http:\/\/vertienteglobal.com\/wp-content\/uploads\/2020\/05\/1104028-150x96.jpg 150w, http:\/\/vertienteglobal.com\/wp-content\/uploads\/2020\/05\/1104028-768x490.jpg 768w\" sizes=\"auto, (max-width: 1024px) 100vw, 1024px\" \/><\/figure><\/li><\/ul><\/figure>\n\n\n\n<p>(Redacci\u00f3n)<\/p>\n\n\n\n<p>Con el fin de acelerar las innovaciones necesarias para un oc\u00e9ano saludable, Friends of Ocean Action y el Foro Econ\u00f3mico Mundial, convocaron a los primeros \u201cDi\u00e1logos Oce\u00e1nicos Virtuales\u201d que reunir\u00e1 a Jefes de Estado y de Gobierno, l\u00edderes de empresas, miembros de la sociedad civil y comunidades cient\u00edficas<\/p>\n\n\n\n<p>Ciudad de M\u00e9xico a 31 de mayo de 2020.- A medida que los pa\u00edses comienzan a gestionar el impacto econ\u00f3mico y social del coronavirus (COVID-19), el oc\u00e9ano puede ser parte de la soluci\u00f3n, se\u00f1alaron los organizadores de un encuentro virtual que tendr\u00e1 lugar del 1 al 5 de junio.<\/p>\n\n\n\n<p>Con el fin de acelerar las innovaciones necesarias para un oc\u00e9ano saludable, Friends of Ocean Action y el Foro Econ\u00f3mico Mundial, convocaron a los primeros \u201cDi\u00e1logos Oce\u00e1nicos Virtuales\u201d que reunir\u00e1 a Jefes de Estado y de Gobierno, l\u00edderes de empresas, miembros de la sociedad civil y comunidades cient\u00edficas.<\/p>\n\n\n\n<p>\u201cNecesitamos un enfoque integral para lograr la acci\u00f3n para un oc\u00e9ano saludable, y con este encuentro estamos creando la oportunidad de involucrar a m\u00e1s personas que nunca antes\u201d, afirm\u00f3 Kristian Teleki , director de Friends of Ocean Action.<\/p>\n\n\n\n<p>\u201cNo importa d\u00f3nde viva y trabaje en el mundo, puede participar en estos Di\u00e1logos; todo lo que necesita es un inter\u00e9s en el futuro de dos tercios de nuestro planeta\u00bb, apunt\u00f3.<\/p>\n\n\n\n<p>Durante los cinco d\u00edas se busca impulsar la protecci\u00f3n de los oc\u00e9anos, abordar la contaminaci\u00f3n marina, financiar una econom\u00eda azul sostenible.<\/p>\n\n\n\n<p>\u201cLa comunidad global necesita ideas y liderazgo para mantener la acci\u00f3n por un oc\u00e9ano saludable. Estoy encantado de apoyar los Di\u00e1logos Virtuales del Oc\u00e9ano e invitar a cualquier persona preocupada por el oc\u00e9ano a participar en estas discusiones cr\u00edticas\u201d, se\u00f1al\u00f3 Isabella L\u00f6vin, ministra de Medio Ambiente y Clima de Suecia, y copresidenta de Friends of Ocean Action.<\/p>\n\n\n\n<p>\u201cTodas nuestras vidas dependen de un oc\u00e9ano pr\u00f3spero y de soluciones de seguimiento r\u00e1pido para reconstruir una comunidad global resistente. La salud de nuestro oc\u00e9ano sustenta el ox\u00edgeno que respiramos, proporciona seguridad alimentaria y laboral a miles de millones y es nuestro mayor aliado para enfrentar el cambio clim\u00e1tico\u201d, enfatiz\u00f3.<\/p>\n\n\n\n<p>El encuentro se realiza luego de que la Conferencia de las Naciones Unidas (ONU) sobre el Oc\u00e9ano fue pospuesta debido al aislamiento social provocado por COVID-19; la cita estaba prevista para realizarse del 2 al 6 de junio en Lisboa, Portugal.<\/p>\n\n\n\n<p>Friends of Ocean Action es una coalici\u00f3n de 58 l\u00edderes oce\u00e1nicos que son soluciones r\u00e1pidas para los desaf\u00edos m\u00e1s apremiantes que enfrenta el oc\u00e9ano. Sus miembros provienen de empresas, sociedad civil, organizaciones internacionales, ciencia y tecnolog\u00eda. (Fuente y foto: Notimex)<\/p>\n","protected":false},"excerpt":{"rendered":"<p>(Redacci\u00f3n) Con el fin de acelerar las innovaciones necesarias para un oc\u00e9ano saludable, Friends of Ocean Action y el Foro Econ\u00f3mico Mundial, convocaron a los primeros \u201cDi\u00e1logos Oce\u00e1nicos Virtuales\u201d que reunir\u00e1 a Jefes de Estado y de Gobierno, l\u00edderes de empresas, miembros de la sociedad civil y comunidades cient\u00edficas Ciudad de M\u00e9xico a 31 de [&hellip;]<\/p>\n","protected":false},"author":1,"featured_media":158895,"comment_status":"open","ping_status":"open","sticky":false,"template":"","format":"standard","meta":{"footnotes":""},"categories":[8],"tags":[],"class_list":["post-158894","post","type-post","status-publish","format-standard","has-post-thumbnail","hentry","category-pais","entry","has-media"],"jetpack_featured_media_url":"http:\/\/vertienteglobal.com\/wp-content\/uploads\/2020\/05\/1104028.jpg","_links":{"self":[{"href":"http:\/\/vertienteglobal.com\/index.php?rest_route=\/wp\/v2\/posts\/158894","targetHints":{"allow":["GET"]}}],"collection":[{"href":"http:\/\/vertienteglobal.com\/index.php?rest_route=\/wp\/v2\/posts"}],"about":[{"href":"http:\/\/vertienteglobal.com\/index.php?rest_route=\/wp\/v2\/types\/post"}],"author":[{"embeddable":true,"href":"http:\/\/vertienteglobal.com\/index.php?rest_route=\/wp\/v2\/users\/1"}],"replies":[{"embeddable":true,"href":"http:\/\/vertienteglobal.com\/index.php?rest_route=%2Fwp%2Fv2%2Fcomments&post=158894"}],"version-history":[{"count":0,"href":"http:\/\/vertienteglobal.com\/index.php?rest_route=\/wp\/v2\/posts\/158894\/revisions"}],"wp:featuredmedia":[{"embeddable":true,"href":"http:\/\/vertienteglobal.com\/index.php?rest_route=\/wp\/v2\/media\/158895"}],"wp:attachment":[{"href":"http:\/\/vertienteglobal.com\/index.php?rest_route=%2Fwp%2Fv2%2Fmedia&parent=158894"}],"wp:term":[{"taxonomy":"category","embeddable":true,"href":"http:\/\/vertienteglobal.com\/index.php?rest_route=%2Fwp%2Fv2%2Fcategories&post=158894"},{"taxonomy":"post_tag","embeddable":true,"href":"http:\/\/vertienteglobal.com\/index.php?rest_route=%2Fwp%2Fv2%2Ftags&post=158894"}],"curies":[{"name":"wp","href":"https:\/\/api.w.org\/{rel}","templated":true}]}}