{"id":158881,"date":"2020-05-31T09:02:00","date_gmt":"2020-05-31T14:02:00","guid":{"rendered":"http:\/\/vertienteglobal.com\/?p=158881"},"modified":"2020-05-31T12:09:36","modified_gmt":"2020-05-31T17:09:36","slug":"fueron-los-ricos-quienes-se-manifestaron-contra-gobierno-honesto-de-amlo-diputado","status":"publish","type":"post","link":"http:\/\/vertienteglobal.com\/?p=158881","title":{"rendered":"Fueron los ricos quienes se manifestaron contra gobierno honesto de AMLO: Diputado"},"content":{"rendered":"\n<div class=\"twitterbutton\" style=\"float: right; padding-left: 5px;\"><a href=\"http:\/\/twitter.com\/share\" class=\"twitter-share-button\" data-count=\"horizontal\" data-text=\"Fueron los ricos quienes se manifestaron contra gobierno honesto de AMLO: Diputa...\" data-via=\"https:\/\/twitter.com\/VertienteGloba1\" data-url=\"http:\/\/vertienteglobal.com\/?p=158881\" data-lang=\"es\" data-related=\"Informaci\u00f3n general:S\u00edguenos para que est\u00e9ss informado\"><\/a><\/div>\n<figure class=\"wp-block-gallery columns-1 is-cropped wp-block-gallery-1 is-layout-flex wp-block-gallery-is-layout-flex\"><ul class=\"blocks-gallery-grid\"><li class=\"blocks-gallery-item\"><figure><img loading=\"lazy\" decoding=\"async\" width=\"1024\" height=\"639\" src=\"http:\/\/vertienteglobal.com\/wp-content\/uploads\/2020\/05\/1104030.jpg\" alt=\"\" data-id=\"158882\" data-full-url=\"http:\/\/vertienteglobal.com\/wp-content\/uploads\/2020\/05\/1104030.jpg\" data-link=\"http:\/\/vertienteglobal.com\/?attachment_id=158882\" class=\"wp-image-158882\" srcset=\"http:\/\/vertienteglobal.com\/wp-content\/uploads\/2020\/05\/1104030.jpg 1024w, http:\/\/vertienteglobal.com\/wp-content\/uploads\/2020\/05\/1104030-300x187.jpg 300w, http:\/\/vertienteglobal.com\/wp-content\/uploads\/2020\/05\/1104030-150x94.jpg 150w, http:\/\/vertienteglobal.com\/wp-content\/uploads\/2020\/05\/1104030-768x479.jpg 768w\" sizes=\"auto, (max-width: 1024px) 100vw, 1024px\" \/><\/figure><\/li><\/ul><\/figure>\n\n\n\n<p>(Redacci\u00f3n)<\/p>\n\n\n\n<p>En M\u00e9xico somos m\u00e1s los que queremos seguir transformando para recuperar la grandeza de nuestro pa\u00eds<\/p>\n\n\n\n<p>Xalapa, Veracruz a 31 de mayo de 2020.- El presidente de la Junta de Coordinaci\u00f3n Pol\u00edtica (Jucopo) del Congreso local de Veracruz, Juan Javier G\u00f3mez Cazar\u00edn critic\u00f3 las caravanas en contra del presidente Andr\u00e9s Manuel L\u00f3pez Obrador que se llevaron a cabo este s\u00e1bado en varios puntos del pa\u00eds y en el estado de Veracruz.<\/p>\n\n\n\n<p>Y es que a trav\u00e9s de su cuenta de Twitter, que el legislador asegur\u00f3 que \u00abfue un desfile de autos de lujo, fueron los ricos quienes se manifestaron contra el gobierno honesto de AMLO\u00bb.<\/p>\n\n\n\n<p>\u00abHoy solo fue un desfile de autos de lujo; fueron los ricos quienes se manifestaron contra el gobierno honesto de AMLO, un gobierno del pueblo y para el pueblo\u00bb.<\/p>\n\n\n\n<p>\u00abEn M\u00e9xico somos m\u00e1s los que queremos seguir transformando para recuperar la grandeza de nuestro pa\u00eds\u00bb.<\/p>\n","protected":false},"excerpt":{"rendered":"<p>(Redacci\u00f3n) En M\u00e9xico somos m\u00e1s los que queremos seguir transformando para recuperar la grandeza de nuestro pa\u00eds Xalapa, Veracruz a 31 de mayo de 2020.- El presidente de la Junta de Coordinaci\u00f3n Pol\u00edtica (Jucopo) del Congreso local de Veracruz, Juan Javier G\u00f3mez Cazar\u00edn critic\u00f3 las caravanas en contra del presidente Andr\u00e9s Manuel L\u00f3pez Obrador que [&hellip;]<\/p>\n","protected":false},"author":1,"featured_media":158882,"comment_status":"open","ping_status":"open","sticky":false,"template":"","format":"standard","meta":{"footnotes":""},"categories":[7],"tags":[],"class_list":["post-158881","post","type-post","status-publish","format-standard","has-post-thumbnail","hentry","category-veracruz","entry","has-media"],"jetpack_featured_media_url":"http:\/\/vertienteglobal.com\/wp-content\/uploads\/2020\/05\/1104030.jpg","_links":{"self":[{"href":"http:\/\/vertienteglobal.com\/index.php?rest_route=\/wp\/v2\/posts\/158881","targetHints":{"allow":["GET"]}}],"collection":[{"href":"http:\/\/vertienteglobal.com\/index.php?rest_route=\/wp\/v2\/posts"}],"about":[{"href":"http:\/\/vertienteglobal.com\/index.php?rest_route=\/wp\/v2\/types\/post"}],"author":[{"embeddable":true,"href":"http:\/\/vertienteglobal.com\/index.php?rest_route=\/wp\/v2\/users\/1"}],"replies":[{"embeddable":true,"href":"http:\/\/vertienteglobal.com\/index.php?rest_route=%2Fwp%2Fv2%2Fcomments&post=158881"}],"version-history":[{"count":0,"href":"http:\/\/vertienteglobal.com\/index.php?rest_route=\/wp\/v2\/posts\/158881\/revisions"}],"wp:featuredmedia":[{"embeddable":true,"href":"http:\/\/vertienteglobal.com\/index.php?rest_route=\/wp\/v2\/media\/158882"}],"wp:attachment":[{"href":"http:\/\/vertienteglobal.com\/index.php?rest_route=%2Fwp%2Fv2%2Fmedia&parent=158881"}],"wp:term":[{"taxonomy":"category","embeddable":true,"href":"http:\/\/vertienteglobal.com\/index.php?rest_route=%2Fwp%2Fv2%2Fcategories&post=158881"},{"taxonomy":"post_tag","embeddable":true,"href":"http:\/\/vertienteglobal.com\/index.php?rest_route=%2Fwp%2Fv2%2Ftags&post=158881"}],"curies":[{"name":"wp","href":"https:\/\/api.w.org\/{rel}","templated":true}]}}