{"id":158773,"date":"2020-05-30T08:56:00","date_gmt":"2020-05-30T13:56:00","guid":{"rendered":"http:\/\/vertienteglobal.com\/?p=158773"},"modified":"2020-05-30T22:58:20","modified_gmt":"2020-05-31T03:58:20","slug":"amlo-reanudara-gira-por-el-pais-con-viaje-de-1600-kilometros-en-auto","status":"publish","type":"post","link":"http:\/\/vertienteglobal.com\/?p=158773","title":{"rendered":"AMLO reanudar\u00e1 gira por el pa\u00eds con viaje de 1,600 kil\u00f3metros en auto"},"content":{"rendered":"\n<div class=\"twitterbutton\" style=\"float: right; padding-left: 5px;\"><a href=\"http:\/\/twitter.com\/share\" class=\"twitter-share-button\" data-count=\"horizontal\" data-text=\"AMLO reanudar\u00e1 gira por el pa\u00eds con viaje de 1,600 kil\u00f3metros en auto\" data-via=\"https:\/\/twitter.com\/VertienteGloba1\" data-url=\"http:\/\/vertienteglobal.com\/?p=158773\" data-lang=\"es\" data-related=\"Informaci\u00f3n general:S\u00edguenos para que est\u00e9ss informado\"><\/a><\/div>\n<figure class=\"wp-block-gallery columns-1 is-cropped wp-block-gallery-1 is-layout-flex wp-block-gallery-is-layout-flex\"><ul class=\"blocks-gallery-grid\"><li class=\"blocks-gallery-item\"><figure><img loading=\"lazy\" decoding=\"async\" width=\"1024\" height=\"637\" src=\"http:\/\/vertienteglobal.com\/wp-content\/uploads\/2020\/05\/1103866.jpg\" alt=\"\" data-id=\"158774\" data-full-url=\"http:\/\/vertienteglobal.com\/wp-content\/uploads\/2020\/05\/1103866.jpg\" data-link=\"http:\/\/vertienteglobal.com\/?attachment_id=158774\" class=\"wp-image-158774\" srcset=\"http:\/\/vertienteglobal.com\/wp-content\/uploads\/2020\/05\/1103866.jpg 1024w, http:\/\/vertienteglobal.com\/wp-content\/uploads\/2020\/05\/1103866-300x187.jpg 300w, http:\/\/vertienteglobal.com\/wp-content\/uploads\/2020\/05\/1103866-150x93.jpg 150w, http:\/\/vertienteglobal.com\/wp-content\/uploads\/2020\/05\/1103866-768x478.jpg 768w\" sizes=\"auto, (max-width: 1024px) 100vw, 1024px\" \/><\/figure><\/li><\/ul><\/figure>\n\n\n\n<p>(Redacci\u00f3n)<\/p>\n\n\n\n<p>\u201cMe voy a ir con tiempo porque voy hasta Canc\u00fan, voy a ir haciendo paradas, qued\u00e1ndome en el camino hasta llegar a Canc\u00fan el domingo, para estar temprano\u201d, afirm\u00f3 el Presidente<\/p>\n\n\n\n<p>Ciudad de M\u00e9xico a 30 de mayo de 2020.- El presidente de la Rep\u00fablica, Andr\u00e9s Manuel L\u00f3pez Obrador, reanudar\u00e1 su gira por el pa\u00eds, el primer punto es Quintana Roo por lo que har\u00e1 un viaje de m\u00e1s de mil 600 kil\u00f3metros a la ciudad costera de Canc\u00fan durante este fin de semana.<\/p>\n\n\n\n<p>Y es que esta gira se da en un intento por reabrir la econom\u00eda pese a que los casos de coronavirus contin\u00faan en aumento.<\/p>\n\n\n\n<p>Seg\u00fan lo que inform\u00f3 pasar\u00e1 la pr\u00f3xima semana recorriendo seis estados del sur de M\u00e9xico, incluidos Quintana Roo, Yucat\u00e1n y Tabasco, donde naci\u00f3 el presidente, el 6 y 7 de junio visitar\u00e1 Veracruz.<\/p>\n\n\n\n<p>En conferencia de prensa indic\u00f3 que los eventos ser\u00e1n de hasta 50 personas y se promover\u00e1n obras p\u00fablicas, incluido el Tren Maya.<\/p>\n\n\n\n<p>\u201cMe voy a ir con tiempo porque voy hasta Canc\u00fan, voy a ir haciendo paradas, qued\u00e1ndome en el camino hasta llegar a Canc\u00fan el domingo, para estar temprano\u201d, afirm\u00f3 el Presidente.<\/p>\n\n\n\n<p>Cabe mencionar que de acuerdo con datos de la Universidad Johns Hopkins, el pa\u00eds est\u00e1 avanzando en la lista de las naciones con los brotes m\u00e1s mortales.<br>(Fuente: Financiero)<\/p>\n","protected":false},"excerpt":{"rendered":"<p>(Redacci\u00f3n) \u201cMe voy a ir con tiempo porque voy hasta Canc\u00fan, voy a ir haciendo paradas, qued\u00e1ndome en el camino hasta llegar a Canc\u00fan el domingo, para estar temprano\u201d, afirm\u00f3 el Presidente Ciudad de M\u00e9xico a 30 de mayo de 2020.- El presidente de la Rep\u00fablica, Andr\u00e9s Manuel L\u00f3pez Obrador, reanudar\u00e1 su gira por el [&hellip;]<\/p>\n","protected":false},"author":1,"featured_media":158774,"comment_status":"open","ping_status":"open","sticky":false,"template":"","format":"standard","meta":{"footnotes":""},"categories":[8],"tags":[],"class_list":["post-158773","post","type-post","status-publish","format-standard","has-post-thumbnail","hentry","category-pais","entry","has-media"],"jetpack_featured_media_url":"http:\/\/vertienteglobal.com\/wp-content\/uploads\/2020\/05\/1103866.jpg","_links":{"self":[{"href":"http:\/\/vertienteglobal.com\/index.php?rest_route=\/wp\/v2\/posts\/158773","targetHints":{"allow":["GET"]}}],"collection":[{"href":"http:\/\/vertienteglobal.com\/index.php?rest_route=\/wp\/v2\/posts"}],"about":[{"href":"http:\/\/vertienteglobal.com\/index.php?rest_route=\/wp\/v2\/types\/post"}],"author":[{"embeddable":true,"href":"http:\/\/vertienteglobal.com\/index.php?rest_route=\/wp\/v2\/users\/1"}],"replies":[{"embeddable":true,"href":"http:\/\/vertienteglobal.com\/index.php?rest_route=%2Fwp%2Fv2%2Fcomments&post=158773"}],"version-history":[{"count":0,"href":"http:\/\/vertienteglobal.com\/index.php?rest_route=\/wp\/v2\/posts\/158773\/revisions"}],"wp:featuredmedia":[{"embeddable":true,"href":"http:\/\/vertienteglobal.com\/index.php?rest_route=\/wp\/v2\/media\/158774"}],"wp:attachment":[{"href":"http:\/\/vertienteglobal.com\/index.php?rest_route=%2Fwp%2Fv2%2Fmedia&parent=158773"}],"wp:term":[{"taxonomy":"category","embeddable":true,"href":"http:\/\/vertienteglobal.com\/index.php?rest_route=%2Fwp%2Fv2%2Fcategories&post=158773"},{"taxonomy":"post_tag","embeddable":true,"href":"http:\/\/vertienteglobal.com\/index.php?rest_route=%2Fwp%2Fv2%2Ftags&post=158773"}],"curies":[{"name":"wp","href":"https:\/\/api.w.org\/{rel}","templated":true}]}}