{"id":158569,"date":"2020-05-28T09:24:00","date_gmt":"2020-05-28T14:24:00","guid":{"rendered":"http:\/\/vertienteglobal.com\/?p=158569"},"modified":"2020-05-28T13:21:45","modified_gmt":"2020-05-28T18:21:45","slug":"demanda-banxico-a-gobierno-dar-certeza-a-la-inversion","status":"publish","type":"post","link":"http:\/\/vertienteglobal.com\/?p=158569","title":{"rendered":"Demanda Banxico a gobierno dar certeza a la inversi\u00f3n"},"content":{"rendered":"\n<div class=\"twitterbutton\" style=\"float: right; padding-left: 5px;\"><a href=\"http:\/\/twitter.com\/share\" class=\"twitter-share-button\" data-count=\"horizontal\" data-text=\"Demanda Banxico a gobierno dar certeza a la inversi\u00f3n\" data-via=\"https:\/\/twitter.com\/VertienteGloba1\" data-url=\"http:\/\/vertienteglobal.com\/?p=158569\" data-lang=\"es\" data-related=\"Informaci\u00f3n general:S\u00edguenos para que est\u00e9ss informado\"><\/a><\/div>\n<figure class=\"wp-block-gallery columns-1 is-cropped wp-block-gallery-1 is-layout-flex wp-block-gallery-is-layout-flex\"><ul class=\"blocks-gallery-grid\"><li class=\"blocks-gallery-item\"><figure><img loading=\"lazy\" decoding=\"async\" width=\"1024\" height=\"683\" src=\"http:\/\/vertienteglobal.com\/wp-content\/uploads\/2020\/05\/1103472.jpg\" alt=\"\" data-id=\"158570\" data-full-url=\"http:\/\/vertienteglobal.com\/wp-content\/uploads\/2020\/05\/1103472.jpg\" data-link=\"http:\/\/vertienteglobal.com\/?attachment_id=158570\" class=\"wp-image-158570\" srcset=\"http:\/\/vertienteglobal.com\/wp-content\/uploads\/2020\/05\/1103472.jpg 1024w, http:\/\/vertienteglobal.com\/wp-content\/uploads\/2020\/05\/1103472-300x200.jpg 300w, http:\/\/vertienteglobal.com\/wp-content\/uploads\/2020\/05\/1103472-150x100.jpg 150w, http:\/\/vertienteglobal.com\/wp-content\/uploads\/2020\/05\/1103472-768x512.jpg 768w\" sizes=\"auto, (max-width: 1024px) 100vw, 1024px\" \/><\/figure><\/li><\/ul><\/figure>\n\n\n\n<p>(Redacci\u00f3n)<\/p>\n\n\n\n<p>Inform\u00f3 que la estabilidad macroecon\u00f3mica, \u201caunque necesaria, no es suficiente por s\u00ed sola para generar mayor crecimiento econ\u00f3mico, tambi\u00e9n es preciso corregir los problemas estructurales e institucionales que han propiciado bajos niveles de inversi\u00f3n e impedido al pa\u00eds aumentar su productividad\u00bb<\/p>\n\n\n\n<p>Ciudad de M\u00e9xico a 28 de mayo de 2020.- El Banco de M\u00e9xico (Banxico) demand\u00f3 dar certeza a la inversi\u00f3n al se\u00f1alar que la estabilidad macroecon\u00f3mica no ser\u00e1 suficiente para estimular el crecimiento, por lo que es indispensable fortalecer el Estado de Derecho para atraer inversi\u00f3n al pa\u00eds.<\/p>\n\n\n\n<p>\u00abLa emergencia no debe distraer de estas tareas pendientes, sino que las hace m\u00e1s apremiantes. Ello permitir\u00e1 atraer la inversi\u00f3n y generar la flexibilidad en la asignaci\u00f3n de recursos que son necesarios para enfrentar, en el corto plazo, la crisis de Covid-19 y, en el mediano plazo, los reacomodos en el funcionamiento de la econom\u00eda que \u00e9sta conlleve\u00bb, estableci\u00f3.<\/p>\n\n\n\n<p>Destac\u00f3 en su \u00faltimo reporte trimestral que entre los riesgos que mencion\u00f3 Banxico que podr\u00edan afectar negativamente el crecimiento econ\u00f3mico est\u00e1n el deterioro de la calificaci\u00f3n crediticia del pa\u00eds y de Pemex, por lo que es indispensable que el gobierno federal encamine pol\u00edticas que fortalezcan el Estado de Derecho, garanticen la certeza jur\u00eddica y el respeto a los derechos de propiedad.<\/p>\n\n\n\n<p>Se\u00f1al\u00f3 que la estabilidad macroecon\u00f3mica, \u201caunque necesaria, no es suficiente por s\u00ed sola para generar mayor crecimiento econ\u00f3mico, tambi\u00e9n es preciso corregir los problemas estructurales e institucionales que han propiciado bajos niveles de inversi\u00f3n e impedido al pa\u00eds aumentar su productividad\u00bb.<\/p>\n\n\n\n<p>Al estimar que la econom\u00eda caer\u00eda hasta 8.8 por ciento y que las condiciones adversas podr\u00edan extenderse y perderse 1.4 millones de empleos formales este a\u00f1o, tambi\u00e9n consider\u00f3 que se requiere reforzar el funcionamiento microecon\u00f3mico y reducir la incertidumbre interna para mejorar la percepci\u00f3n sobre el clima de negocios.<br>(Fuente: Reforma)<\/p>\n","protected":false},"excerpt":{"rendered":"<p>(Redacci\u00f3n) Inform\u00f3 que la estabilidad macroecon\u00f3mica, \u201caunque necesaria, no es suficiente por s\u00ed sola para generar mayor crecimiento econ\u00f3mico, tambi\u00e9n es preciso corregir los problemas estructurales e institucionales que han propiciado bajos niveles de inversi\u00f3n e impedido al pa\u00eds aumentar su productividad\u00bb Ciudad de M\u00e9xico a 28 de mayo de 2020.- El Banco de M\u00e9xico [&hellip;]<\/p>\n","protected":false},"author":1,"featured_media":158570,"comment_status":"open","ping_status":"open","sticky":false,"template":"","format":"standard","meta":{"footnotes":""},"categories":[8],"tags":[],"class_list":["post-158569","post","type-post","status-publish","format-standard","has-post-thumbnail","hentry","category-pais","entry","has-media"],"jetpack_featured_media_url":"http:\/\/vertienteglobal.com\/wp-content\/uploads\/2020\/05\/1103472.jpg","_links":{"self":[{"href":"http:\/\/vertienteglobal.com\/index.php?rest_route=\/wp\/v2\/posts\/158569","targetHints":{"allow":["GET"]}}],"collection":[{"href":"http:\/\/vertienteglobal.com\/index.php?rest_route=\/wp\/v2\/posts"}],"about":[{"href":"http:\/\/vertienteglobal.com\/index.php?rest_route=\/wp\/v2\/types\/post"}],"author":[{"embeddable":true,"href":"http:\/\/vertienteglobal.com\/index.php?rest_route=\/wp\/v2\/users\/1"}],"replies":[{"embeddable":true,"href":"http:\/\/vertienteglobal.com\/index.php?rest_route=%2Fwp%2Fv2%2Fcomments&post=158569"}],"version-history":[{"count":0,"href":"http:\/\/vertienteglobal.com\/index.php?rest_route=\/wp\/v2\/posts\/158569\/revisions"}],"wp:featuredmedia":[{"embeddable":true,"href":"http:\/\/vertienteglobal.com\/index.php?rest_route=\/wp\/v2\/media\/158570"}],"wp:attachment":[{"href":"http:\/\/vertienteglobal.com\/index.php?rest_route=%2Fwp%2Fv2%2Fmedia&parent=158569"}],"wp:term":[{"taxonomy":"category","embeddable":true,"href":"http:\/\/vertienteglobal.com\/index.php?rest_route=%2Fwp%2Fv2%2Fcategories&post=158569"},{"taxonomy":"post_tag","embeddable":true,"href":"http:\/\/vertienteglobal.com\/index.php?rest_route=%2Fwp%2Fv2%2Ftags&post=158569"}],"curies":[{"name":"wp","href":"https:\/\/api.w.org\/{rel}","templated":true}]}}