{"id":158484,"date":"2020-05-27T18:35:00","date_gmt":"2020-05-27T23:35:00","guid":{"rendered":"http:\/\/vertienteglobal.com\/?p=158484"},"modified":"2020-05-27T19:27:07","modified_gmt":"2020-05-28T00:27:07","slug":"si-no-los-mata-la-pandemia-los-matara-el-desabasto-protestan-padres-de-ninos-con-cancer","status":"publish","type":"post","link":"http:\/\/vertienteglobal.com\/?p=158484","title":{"rendered":"Si no los mata la pandemia, los matar\u00e1 el desabasto: Protestan padres de ni\u00f1os con c\u00e1ncer"},"content":{"rendered":"\n<div class=\"twitterbutton\" style=\"float: right; padding-left: 5px;\"><a href=\"http:\/\/twitter.com\/share\" class=\"twitter-share-button\" data-count=\"horizontal\" data-text=\"Si no los mata la pandemia, los matar\u00e1 el desabasto: Protestan padres de ni\u00f1os...\" data-via=\"https:\/\/twitter.com\/VertienteGloba1\" data-url=\"http:\/\/vertienteglobal.com\/?p=158484\" data-lang=\"es\" data-related=\"Informaci\u00f3n general:S\u00edguenos para que est\u00e9ss informado\"><\/a><\/div>\n<figure class=\"wp-block-gallery columns-1 is-cropped wp-block-gallery-1 is-layout-flex wp-block-gallery-is-layout-flex\"><ul class=\"blocks-gallery-grid\"><li class=\"blocks-gallery-item\"><figure><img loading=\"lazy\" decoding=\"async\" width=\"1024\" height=\"683\" src=\"http:\/\/vertienteglobal.com\/wp-content\/uploads\/2020\/05\/1103336.jpg\" alt=\"\" data-id=\"158485\" data-full-url=\"http:\/\/vertienteglobal.com\/wp-content\/uploads\/2020\/05\/1103336.jpg\" data-link=\"http:\/\/vertienteglobal.com\/?attachment_id=158485\" class=\"wp-image-158485\" srcset=\"http:\/\/vertienteglobal.com\/wp-content\/uploads\/2020\/05\/1103336.jpg 1024w, http:\/\/vertienteglobal.com\/wp-content\/uploads\/2020\/05\/1103336-300x200.jpg 300w, http:\/\/vertienteglobal.com\/wp-content\/uploads\/2020\/05\/1103336-150x100.jpg 150w, http:\/\/vertienteglobal.com\/wp-content\/uploads\/2020\/05\/1103336-768x512.jpg 768w\" sizes=\"auto, (max-width: 1024px) 100vw, 1024px\" \/><\/figure><\/li><\/ul><\/figure>\n\n\n\n<p>(Redacci\u00f3n)<\/p>\n\n\n\n<p>Explic\u00f3 que est\u00e1 problem\u00e1tica del desabasto de medicamentos para ni\u00f1os con c\u00e1ncer ha sido generadas desde hace dos a\u00f1os atr\u00e1s, ya que son m\u00e1s de 10 medicamentos los que hacen falta para los m\u00e1s de 800 menores de edad<\/p>\n\n\n\n<p>Ciudad de M\u00e9xico a 27 de mayo de 2020.- \u00abSi no los mata la pandemia, los matar\u00e1 el desabasto oncol\u00f3gico\u00bb, as\u00ed lo manifest\u00f3 con l\u00e1grimas Omar N quien es padre de familia de un ni\u00f1o con c\u00e1ncer, luego de que esta ma\u00f1ana se manifestar\u00e1n en las inmediaciones del \u00c1ngel de la Independencia y posteriormente acudieron a la Secretar\u00eda de Salud de la Ciudad de M\u00e9xico.<\/p>\n\n\n\n<p>Y es que en conferencia de prensa, los padres de los ni\u00f1os con c\u00e1ncer, exigieron que sean atendidos por secretario de Salud, Jorge Carlos Alcocer Varela, ante la falta de soluci\u00f3n por parte de los funcionarios capitalinos.<\/p>\n\n\n\n<p>Explic\u00f3 que est\u00e1 problem\u00e1tica del desabasto de medicamentos para ni\u00f1os con c\u00e1ncer ha sido generadas desde hace dos a\u00f1os atr\u00e1s, ya que son m\u00e1s de 10 medicamentos los que hacen falta para los m\u00e1s de 800 menores de edad.<\/p>\n\n\n\n<p>\u00abTenemos un mes y medio en desabasto de medicamentos de la ciclofosfamida que no llega al hospital Federico G\u00f3mez para un total de 800 ni\u00f1os. Si la pandemia no los va a matar, los matar\u00e1 desabasto uncol\u00f3gico a estos peque\u00f1os. Por ello, exigimos al titular de Salud Jorge Alcocer a qu\u00e9 nos atienda y nos pueda dar una soluci\u00f3n para evitar que nuestros hijos contin\u00faen sin recibir sus medicamentos\u00bb, indic\u00f3.<\/p>\n\n\n\n<p>Agreg\u00f3 que en caso de que contin\u00faen en omisi\u00f3n en la entrega de medicamentos para los m\u00e1s de 800 ni\u00f1os diagnosticados con c\u00e1ncer, podr\u00edan realizar una huelga de hambre a las afueras de la Secretar\u00eda de Salud.<\/p>\n","protected":false},"excerpt":{"rendered":"<p>(Redacci\u00f3n) Explic\u00f3 que est\u00e1 problem\u00e1tica del desabasto de medicamentos para ni\u00f1os con c\u00e1ncer ha sido generadas desde hace dos a\u00f1os atr\u00e1s, ya que son m\u00e1s de 10 medicamentos los que hacen falta para los m\u00e1s de 800 menores de edad Ciudad de M\u00e9xico a 27 de mayo de 2020.- \u00abSi no los mata la pandemia, [&hellip;]<\/p>\n","protected":false},"author":1,"featured_media":158485,"comment_status":"open","ping_status":"open","sticky":false,"template":"","format":"standard","meta":{"footnotes":""},"categories":[8],"tags":[],"class_list":["post-158484","post","type-post","status-publish","format-standard","has-post-thumbnail","hentry","category-pais","entry","has-media"],"jetpack_featured_media_url":"http:\/\/vertienteglobal.com\/wp-content\/uploads\/2020\/05\/1103336.jpg","_links":{"self":[{"href":"http:\/\/vertienteglobal.com\/index.php?rest_route=\/wp\/v2\/posts\/158484","targetHints":{"allow":["GET"]}}],"collection":[{"href":"http:\/\/vertienteglobal.com\/index.php?rest_route=\/wp\/v2\/posts"}],"about":[{"href":"http:\/\/vertienteglobal.com\/index.php?rest_route=\/wp\/v2\/types\/post"}],"author":[{"embeddable":true,"href":"http:\/\/vertienteglobal.com\/index.php?rest_route=\/wp\/v2\/users\/1"}],"replies":[{"embeddable":true,"href":"http:\/\/vertienteglobal.com\/index.php?rest_route=%2Fwp%2Fv2%2Fcomments&post=158484"}],"version-history":[{"count":0,"href":"http:\/\/vertienteglobal.com\/index.php?rest_route=\/wp\/v2\/posts\/158484\/revisions"}],"wp:featuredmedia":[{"embeddable":true,"href":"http:\/\/vertienteglobal.com\/index.php?rest_route=\/wp\/v2\/media\/158485"}],"wp:attachment":[{"href":"http:\/\/vertienteglobal.com\/index.php?rest_route=%2Fwp%2Fv2%2Fmedia&parent=158484"}],"wp:term":[{"taxonomy":"category","embeddable":true,"href":"http:\/\/vertienteglobal.com\/index.php?rest_route=%2Fwp%2Fv2%2Fcategories&post=158484"},{"taxonomy":"post_tag","embeddable":true,"href":"http:\/\/vertienteglobal.com\/index.php?rest_route=%2Fwp%2Fv2%2Ftags&post=158484"}],"curies":[{"name":"wp","href":"https:\/\/api.w.org\/{rel}","templated":true}]}}