{"id":158475,"date":"2020-05-27T18:52:00","date_gmt":"2020-05-27T23:52:00","guid":{"rendered":"http:\/\/vertienteglobal.com\/?p=158475"},"modified":"2020-05-27T19:05:13","modified_gmt":"2020-05-28T00:05:13","slug":"se-compromete-laura-fernandez-a-contribuir-en-la-reactivacion-turistica-del-caribe-mexicano","status":"publish","type":"post","link":"http:\/\/vertienteglobal.com\/?p=158475","title":{"rendered":"Se compromete Laura Fern\u00e1ndez a contribuir en la reactivaci\u00f3n tur\u00edstica del Caribe Mexicano"},"content":{"rendered":"\n<div class=\"twitterbutton\" style=\"float: right; padding-left: 5px;\"><a href=\"http:\/\/twitter.com\/share\" class=\"twitter-share-button\" data-count=\"horizontal\" data-text=\"Se compromete Laura Fern\u00e1ndez a contribuir en la reactivaci\u00f3n tur\u00edstica del C...\" data-via=\"https:\/\/twitter.com\/VertienteGloba1\" data-url=\"http:\/\/vertienteglobal.com\/?p=158475\" data-lang=\"es\" data-related=\"Informaci\u00f3n general:S\u00edguenos para que est\u00e9ss informado\"><\/a><\/div>\n<figure class=\"wp-block-gallery columns-1 is-cropped wp-block-gallery-1 is-layout-flex wp-block-gallery-is-layout-flex\"><ul class=\"blocks-gallery-grid\"><li class=\"blocks-gallery-item\"><figure><img loading=\"lazy\" decoding=\"async\" width=\"1024\" height=\"755\" src=\"http:\/\/vertienteglobal.com\/wp-content\/uploads\/2020\/05\/IMG_20200527_182912-1024x755.jpg\" alt=\"\" data-id=\"158476\" data-full-url=\"http:\/\/vertienteglobal.com\/wp-content\/uploads\/2020\/05\/IMG_20200527_182912.jpg\" data-link=\"http:\/\/vertienteglobal.com\/?attachment_id=158476\" class=\"wp-image-158476\" srcset=\"http:\/\/vertienteglobal.com\/wp-content\/uploads\/2020\/05\/IMG_20200527_182912-1024x755.jpg 1024w, http:\/\/vertienteglobal.com\/wp-content\/uploads\/2020\/05\/IMG_20200527_182912-300x221.jpg 300w, http:\/\/vertienteglobal.com\/wp-content\/uploads\/2020\/05\/IMG_20200527_182912-150x111.jpg 150w, http:\/\/vertienteglobal.com\/wp-content\/uploads\/2020\/05\/IMG_20200527_182912-768x566.jpg 768w, http:\/\/vertienteglobal.com\/wp-content\/uploads\/2020\/05\/IMG_20200527_182912.jpg 1280w\" sizes=\"auto, (max-width: 1024px) 100vw, 1024px\" \/><\/figure><\/li><\/ul><\/figure>\n\n\n\n<p>(Redacci\u00f3n)<\/p>\n\n\n\n<p>La alcaldesa resalt\u00f3 el compromiso de su administraci\u00f3n, al igual que lo han hecho el gobernador Carlos Joaqu\u00edn Gonz\u00e1lez y presidentes municipales, para trabajar en un mismo sentido en la reapertura del sector tur\u00edstico de Quintana Roo<\/p>\n\n\n\n<p>Puerto Morelos a 27 de mayo de 2020.- La presidenta municipal, Laura Fern\u00e1ndez Pi\u00f1a destac\u00f3 el trabajo en equipo que se lleva a cabo para reactivar la industria tur\u00edstica en el Caribe Mexicano, en el que participan autoridades de los tres \u00f3rdenes de gobierno y empresarios del sector.<\/p>\n\n\n\n<p>En el marco de la presentaci\u00f3n de la campa\u00f1a #VenAlCaribeMexicanoX2 que se realiz\u00f3 por medio de una plataforma digital ante representantes de medios de comunicaci\u00f3n, la alcaldesa resalt\u00f3 el compromiso de su administraci\u00f3n, al igual que lo han hecho el gobernador Carlos Joaqu\u00edn Gonz\u00e1lez y presidentes municipales, para trabajar en un mismo sentido en la reapertura del sector tur\u00edstico de Quintana Roo.<\/p>\n\n\n\n<p>\u201cEl mensaje que debemos dar junto con esta campa\u00f1a de reactivaci\u00f3n es precisamente es el de las acciones en materia de prevenci\u00f3n que hemos realizado y que seguiremos aplicando cuando regresen los visitantes, ya que eso generar\u00e1 confianza y certeza en lo que ser\u00e1 la nueva normalidad que habremos de vivir y a la que debemos acoplarnos de manera inmediata\u201d, mencion\u00f3.<\/p>\n\n\n\n<p>Durante la conferencia de prensa digital, encabezada por el presidente de la Asociaci\u00f3n de Hoteles de Canc\u00fan, Puerto Morelos e Isla Mujeres, Roberto Cintr\u00f3n G\u00f3mez, a la que se sumaron el director del Consejo de Promoci\u00f3n Tur\u00edstica de Quintana Roo, Dar\u00edo Flota Ocampo, y los presidentes municipales Mara Lezama y Juan Carrillo, de Benito Ju\u00e1rez e Isla Mujeres, respectivamente, Laura Fern\u00e1ndez remarc\u00f3 que el Caribe Mexicano est\u00e1 listo para reabrir sus puertas.<\/p>\n\n\n\n<p>\u201cMientras llega la fecha de la reactivaci\u00f3n del turismo, industria que para nosotros es esencial, ya que de ella dependen miles de familias al ser la principal generadora de empleos y bienestar, debemos insistir en el llamado a la ciudadan\u00eda a permanecer en casa, para seguir haciendo frente a la emergencia sanitaria provocada por el Covid-19\u201d, apunt\u00f3.<\/p>\n\n\n\n<p>La alcaldesa resalt\u00f3 que la enfermedad no conoce de l\u00edmites territoriales, por lo que refrend\u00f3 su compromiso de seguir coordinando esfuerzos en materia de prevenci\u00f3n con el Estado y municipios vecinos.<\/p>\n\n\n\n<p>\u201cLa suerte que corran los otros municipios es la suerte que correr\u00e1 Puerto Morelos, por lo que quiero decirles que estamos unidos y hay un compromiso absoluto y total de seguir trabajando en equipo y de contribuir en la reapertura del turismo. Hay que pedir a la ciudadan\u00eda que mientras se reinician actividades que extreme precauciones y permanezca en casa\u201d, apunt\u00f3.<\/p>\n\n\n\n<p>Cabe mencionar que a la campa\u00f1a #VenAlCaribeMexicanoX2 se han sumado hasta el momento m\u00e1s de 200 empresas ligadas al sector tur\u00edstico, que ofrecen diversas promociones para atraer visitantes a partir del 8 de junio a destinos como Puerto Morelos, Canc\u00fan, Riviera Maya, Isla Mujeres, Cozumel y la Grand Costa Maya.<\/p>\n","protected":false},"excerpt":{"rendered":"<p>(Redacci\u00f3n) La alcaldesa resalt\u00f3 el compromiso de su administraci\u00f3n, al igual que lo han hecho el gobernador Carlos Joaqu\u00edn Gonz\u00e1lez y presidentes municipales, para trabajar en un mismo sentido en la reapertura del sector tur\u00edstico de Quintana Roo Puerto Morelos a 27 de mayo de 2020.- La presidenta municipal, Laura Fern\u00e1ndez Pi\u00f1a destac\u00f3 el trabajo [&hellip;]<\/p>\n","protected":false},"author":1,"featured_media":158476,"comment_status":"open","ping_status":"open","sticky":false,"template":"","format":"standard","meta":{"footnotes":""},"categories":[3],"tags":[],"class_list":["post-158475","post","type-post","status-publish","format-standard","has-post-thumbnail","hentry","category-quintana-roo","entry","has-media"],"jetpack_featured_media_url":"http:\/\/vertienteglobal.com\/wp-content\/uploads\/2020\/05\/IMG_20200527_182912.jpg","_links":{"self":[{"href":"http:\/\/vertienteglobal.com\/index.php?rest_route=\/wp\/v2\/posts\/158475","targetHints":{"allow":["GET"]}}],"collection":[{"href":"http:\/\/vertienteglobal.com\/index.php?rest_route=\/wp\/v2\/posts"}],"about":[{"href":"http:\/\/vertienteglobal.com\/index.php?rest_route=\/wp\/v2\/types\/post"}],"author":[{"embeddable":true,"href":"http:\/\/vertienteglobal.com\/index.php?rest_route=\/wp\/v2\/users\/1"}],"replies":[{"embeddable":true,"href":"http:\/\/vertienteglobal.com\/index.php?rest_route=%2Fwp%2Fv2%2Fcomments&post=158475"}],"version-history":[{"count":0,"href":"http:\/\/vertienteglobal.com\/index.php?rest_route=\/wp\/v2\/posts\/158475\/revisions"}],"wp:featuredmedia":[{"embeddable":true,"href":"http:\/\/vertienteglobal.com\/index.php?rest_route=\/wp\/v2\/media\/158476"}],"wp:attachment":[{"href":"http:\/\/vertienteglobal.com\/index.php?rest_route=%2Fwp%2Fv2%2Fmedia&parent=158475"}],"wp:term":[{"taxonomy":"category","embeddable":true,"href":"http:\/\/vertienteglobal.com\/index.php?rest_route=%2Fwp%2Fv2%2Fcategories&post=158475"},{"taxonomy":"post_tag","embeddable":true,"href":"http:\/\/vertienteglobal.com\/index.php?rest_route=%2Fwp%2Fv2%2Ftags&post=158475"}],"curies":[{"name":"wp","href":"https:\/\/api.w.org\/{rel}","templated":true}]}}