{"id":158468,"date":"2020-05-27T17:34:00","date_gmt":"2020-05-27T22:34:00","guid":{"rendered":"http:\/\/vertienteglobal.com\/?p=158468"},"modified":"2020-05-27T19:00:26","modified_gmt":"2020-05-28T00:00:26","slug":"hoteleros-de-quintana-roo-lanzan-la-campana-de-promocion-turistica-ven-al-caribe-mexicano-x2","status":"publish","type":"post","link":"http:\/\/vertienteglobal.com\/?p=158468","title":{"rendered":"Hoteleros de Quintana Roo lanzan la campa\u00f1a de promoci\u00f3n tur\u00edstica \u201cVen al Caribe Mexicano X2\u201d"},"content":{"rendered":"\n<div class=\"twitterbutton\" style=\"float: right; padding-left: 5px;\"><a href=\"http:\/\/twitter.com\/share\" class=\"twitter-share-button\" data-count=\"horizontal\" data-text=\"Hoteleros de Quintana Roo lanzan la campa\u00f1a de promoci\u00f3n tur\u00edstica \u201cVen al ...\" data-via=\"https:\/\/twitter.com\/VertienteGloba1\" data-url=\"http:\/\/vertienteglobal.com\/?p=158468\" data-lang=\"es\" data-related=\"Informaci\u00f3n general:S\u00edguenos para que est\u00e9ss informado\"><\/a><\/div>\n<figure class=\"wp-block-gallery columns-1 is-cropped wp-block-gallery-1 is-layout-flex wp-block-gallery-is-layout-flex\"><ul class=\"blocks-gallery-grid\"><li class=\"blocks-gallery-item\"><figure><img loading=\"lazy\" decoding=\"async\" width=\"641\" height=\"324\" src=\"http:\/\/vertienteglobal.com\/wp-content\/uploads\/2020\/05\/Screenshot_2020-05-27-18-56-40-1.png\" alt=\"\" data-id=\"158469\" data-full-url=\"http:\/\/vertienteglobal.com\/wp-content\/uploads\/2020\/05\/Screenshot_2020-05-27-18-56-40-1.png\" data-link=\"http:\/\/vertienteglobal.com\/?attachment_id=158469\" class=\"wp-image-158469\" srcset=\"http:\/\/vertienteglobal.com\/wp-content\/uploads\/2020\/05\/Screenshot_2020-05-27-18-56-40-1.png 641w, http:\/\/vertienteglobal.com\/wp-content\/uploads\/2020\/05\/Screenshot_2020-05-27-18-56-40-1-300x152.png 300w, http:\/\/vertienteglobal.com\/wp-content\/uploads\/2020\/05\/Screenshot_2020-05-27-18-56-40-1-150x76.png 150w\" sizes=\"auto, (max-width: 641px) 100vw, 641px\" \/><\/figure><\/li><\/ul><\/figure>\n\n\n\n<p>(Antonio Rivera)<\/p>\n\n\n\n<p>La campa\u00f1a fue presentada a trav\u00e9s de la plataforma Zoom y Facebook Live, y consiste en tres etapas promocionales, en las que se contemplan promociones especiales<\/p>\n\n\n\n<p>Canc\u00fan, Quintana Roo a 27 de mayo de 2020.- Los Hoteleros de Quintana Roo que integran las diversas asociaciones de hoteles en el estado lanzaron la campa\u00f1a de reactivaci\u00f3n econ\u00f3mica \u201cVen al Caribe Mexicano X2\u201d, por tiempo limitado que se har\u00e1 efectiva a partir del pr\u00f3ximo 8 de junio al mes de diciembre y es dirigida al mercado individual.<\/p>\n\n\n\n<p>Y es que para ello, m\u00e1s 200 empresas, de las cuales 153 son hoteles, se han sumado para participar en esta campa\u00f1a, que surgi\u00f3 a idea de la cadena hotelera Atelier de Hoteles y que busca fomentar la actividad tur\u00edstica en la fase de reactivaci\u00f3n, posterior a la emergencia sanitaria por COVID-19, as\u00ed como seguir juntando esfuerzos con las diferentes empresas tur\u00edsticas que deseen participar.<\/p>\n\n\n\n<p>La campa\u00f1a fue presentada a trav\u00e9s de la plataforma Zoom y Facebook Live, y consiste en tres etapas promocionales, en las que se contemplan promociones especiales.<\/p>\n\n\n\n<p>Las asociaciones de hoteles que participan son la de Canc\u00fan, Puerto Morelos e Isla Mujeres, Cozumel, Riviera Maya y Gran Costa Maya con sus tres destinos: Mahahual, Bacalar y Chetumal.<\/p>\n\n\n\n<p>\u201cYo quiero decirles que esto es la suma de esfuerzos y de voluntades de cientos de prestados de servidores tur\u00edsticos, del gobierno federal estatal y los municipales. Si le pudi\u00e9ramos poder un valor monetario de lo que estamos destinando para el \u00e9xito de esta campa\u00f1a con un valor de 100 mil pesos por empresas, creo que nos quedamos cortos, podr\u00edamos estar hablando de un valor de alrededor de 20 millones de pesos con los que estamos abriendo esta campa\u00f1a en un valor significativo\u201d, expuso el presidente de la Asociaci\u00f3n de Hoteles de Canc\u00fan, Puerto Morelos e Isla Mujeres, Roberto Cintr\u00f3n.<\/p>\n\n\n\n<p>Asimismo, Oliver Reinhart, CEO de la cadena Atelier, aclar\u00f3 que con esta promoci\u00f3n no se abaratan lo servicios, porque la campa\u00f1a no consiste como tal en un 2\u00d71 y que en ning\u00fan momento se ponen en riesgo los precios del destino.<\/p>\n\n\n\n<p>\u201cEl dos no forzosamente abarata el producto, porque estoy dando en un tiempo limitado en un beneficio m\u00ednimo de tener algo a la mitad de su precio original y lo que vale la idea de esta campa\u00f1a es que sea una campa\u00f1a de reactivaci\u00f3n solamente, de ser un tiempo definido, traer los hu\u00e9spedes para ser atractiva la oferta, arrancarlos desde Estados Unidos o desde las principales ciudades de M\u00e9xico hacia Canc\u00fan, luego eliminarla y regresar a modo de ventas y reservaciones que ten\u00edamos antes\u201d, explic\u00f3.<\/p>\n\n\n\n<p>\u201cLos productos son los mejores que todos y que nunca, comparado con la que se ten\u00eda despu\u00e9s del hurac\u00e1n Wilma, que todo el destino estaba renovado; ahora todos los destinos y proveedores tur\u00edsticos nos hemos preparado en hacer los trabajos de mantenimiento y los servicios est\u00e1n mejores que antes\u201d, abund\u00f3. Tambi\u00e9n destac\u00f3 que los hoteles est\u00e1n listos para abrir cuando las autoridades hagan el anuncio oficial.<\/p>\n\n\n\n<p>Roberto Cintr\u00f3n a\u00f1adi\u00f3 que en virtud de que el primer mercado en reactivarse ser\u00e1 el nacional, es por ello que deciden lanzar esta campa\u00f1a<\/p>\n\n\n\n<p>\u201cVen al Caribe Mexicano X2\u201d, para mantenerse en la mente de los viajeros, con la esperanza de que a mediados de julio puedan registrar niveles de ocupaci\u00f3n del 50 a 60 por ciento.<\/p>\n\n\n\n<p>\u201cHay que ser realistas, no vamos abrir el d\u00eda 8 de junio con los mismo \u00edndices de ocupaci\u00f3n que tra\u00edamos para mediados de marzo, sino que poco a poco se ir\u00e1n incrementando estos porcentajes de ocupaci\u00f3n, pero si no hay hoteles abiertos y productos de servicios tur\u00edsticos abiertos, las aerol\u00edneas no vendr\u00e1n a Canc\u00fan y por la tanto va haber turistas que venga a Canc\u00fan, y por es tan importante que todos los prestadores de servicios tur\u00edsticos empecemos con la apertura a partir del 8 de junio\u201d, a\u00f1adi\u00f3.<\/p>\n\n\n\n<p>Finalmente, explicaron que las promociones iniciar\u00e1n con la apertura de cada uno de los hoteles y la vigencia la definir\u00e1 cada prestador de servicios tur\u00edsticos.<\/p>\n\n\n\n<figure class=\"wp-block-gallery columns-1 is-cropped wp-block-gallery-2 is-layout-flex wp-block-gallery-is-layout-flex\"><ul class=\"blocks-gallery-grid\"><li class=\"blocks-gallery-item\"><figure><img loading=\"lazy\" decoding=\"async\" width=\"685\" height=\"389\" src=\"http:\/\/vertienteglobal.com\/wp-content\/uploads\/2020\/05\/Screenshot_2020-05-27-18-56-47-1.png\" alt=\"\" data-id=\"158470\" data-full-url=\"http:\/\/vertienteglobal.com\/wp-content\/uploads\/2020\/05\/Screenshot_2020-05-27-18-56-47-1.png\" data-link=\"http:\/\/vertienteglobal.com\/?attachment_id=158470\" class=\"wp-image-158470\" srcset=\"http:\/\/vertienteglobal.com\/wp-content\/uploads\/2020\/05\/Screenshot_2020-05-27-18-56-47-1.png 685w, http:\/\/vertienteglobal.com\/wp-content\/uploads\/2020\/05\/Screenshot_2020-05-27-18-56-47-1-300x170.png 300w, http:\/\/vertienteglobal.com\/wp-content\/uploads\/2020\/05\/Screenshot_2020-05-27-18-56-47-1-150x85.png 150w\" sizes=\"auto, (max-width: 685px) 100vw, 685px\" \/><\/figure><\/li><\/ul><\/figure>\n","protected":false},"excerpt":{"rendered":"<p>(Antonio Rivera) La campa\u00f1a fue presentada a trav\u00e9s de la plataforma Zoom y Facebook Live, y consiste en tres etapas promocionales, en las que se contemplan promociones especiales Canc\u00fan, Quintana Roo a 27 de mayo de 2020.- Los Hoteleros de Quintana Roo que integran las diversas asociaciones de hoteles en el estado lanzaron la campa\u00f1a [&hellip;]<\/p>\n","protected":false},"author":1,"featured_media":158469,"comment_status":"open","ping_status":"open","sticky":false,"template":"","format":"standard","meta":{"footnotes":""},"categories":[3],"tags":[],"class_list":["post-158468","post","type-post","status-publish","format-standard","has-post-thumbnail","hentry","category-quintana-roo","entry","has-media"],"jetpack_featured_media_url":"http:\/\/vertienteglobal.com\/wp-content\/uploads\/2020\/05\/Screenshot_2020-05-27-18-56-40-1.png","_links":{"self":[{"href":"http:\/\/vertienteglobal.com\/index.php?rest_route=\/wp\/v2\/posts\/158468","targetHints":{"allow":["GET"]}}],"collection":[{"href":"http:\/\/vertienteglobal.com\/index.php?rest_route=\/wp\/v2\/posts"}],"about":[{"href":"http:\/\/vertienteglobal.com\/index.php?rest_route=\/wp\/v2\/types\/post"}],"author":[{"embeddable":true,"href":"http:\/\/vertienteglobal.com\/index.php?rest_route=\/wp\/v2\/users\/1"}],"replies":[{"embeddable":true,"href":"http:\/\/vertienteglobal.com\/index.php?rest_route=%2Fwp%2Fv2%2Fcomments&post=158468"}],"version-history":[{"count":0,"href":"http:\/\/vertienteglobal.com\/index.php?rest_route=\/wp\/v2\/posts\/158468\/revisions"}],"wp:featuredmedia":[{"embeddable":true,"href":"http:\/\/vertienteglobal.com\/index.php?rest_route=\/wp\/v2\/media\/158469"}],"wp:attachment":[{"href":"http:\/\/vertienteglobal.com\/index.php?rest_route=%2Fwp%2Fv2%2Fmedia&parent=158468"}],"wp:term":[{"taxonomy":"category","embeddable":true,"href":"http:\/\/vertienteglobal.com\/index.php?rest_route=%2Fwp%2Fv2%2Fcategories&post=158468"},{"taxonomy":"post_tag","embeddable":true,"href":"http:\/\/vertienteglobal.com\/index.php?rest_route=%2Fwp%2Fv2%2Ftags&post=158468"}],"curies":[{"name":"wp","href":"https:\/\/api.w.org\/{rel}","templated":true}]}}