{"id":158457,"date":"2020-05-27T16:48:00","date_gmt":"2020-05-27T21:48:00","guid":{"rendered":"http:\/\/vertienteglobal.com\/?p=158457"},"modified":"2020-05-27T18:03:39","modified_gmt":"2020-05-27T23:03:39","slug":"con-la-visita-del-presiente-vienen-cosas-importantes-para-cancun-mara-lezama","status":"publish","type":"post","link":"http:\/\/vertienteglobal.com\/?p=158457","title":{"rendered":"AMLO eligi\u00f3 a Canc\u00fan para su primera visita: \u201cVienen acciones muy importantes para Benito Ju\u00e1rez\u201d: Mara"},"content":{"rendered":"\n<div class=\"twitterbutton\" style=\"float: right; padding-left: 5px;\"><a href=\"http:\/\/twitter.com\/share\" class=\"twitter-share-button\" data-count=\"horizontal\" data-text=\"AMLO eligi\u00f3 a Canc\u00fan para su primera visita: \u201cVienen acciones muy importante...\" data-via=\"https:\/\/twitter.com\/VertienteGloba1\" data-url=\"http:\/\/vertienteglobal.com\/?p=158457\" data-lang=\"es\" data-related=\"Informaci\u00f3n general:S\u00edguenos para que est\u00e9ss informado\"><\/a><\/div>\n<figure class=\"wp-block-gallery columns-1 is-cropped wp-block-gallery-1 is-layout-flex wp-block-gallery-is-layout-flex\"><ul class=\"blocks-gallery-grid\"><li class=\"blocks-gallery-item\"><figure><img loading=\"lazy\" decoding=\"async\" width=\"1024\" height=\"682\" src=\"http:\/\/vertienteglobal.com\/wp-content\/uploads\/2020\/05\/IMG_20200527_175958-1024x682.jpg\" alt=\"\" data-id=\"158466\" data-full-url=\"http:\/\/vertienteglobal.com\/wp-content\/uploads\/2020\/05\/IMG_20200527_175958.jpg\" data-link=\"http:\/\/vertienteglobal.com\/?attachment_id=158466\" class=\"wp-image-158466\" srcset=\"http:\/\/vertienteglobal.com\/wp-content\/uploads\/2020\/05\/IMG_20200527_175958-1024x682.jpg 1024w, http:\/\/vertienteglobal.com\/wp-content\/uploads\/2020\/05\/IMG_20200527_175958-300x200.jpg 300w, http:\/\/vertienteglobal.com\/wp-content\/uploads\/2020\/05\/IMG_20200527_175958-150x100.jpg 150w, http:\/\/vertienteglobal.com\/wp-content\/uploads\/2020\/05\/IMG_20200527_175958-768x512.jpg 768w, http:\/\/vertienteglobal.com\/wp-content\/uploads\/2020\/05\/IMG_20200527_175958.jpg 1280w\" sizes=\"auto, (max-width: 1024px) 100vw, 1024px\" \/><\/figure><\/li><\/ul><\/figure>\n\n\n\n<p>(Redacci\u00f3n)<\/p>\n\n\n\n<p>La Primera Edil explic\u00f3 que lo anterior fue dicho por el propio Mandatario Nacional durante su conferencia de prensa de todas las ma\u00f1anas; los especialistas de salud le confirmar\u00e1n, ma\u00f1ana jueves, que las condiciones sean seguras para viajar a este destino tur\u00edstico<\/p>\n\n\n\n<p>Canc\u00fan, Quintana Roo a 27 de mayo 2020.- Canc\u00fan ser\u00e1 el primer lugar que visite el Presidente de la Rep\u00fablica, Andr\u00e9s Manuel L\u00f3pez Obrador, el pr\u00f3ximo martes, en la etapa de reactivaci\u00f3n econ\u00f3mica, de acuerdo con lo que inform\u00f3 la presidente municipal de Benito Ju\u00e1rez, Mara Lezama, durante su transmisi\u00f3n por Facebook Live.<\/p>\n\n\n\n<p>La Primera Edil explic\u00f3 que lo anterior fue dicho por el propio Mandatario Nacional durante su conferencia de prensa de todas las ma\u00f1anas; los especialistas de salud le confirmar\u00e1n, ma\u00f1ana jueves, que las condiciones sean seguras para viajar a este destino tur\u00edstico.<\/p>\n\n\n\n<p>\u201cDesde ya, le agradecemos el contemplarnos en sus proyectos, porque vienen acciones muy importantes para Benito Ju\u00e1rez, como el programa de ampliaci\u00f3n de vivienda, los apoyos econ\u00f3micos y becas que otorga directamente el gobierno Federal\u201d, dijo Mara, quien destac\u00f3 que con el inicio del Tren Maya se camina hacia la nueva normalidad. \u201cS\u00f3lo en los tramos de Palenque-Canc\u00fan-Tulum, significar\u00e1 empleo para entre 80 y 100 mil personas\u201d, indic\u00f3.<\/p>\n\n\n\n<p>Tambi\u00e9n explic\u00f3 que el inicio de tales obras est\u00e1 previsto en los primeros d\u00edas de junio, de acuerdo con lo informado por el secretario de Comunicaciones y Transportes, Javier Jim\u00e9nez Espri\u00fa, en tanto que el director del Fonatur, Rogelio Jim\u00e9nez Pons, expres\u00f3 que todo depender\u00e1 de la valoraci\u00f3n del Gabinete de Salud.<\/p>\n\n\n\n<p>\u201cGracias Presidente por su apoyo, por estar siempre tendiendo una mano a nuestro municipio, donde lo recibiremos con todo el afecto y el reconocimiento que se merece\u201d, se\u00f1al\u00f3 la Primera Autoridad Municipal.<\/p>\n\n\n\n<p>Con respecto a las valoraciones del Sem\u00e1foro Federal, subray\u00f3 que en breve se dar\u00e1n los \u00faltimos resultados, por lo que exhort\u00f3 a la poblaci\u00f3n a seguir atendiendo las medidas de seguridad, como el uso de cubrebocas, el uso de gel antibacterial, el lavado constante de manos y, sobre todo, mantener la sana distancia y asegur\u00f3: \u201cQu\u00e9date en casa, porque de nosotros depender\u00e1 la reactivaci\u00f3n econ\u00f3mica, pero lo primero es cuidarnos, porque cuidar es amar, ser responsables con nosotros y con el pr\u00f3jimo\u201d.<\/p>\n\n\n\n<p>Record\u00f3 que, aunque seguimos en la etapa de contingencia, no han parado los servicios municipales y agradeci\u00f3 el trabajo realizado por las direcciones de Servicios P\u00fablicos y Generales que ha seguido con el mantenimiento a los parques, limpiando de sargazo las playas, retirando basura de alcantarillas, entre otras actividades, siempre respetando las medidas de seguridad sanitarias. \u201cEn lo que va de esta administraci\u00f3n, hemos eliminado 383 basureros clandestinos, De los que se retiraron un total de 2 mil 978 toneladas de basura y cacharros\u201d, detall\u00f3.<\/p>\n\n\n\n<p>En este punto, aclar\u00f3 que el Gobierno Municipal no est\u00e1 haciendo ning\u00fan tipo de cobro de pr\u00f3rroga vencida o por vencer, durante la contingencia; no se est\u00e1n generando multas por conceptos de Fiscalizaci\u00f3n y un equipo de inspectores atiende quejas vecinales presentadas en los tel\u00e9fonos de la Direcci\u00f3n y visita locales de comida para verificar que s\u00f3lo ofrezcan el servicio a domicilio.<\/p>\n\n\n\n<p>Dedic\u00f3 un espacio para agradecer el trabajo que realizan muchos colaboradores del Ayuntamiento que donan parte de su salario para hacer aportaciones a las personas que necesitan una medicina, una despensa, una leche espec\u00edfica para sus hijos, como parte de esta cruzada solidaria para ayudar a los sectores m\u00e1s vulnerables.<\/p>\n\n\n\n<figure class=\"wp-block-gallery columns-1 is-cropped wp-block-gallery-2 is-layout-flex wp-block-gallery-is-layout-flex\"><ul class=\"blocks-gallery-grid\"><li class=\"blocks-gallery-item\"><figure><img loading=\"lazy\" decoding=\"async\" width=\"750\" height=\"467\" src=\"http:\/\/vertienteglobal.com\/wp-content\/uploads\/2020\/05\/IMG_20200527_172343.jpg\" alt=\"\" data-id=\"158458\" data-full-url=\"http:\/\/vertienteglobal.com\/wp-content\/uploads\/2020\/05\/IMG_20200527_172343.jpg\" data-link=\"http:\/\/vertienteglobal.com\/?attachment_id=158458\" class=\"wp-image-158458\" srcset=\"http:\/\/vertienteglobal.com\/wp-content\/uploads\/2020\/05\/IMG_20200527_172343.jpg 750w, http:\/\/vertienteglobal.com\/wp-content\/uploads\/2020\/05\/IMG_20200527_172343-300x187.jpg 300w, http:\/\/vertienteglobal.com\/wp-content\/uploads\/2020\/05\/IMG_20200527_172343-150x93.jpg 150w\" sizes=\"auto, (max-width: 750px) 100vw, 750px\" \/><\/figure><\/li><\/ul><\/figure>\n","protected":false},"excerpt":{"rendered":"<p>(Redacci\u00f3n) La Primera Edil explic\u00f3 que lo anterior fue dicho por el propio Mandatario Nacional durante su conferencia de prensa de todas las ma\u00f1anas; los especialistas de salud le confirmar\u00e1n, ma\u00f1ana jueves, que las condiciones sean seguras para viajar a este destino tur\u00edstico Canc\u00fan, Quintana Roo a 27 de mayo 2020.- Canc\u00fan ser\u00e1 el primer [&hellip;]<\/p>\n","protected":false},"author":1,"featured_media":158466,"comment_status":"open","ping_status":"open","sticky":false,"template":"","format":"standard","meta":{"footnotes":""},"categories":[3],"tags":[],"class_list":["post-158457","post","type-post","status-publish","format-standard","has-post-thumbnail","hentry","category-quintana-roo","entry","has-media"],"jetpack_featured_media_url":"http:\/\/vertienteglobal.com\/wp-content\/uploads\/2020\/05\/IMG_20200527_175958.jpg","_links":{"self":[{"href":"http:\/\/vertienteglobal.com\/index.php?rest_route=\/wp\/v2\/posts\/158457","targetHints":{"allow":["GET"]}}],"collection":[{"href":"http:\/\/vertienteglobal.com\/index.php?rest_route=\/wp\/v2\/posts"}],"about":[{"href":"http:\/\/vertienteglobal.com\/index.php?rest_route=\/wp\/v2\/types\/post"}],"author":[{"embeddable":true,"href":"http:\/\/vertienteglobal.com\/index.php?rest_route=\/wp\/v2\/users\/1"}],"replies":[{"embeddable":true,"href":"http:\/\/vertienteglobal.com\/index.php?rest_route=%2Fwp%2Fv2%2Fcomments&post=158457"}],"version-history":[{"count":0,"href":"http:\/\/vertienteglobal.com\/index.php?rest_route=\/wp\/v2\/posts\/158457\/revisions"}],"wp:featuredmedia":[{"embeddable":true,"href":"http:\/\/vertienteglobal.com\/index.php?rest_route=\/wp\/v2\/media\/158466"}],"wp:attachment":[{"href":"http:\/\/vertienteglobal.com\/index.php?rest_route=%2Fwp%2Fv2%2Fmedia&parent=158457"}],"wp:term":[{"taxonomy":"category","embeddable":true,"href":"http:\/\/vertienteglobal.com\/index.php?rest_route=%2Fwp%2Fv2%2Fcategories&post=158457"},{"taxonomy":"post_tag","embeddable":true,"href":"http:\/\/vertienteglobal.com\/index.php?rest_route=%2Fwp%2Fv2%2Ftags&post=158457"}],"curies":[{"name":"wp","href":"https:\/\/api.w.org\/{rel}","templated":true}]}}