{"id":158413,"date":"2020-05-27T11:05:00","date_gmt":"2020-05-27T16:05:00","guid":{"rendered":"http:\/\/vertienteglobal.com\/?p=158413"},"modified":"2020-05-27T11:43:18","modified_gmt":"2020-05-27T16:43:18","slug":"todo-listo-en-la-nasa-para-lanzar-a-dos-hombres-al-espacio","status":"publish","type":"post","link":"http:\/\/vertienteglobal.com\/?p=158413","title":{"rendered":"Todo listo en la NASA para lanzar a dos hombres al espacio"},"content":{"rendered":"\n<div class=\"twitterbutton\" style=\"float: right; padding-left: 5px;\"><a href=\"http:\/\/twitter.com\/share\" class=\"twitter-share-button\" data-count=\"horizontal\" data-text=\"Todo listo en la NASA para lanzar a dos hombres al espacio\" data-via=\"https:\/\/twitter.com\/VertienteGloba1\" data-url=\"http:\/\/vertienteglobal.com\/?p=158413\" data-lang=\"es\" data-related=\"Informaci\u00f3n general:S\u00edguenos para que est\u00e9ss informado\"><\/a><\/div>\n<figure class=\"wp-block-gallery columns-1 is-cropped wp-block-gallery-1 is-layout-flex wp-block-gallery-is-layout-flex\"><ul class=\"blocks-gallery-grid\"><li class=\"blocks-gallery-item\"><figure><img loading=\"lazy\" decoding=\"async\" width=\"1024\" height=\"647\" src=\"http:\/\/vertienteglobal.com\/wp-content\/uploads\/2020\/05\/1103270.jpg\" alt=\"\" data-id=\"158414\" data-full-url=\"http:\/\/vertienteglobal.com\/wp-content\/uploads\/2020\/05\/1103270.jpg\" data-link=\"http:\/\/vertienteglobal.com\/?attachment_id=158414\" class=\"wp-image-158414\" srcset=\"http:\/\/vertienteglobal.com\/wp-content\/uploads\/2020\/05\/1103270.jpg 1024w, http:\/\/vertienteglobal.com\/wp-content\/uploads\/2020\/05\/1103270-300x190.jpg 300w, http:\/\/vertienteglobal.com\/wp-content\/uploads\/2020\/05\/1103270-150x95.jpg 150w, http:\/\/vertienteglobal.com\/wp-content\/uploads\/2020\/05\/1103270-768x485.jpg 768w\" sizes=\"auto, (max-width: 1024px) 100vw, 1024px\" \/><\/figure><\/li><\/ul><\/figure>\n\n\n\n<p>(Redaccion)<\/p>\n\n\n\n<p>La tripulaci\u00f3n est\u00e1 integrada por los astronautas Robert Behnken y Douglas Hurley quienes se acoplar\u00e1n en la c\u00e1psula Dragon a la Estaci\u00f3n Espacial Internacional<\/p>\n\n\n\n<p>Cabo Ca\u00f1averal, Houston, Texas, EEUU.-<br>Despu\u00e9s del medio d\u00eda el cohete Falcon 9 de Space X en conjunto con la NASA llevar\u00e1n al espacio por primera vez desde 2011 a dos astronautas al espacio desde el Centro Espacial Kennedy en Cabo Ca\u00f1averal.<\/p>\n\n\n\n<p>Y es que se trata de la misi\u00f3n Crew Dragon Demo 2 creado por Elon Musk del Programa de Tripulaci\u00f3n Comercial.<\/p>\n\n\n\n<p>La tripulaci\u00f3n est\u00e1 integrada por los astronautas Robert Behnken y Douglas Hurley quienes se acoplar\u00e1n en la c\u00e1psula Dragon a la Estaci\u00f3n Espacial Internacional.<\/p>\n\n\n\n<p>Los astronautas planean revelar un nombre para su nave espacial Crew Dragon el d\u00eda de su lanzamiento desde Cabo Ca\u00f1averal en Florida.<br>(Fotos: Nasa)<\/p>\n","protected":false},"excerpt":{"rendered":"<p>(Redaccion) La tripulaci\u00f3n est\u00e1 integrada por los astronautas Robert Behnken y Douglas Hurley quienes se acoplar\u00e1n en la c\u00e1psula Dragon a la Estaci\u00f3n Espacial Internacional Cabo Ca\u00f1averal, Houston, Texas, EEUU.-Despu\u00e9s del medio d\u00eda el cohete Falcon 9 de Space X en conjunto con la NASA llevar\u00e1n al espacio por primera vez desde 2011 a dos [&hellip;]<\/p>\n","protected":false},"author":1,"featured_media":158414,"comment_status":"open","ping_status":"open","sticky":false,"template":"","format":"standard","meta":{"footnotes":""},"categories":[8],"tags":[],"class_list":["post-158413","post","type-post","status-publish","format-standard","has-post-thumbnail","hentry","category-pais","entry","has-media"],"jetpack_featured_media_url":"http:\/\/vertienteglobal.com\/wp-content\/uploads\/2020\/05\/1103270.jpg","_links":{"self":[{"href":"http:\/\/vertienteglobal.com\/index.php?rest_route=\/wp\/v2\/posts\/158413","targetHints":{"allow":["GET"]}}],"collection":[{"href":"http:\/\/vertienteglobal.com\/index.php?rest_route=\/wp\/v2\/posts"}],"about":[{"href":"http:\/\/vertienteglobal.com\/index.php?rest_route=\/wp\/v2\/types\/post"}],"author":[{"embeddable":true,"href":"http:\/\/vertienteglobal.com\/index.php?rest_route=\/wp\/v2\/users\/1"}],"replies":[{"embeddable":true,"href":"http:\/\/vertienteglobal.com\/index.php?rest_route=%2Fwp%2Fv2%2Fcomments&post=158413"}],"version-history":[{"count":0,"href":"http:\/\/vertienteglobal.com\/index.php?rest_route=\/wp\/v2\/posts\/158413\/revisions"}],"wp:featuredmedia":[{"embeddable":true,"href":"http:\/\/vertienteglobal.com\/index.php?rest_route=\/wp\/v2\/media\/158414"}],"wp:attachment":[{"href":"http:\/\/vertienteglobal.com\/index.php?rest_route=%2Fwp%2Fv2%2Fmedia&parent=158413"}],"wp:term":[{"taxonomy":"category","embeddable":true,"href":"http:\/\/vertienteglobal.com\/index.php?rest_route=%2Fwp%2Fv2%2Fcategories&post=158413"},{"taxonomy":"post_tag","embeddable":true,"href":"http:\/\/vertienteglobal.com\/index.php?rest_route=%2Fwp%2Fv2%2Ftags&post=158413"}],"curies":[{"name":"wp","href":"https:\/\/api.w.org\/{rel}","templated":true}]}}