{"id":158396,"date":"2020-05-27T08:36:00","date_gmt":"2020-05-27T13:36:00","guid":{"rendered":"http:\/\/vertienteglobal.com\/?p=158396"},"modified":"2020-05-27T11:21:26","modified_gmt":"2020-05-27T16:21:26","slug":"reinicio-de-sus-giras-con-banderazo-al-tren-maya-desde-quintana-roo-amlo","status":"publish","type":"post","link":"http:\/\/vertienteglobal.com\/?p=158396","title":{"rendered":"Reinici\u00f3 de sus giras, con banderazo al Tren Maya desde Quintana Roo: AMLO"},"content":{"rendered":"\n<div class=\"twitterbutton\" style=\"float: right; padding-left: 5px;\"><a href=\"http:\/\/twitter.com\/share\" class=\"twitter-share-button\" data-count=\"horizontal\" data-text=\"Reinici\u00f3 de sus giras, con banderazo al Tren Maya desde Quintana Roo: AMLO\" data-via=\"https:\/\/twitter.com\/VertienteGloba1\" data-url=\"http:\/\/vertienteglobal.com\/?p=158396\" data-lang=\"es\" data-related=\"Informaci\u00f3n general:S\u00edguenos para que est\u00e9ss informado\"><\/a><\/div>\n<figure class=\"wp-block-gallery columns-1 is-cropped wp-block-gallery-1 is-layout-flex wp-block-gallery-is-layout-flex\"><ul class=\"blocks-gallery-grid\"><li class=\"blocks-gallery-item\"><figure><img loading=\"lazy\" decoding=\"async\" width=\"1024\" height=\"575\" src=\"http:\/\/vertienteglobal.com\/wp-content\/uploads\/2020\/05\/IMG_20200527_102550-1024x575.jpg\" alt=\"\" data-id=\"158397\" data-full-url=\"http:\/\/vertienteglobal.com\/wp-content\/uploads\/2020\/05\/IMG_20200527_102550.jpg\" data-link=\"http:\/\/vertienteglobal.com\/?attachment_id=158397\" class=\"wp-image-158397\" srcset=\"http:\/\/vertienteglobal.com\/wp-content\/uploads\/2020\/05\/IMG_20200527_102550-1024x575.jpg 1024w, http:\/\/vertienteglobal.com\/wp-content\/uploads\/2020\/05\/IMG_20200527_102550-300x168.jpg 300w, http:\/\/vertienteglobal.com\/wp-content\/uploads\/2020\/05\/IMG_20200527_102550-150x84.jpg 150w, http:\/\/vertienteglobal.com\/wp-content\/uploads\/2020\/05\/IMG_20200527_102550-768x431.jpg 768w, http:\/\/vertienteglobal.com\/wp-content\/uploads\/2020\/05\/IMG_20200527_102550.jpg 1231w\" sizes=\"auto, (max-width: 1024px) 100vw, 1024px\" \/><\/figure><\/li><\/ul><\/figure>\n\n\n\n<p>(Redacci\u00f3n)<\/p>\n\n\n\n<p>La agenda del presidente continuar\u00e1 el mi\u00e9rcoles en la ciudad de M\u00e9rida, Yucat\u00e1n<\/p>\n\n\n\n<p>El jueves, estar\u00e1 en Campeche d\u00f3nde dar\u00e1 dos banderazo de inicio de obra, de la ciudad de Campeche a Esc\u00e1rcega y de Esc\u00e1rcega a Palenque<\/p>\n\n\n\n<p>El d\u00eda viernes estar\u00e1 en la ciudad de Villahermosa, Tabasco donde tambi\u00e9n supervisar\u00e1 obras de evaluaci\u00f3n y una supervisi\u00f3n en Dos Bocas, ya que se cumple un a\u00f1o de haber dado el banderazo de inicio de obra para la refiner\u00eda en Para\u00edso, Tabasco<\/p>\n\n\n\n<p>El viernes checar las obras de ampliaci\u00f3n del puerto de Coatzacoalcos, el s\u00e1bado con la rehabilitaci\u00f3n de la refiner\u00eda de Minatitl\u00e1n<\/p>\n\n\n\n<p>Ciudad de M\u00e9xico a 27 de mayo de 2020.- El presidente de M\u00e9xico, Andr\u00e9s Manuel L\u00f3pez Obrador, dio a conocer que con probabilidad iniciar\u00e1 su gira de trabajo la pr\u00f3xima semana el d\u00eda martes desde muy temprana hora en la ciudad de Canc\u00fan, donde se reunir\u00e1 con el gabinete de seguridad de seis a siete de la ma\u00f1ana y de siete a ocho de la ma\u00f1ana realizar\u00e1 una rueda de prensa.<\/p>\n\n\n\n<p>Y es que en la conferencia ma\u00f1anera, L\u00f3pez Obrador, inform\u00f3 que se dar\u00e1 el banderazo de inicio de obra para la construcci\u00f3n del tramo del Tren Maya que correr\u00e1 de Canc\u00fan a Valladolid.<\/p>\n\n\n\n<p>Detall\u00f3 que el punto de encuentro ser\u00e1 entre Playa del Carmen y Holbox, el banderazo de inicio de obra probablemente sea en la nueva caseta de Nuevo Xcan.<\/p>\n\n\n\n<p>Cabe destacar que dicho tramo est\u00e1 a cargo de la empresa de Ingenieros Constructores Asociados (ICA), qu\u00e9 es la que administra la autopista que va de Canc\u00fan a M\u00e9rida.<\/p>\n\n\n\n<p>Asimismo, la agenda del presidente continuar\u00e1 el mi\u00e9rcoles en la ciudad de M\u00e9rida, Yucat\u00e1n, donde seguir\u00e1n los mismos protocolos que en Canc\u00fan, primero se reunir\u00e1 con el gobernador y gabinete de seguridad y posteriormente ofrecer\u00e1 su conferencia de prensa.<\/p>\n\n\n\n<p>Tambi\u00e9n dar\u00e1 el banderazo de inicio de obra del tramo del Tren Maya que correr\u00e1 de M\u00e9rida a Campeche.<\/p>\n\n\n\n<p>Para el jueves, el presidente estar\u00e1 en Campeche d\u00f3nde dar\u00e1 dos banderazo de inicio de obra, de la ciudad de Campeche a Esc\u00e1rcega y de Esc\u00e1rcega a Palenque.<\/p>\n\n\n\n<p>Para el d\u00eda viernes estar\u00e1 en la ciudad de Villahermosa, Tabasco donde tambi\u00e9n supervisar\u00e1 obras de evaluaci\u00f3n y una supervisi\u00f3n en Dos Bocas, ya que se cumple un a\u00f1o de haber dado el banderazo de inicio de obra para la refiner\u00eda en Para\u00edso, Tabasco.<\/p>\n\n\n\n<p>Por \u00faltimo el mismo viernes checar las obras de ampliaci\u00f3n del puerto de Coatzacoalcos, y el s\u00e1bado con la rehabilitaci\u00f3n de la refiner\u00eda de Minatitl\u00e1n.<\/p>\n","protected":false},"excerpt":{"rendered":"<p>(Redacci\u00f3n) La agenda del presidente continuar\u00e1 el mi\u00e9rcoles en la ciudad de M\u00e9rida, Yucat\u00e1n El jueves, estar\u00e1 en Campeche d\u00f3nde dar\u00e1 dos banderazo de inicio de obra, de la ciudad de Campeche a Esc\u00e1rcega y de Esc\u00e1rcega a Palenque El d\u00eda viernes estar\u00e1 en la ciudad de Villahermosa, Tabasco donde tambi\u00e9n supervisar\u00e1 obras de evaluaci\u00f3n [&hellip;]<\/p>\n","protected":false},"author":1,"featured_media":158397,"comment_status":"open","ping_status":"open","sticky":false,"template":"","format":"standard","meta":{"footnotes":""},"categories":[8,3,5,2],"tags":[],"class_list":["post-158396","post","type-post","status-publish","format-standard","has-post-thumbnail","hentry","category-pais","category-quintana-roo","category-tabasco","category-yucatan","entry","has-media"],"jetpack_featured_media_url":"http:\/\/vertienteglobal.com\/wp-content\/uploads\/2020\/05\/IMG_20200527_102550.jpg","_links":{"self":[{"href":"http:\/\/vertienteglobal.com\/index.php?rest_route=\/wp\/v2\/posts\/158396","targetHints":{"allow":["GET"]}}],"collection":[{"href":"http:\/\/vertienteglobal.com\/index.php?rest_route=\/wp\/v2\/posts"}],"about":[{"href":"http:\/\/vertienteglobal.com\/index.php?rest_route=\/wp\/v2\/types\/post"}],"author":[{"embeddable":true,"href":"http:\/\/vertienteglobal.com\/index.php?rest_route=\/wp\/v2\/users\/1"}],"replies":[{"embeddable":true,"href":"http:\/\/vertienteglobal.com\/index.php?rest_route=%2Fwp%2Fv2%2Fcomments&post=158396"}],"version-history":[{"count":0,"href":"http:\/\/vertienteglobal.com\/index.php?rest_route=\/wp\/v2\/posts\/158396\/revisions"}],"wp:featuredmedia":[{"embeddable":true,"href":"http:\/\/vertienteglobal.com\/index.php?rest_route=\/wp\/v2\/media\/158397"}],"wp:attachment":[{"href":"http:\/\/vertienteglobal.com\/index.php?rest_route=%2Fwp%2Fv2%2Fmedia&parent=158396"}],"wp:term":[{"taxonomy":"category","embeddable":true,"href":"http:\/\/vertienteglobal.com\/index.php?rest_route=%2Fwp%2Fv2%2Fcategories&post=158396"},{"taxonomy":"post_tag","embeddable":true,"href":"http:\/\/vertienteglobal.com\/index.php?rest_route=%2Fwp%2Fv2%2Ftags&post=158396"}],"curies":[{"name":"wp","href":"https:\/\/api.w.org\/{rel}","templated":true}]}}