{"id":158392,"date":"2020-05-27T07:37:00","date_gmt":"2020-05-27T12:37:00","guid":{"rendered":"http:\/\/vertienteglobal.com\/?p=158392"},"modified":"2020-05-27T10:39:37","modified_gmt":"2020-05-27T15:39:37","slug":"precios-de-garantia-referencia-de-un-nuevo-sentido-social","status":"publish","type":"post","link":"http:\/\/vertienteglobal.com\/?p=158392","title":{"rendered":"Precios de Garant\u00eda, referencia de un nuevo sentido social"},"content":{"rendered":"\n<div class=\"twitterbutton\" style=\"float: right; padding-left: 5px;\"><a href=\"http:\/\/twitter.com\/share\" class=\"twitter-share-button\" data-count=\"horizontal\" data-text=\"Precios de Garant\u00eda, referencia de un nuevo sentido social\" data-via=\"https:\/\/twitter.com\/VertienteGloba1\" data-url=\"http:\/\/vertienteglobal.com\/?p=158392\" data-lang=\"es\" data-related=\"Informaci\u00f3n general:S\u00edguenos para que est\u00e9ss informado\"><\/a><\/div>\n<figure class=\"wp-block-gallery columns-1 is-cropped wp-block-gallery-1 is-layout-flex wp-block-gallery-is-layout-flex\"><ul class=\"blocks-gallery-grid\"><li class=\"blocks-gallery-item\"><figure><img loading=\"lazy\" decoding=\"async\" width=\"638\" height=\"409\" src=\"http:\/\/vertienteglobal.com\/wp-content\/uploads\/2020\/05\/granos_basicos-1.jpg\" alt=\"\" data-id=\"158393\" data-full-url=\"http:\/\/vertienteglobal.com\/wp-content\/uploads\/2020\/05\/granos_basicos-1.jpg\" data-link=\"http:\/\/vertienteglobal.com\/?attachment_id=158393\" class=\"wp-image-158393\" srcset=\"http:\/\/vertienteglobal.com\/wp-content\/uploads\/2020\/05\/granos_basicos-1.jpg 638w, http:\/\/vertienteglobal.com\/wp-content\/uploads\/2020\/05\/granos_basicos-1-300x192.jpg 300w, http:\/\/vertienteglobal.com\/wp-content\/uploads\/2020\/05\/granos_basicos-1-150x96.jpg 150w\" sizes=\"auto, (max-width: 638px) 100vw, 638px\" \/><\/figure><\/li><\/ul><\/figure>\n\n\n\n<p>(Redacci\u00f3n)<\/p>\n\n\n\n<p>Alentar la autosuficiencia alimentaria del pa\u00eds, reduciendo las importaciones a trav\u00e9s del establecimiento de precios fijos de compra en granos b\u00e1sicos y en leche<\/p>\n\n\n\n<p>Ciudad de M\u00e9xico a 27 de mayo de 2020.- El Programa tiene como objetivo incentivar el ingreso de las y los peque\u00f1os productores agropecuarios para contribuir a mejorar su nivel de vida y aumentar la producci\u00f3n agropecuaria.<\/p>\n\n\n\n<p>Asimismo, alentar la autosuficiencia alimentaria del pa\u00eds, reduciendo las importaciones a trav\u00e9s del establecimiento de precios fijos de compra en granos b\u00e1sicos y en leche.<\/p>\n\n\n\n<p>Aunque el esquema de precios de garant\u00eda apoya a productoras y productores m\u00e1s humildes y de menor escala del pa\u00eds, dentro de la estrategia de combate a la pobreza, hoy se extiende para estimular a medianas y medianos agricultores de granos de los estados de Sinaloa, sur de Sonora y Tamaulipas ya que la producci\u00f3n en estas regiones del pa\u00eds alcanza entre cinco y seis millones de toneladas de ma\u00edz de la m\u00e1s alta calidad.<\/p>\n\n\n\n<p>Cabe destacar que el organismo Seguridad Alimentaria Mexicana (Segalmex) es el encargado de operar el sistema de precios de garant\u00eda y el acopio de leche fluida de productoras y productores de peque\u00f1a escala para abastecer a comunidades vulnerables, rurales e ind\u00edgenas, a trav\u00e9s de cientos de centros de venta y distribuci\u00f3n de productos b\u00e1sicos.<\/p>\n\n\n\n<p>Como resultado del trabajo realizado mediante el programa Precios de Garant\u00eda tenemos que:<\/p>\n\n\n\n<p>En el primer cuatrimestre de 2020 se han apoyado a poco m\u00e1s de 58 mil productores, con una derrama econ\u00f3mica de m\u00e1s de 4 mil millones de pesos en 26 estados.<\/p>\n\n\n\n<p>Se han acopiado casi 647 mil toneladas de ma\u00edz y frijol y captado 129.68 millones de litros de leche con precios de garant\u00eda.<\/p>\n\n\n\n<p>Se ha pagado precio de garant\u00eda a un total de 72,464 toneladas.<\/p>\n\n\n\n<p>En el marco del combate a la pandemia de COVID-19, los precios de garant\u00eda forman parte de las estrategias establecidas para mantener asegurada la producci\u00f3n y abasto de alimentos, gracias a la unidad de mexicanas y mexicanos, los campesinos y los productores de alimentos de pueblos originarios #ElCampoNoSeDetiene.<\/p>\n\n\n\n<figure class=\"wp-block-gallery columns-1 is-cropped wp-block-gallery-2 is-layout-flex wp-block-gallery-is-layout-flex\"><ul class=\"blocks-gallery-grid\"><li class=\"blocks-gallery-item\"><figure><img loading=\"lazy\" decoding=\"async\" width=\"323\" height=\"156\" src=\"http:\/\/vertienteglobal.com\/wp-content\/uploads\/2020\/05\/granos2.jpg\" alt=\"\" data-id=\"158394\" data-full-url=\"http:\/\/vertienteglobal.com\/wp-content\/uploads\/2020\/05\/granos2.jpg\" data-link=\"http:\/\/vertienteglobal.com\/?attachment_id=158394\" class=\"wp-image-158394\" srcset=\"http:\/\/vertienteglobal.com\/wp-content\/uploads\/2020\/05\/granos2.jpg 323w, http:\/\/vertienteglobal.com\/wp-content\/uploads\/2020\/05\/granos2-300x145.jpg 300w, http:\/\/vertienteglobal.com\/wp-content\/uploads\/2020\/05\/granos2-150x72.jpg 150w\" sizes=\"auto, (max-width: 323px) 100vw, 323px\" \/><\/figure><\/li><\/ul><\/figure>\n","protected":false},"excerpt":{"rendered":"<p>(Redacci\u00f3n) Alentar la autosuficiencia alimentaria del pa\u00eds, reduciendo las importaciones a trav\u00e9s del establecimiento de precios fijos de compra en granos b\u00e1sicos y en leche Ciudad de M\u00e9xico a 27 de mayo de 2020.- El Programa tiene como objetivo incentivar el ingreso de las y los peque\u00f1os productores agropecuarios para contribuir a mejorar su nivel [&hellip;]<\/p>\n","protected":false},"author":1,"featured_media":158393,"comment_status":"open","ping_status":"open","sticky":false,"template":"","format":"standard","meta":{"footnotes":""},"categories":[8],"tags":[],"class_list":["post-158392","post","type-post","status-publish","format-standard","has-post-thumbnail","hentry","category-pais","entry","has-media"],"jetpack_featured_media_url":"http:\/\/vertienteglobal.com\/wp-content\/uploads\/2020\/05\/granos_basicos-1.jpg","_links":{"self":[{"href":"http:\/\/vertienteglobal.com\/index.php?rest_route=\/wp\/v2\/posts\/158392","targetHints":{"allow":["GET"]}}],"collection":[{"href":"http:\/\/vertienteglobal.com\/index.php?rest_route=\/wp\/v2\/posts"}],"about":[{"href":"http:\/\/vertienteglobal.com\/index.php?rest_route=\/wp\/v2\/types\/post"}],"author":[{"embeddable":true,"href":"http:\/\/vertienteglobal.com\/index.php?rest_route=\/wp\/v2\/users\/1"}],"replies":[{"embeddable":true,"href":"http:\/\/vertienteglobal.com\/index.php?rest_route=%2Fwp%2Fv2%2Fcomments&post=158392"}],"version-history":[{"count":0,"href":"http:\/\/vertienteglobal.com\/index.php?rest_route=\/wp\/v2\/posts\/158392\/revisions"}],"wp:featuredmedia":[{"embeddable":true,"href":"http:\/\/vertienteglobal.com\/index.php?rest_route=\/wp\/v2\/media\/158393"}],"wp:attachment":[{"href":"http:\/\/vertienteglobal.com\/index.php?rest_route=%2Fwp%2Fv2%2Fmedia&parent=158392"}],"wp:term":[{"taxonomy":"category","embeddable":true,"href":"http:\/\/vertienteglobal.com\/index.php?rest_route=%2Fwp%2Fv2%2Fcategories&post=158392"},{"taxonomy":"post_tag","embeddable":true,"href":"http:\/\/vertienteglobal.com\/index.php?rest_route=%2Fwp%2Fv2%2Ftags&post=158392"}],"curies":[{"name":"wp","href":"https:\/\/api.w.org\/{rel}","templated":true}]}}