{"id":158383,"date":"2020-05-26T23:08:00","date_gmt":"2020-05-27T04:08:00","guid":{"rendered":"http:\/\/vertienteglobal.com\/?p=158383"},"modified":"2020-05-26T23:18:09","modified_gmt":"2020-05-27T04:18:09","slug":"madonna-desafio-la-censura-en-instagram","status":"publish","type":"post","link":"http:\/\/vertienteglobal.com\/?p=158383","title":{"rendered":"Madonna desafi\u00f3 la censura en Instagram"},"content":{"rendered":"\n<div class=\"twitterbutton\" style=\"float: right; padding-left: 5px;\"><a href=\"http:\/\/twitter.com\/share\" class=\"twitter-share-button\" data-count=\"horizontal\" data-text=\"Madonna desafi\u00f3 la censura en Instagram\" data-via=\"https:\/\/twitter.com\/VertienteGloba1\" data-url=\"http:\/\/vertienteglobal.com\/?p=158383\" data-lang=\"es\" data-related=\"Informaci\u00f3n general:S\u00edguenos para que est\u00e9ss informado\"><\/a><\/div>\n<figure class=\"wp-block-gallery columns-1 is-cropped wp-block-gallery-1 is-layout-flex wp-block-gallery-is-layout-flex\"><ul class=\"blocks-gallery-grid\"><li class=\"blocks-gallery-item\"><figure><img loading=\"lazy\" decoding=\"async\" width=\"800\" height=\"600\" src=\"http:\/\/vertienteglobal.com\/wp-content\/uploads\/2020\/05\/madonna-top-73633.jpg\" alt=\"\" data-id=\"158384\" data-full-url=\"http:\/\/vertienteglobal.com\/wp-content\/uploads\/2020\/05\/madonna-top-73633.jpg\" data-link=\"http:\/\/vertienteglobal.com\/?attachment_id=158384\" class=\"wp-image-158384\" srcset=\"http:\/\/vertienteglobal.com\/wp-content\/uploads\/2020\/05\/madonna-top-73633.jpg 800w, http:\/\/vertienteglobal.com\/wp-content\/uploads\/2020\/05\/madonna-top-73633-300x225.jpg 300w, http:\/\/vertienteglobal.com\/wp-content\/uploads\/2020\/05\/madonna-top-73633-150x113.jpg 150w, http:\/\/vertienteglobal.com\/wp-content\/uploads\/2020\/05\/madonna-top-73633-768x576.jpg 768w\" sizes=\"auto, (max-width: 800px) 100vw, 800px\" \/><\/figure><\/li><\/ul><\/figure>\n\n\n\n<p>(Redacci\u00f3n)<\/p>\n\n\n\n<p>De nueva cuenta, la cantante demostr\u00f3 que no le importa lo que piensan de ella con esta atrevida imagen y que a\u00fan conserva un espectacular cuerpo<\/p>\n\n\n\n<p>Ciudad de a M\u00e9xico a 26 de mayo de 2020.-Madonna desafi\u00f3 la censura de Instagram y public\u00f3 una candente foto semidesnuda.<\/p>\n\n\n\n<p>De nueva cuenta, la cantante demostr\u00f3 que no le importa lo que piensan de ella con esta atrevida imagen y que a\u00fan conserva un espectacular cuerpo.<\/p>\n\n\n\n<p>Y es que la Reina del Pop, aparece bastante relajada, con el cabello alborotado, sentada en una banca tipo vintage posando en lencer\u00eda con un sujetador transparente en tono nude, una truza de color negra y en la mano parece llevar otra prenda interior m\u00e1s.<\/p>\n\n\n\n<p>\u201cY para aquellos de ustedes que se ofenden de alguna manera por esta foto, quiero informarles que me he graduado con \u00e9xito de la Universidad \u2018No me importa en lo absoluto\u2019. \u00a1Gracias por asistir a mi ceremonia de graduaci\u00f3n! \u00a1Clase de 2020!\u201d, public\u00f3 en la imagen.<\/p>\n\n\n\n<figure class=\"wp-block-gallery columns-1 is-cropped wp-block-gallery-2 is-layout-flex wp-block-gallery-is-layout-flex\"><ul class=\"blocks-gallery-grid\"><li class=\"blocks-gallery-item\"><figure><img loading=\"lazy\" decoding=\"async\" width=\"800\" height=\"687\" src=\"http:\/\/vertienteglobal.com\/wp-content\/uploads\/2020\/05\/madonna-foto-43245.png\" alt=\"\" data-id=\"158385\" data-full-url=\"http:\/\/vertienteglobal.com\/wp-content\/uploads\/2020\/05\/madonna-foto-43245.png\" data-link=\"http:\/\/vertienteglobal.com\/?attachment_id=158385\" class=\"wp-image-158385\" srcset=\"http:\/\/vertienteglobal.com\/wp-content\/uploads\/2020\/05\/madonna-foto-43245.png 800w, http:\/\/vertienteglobal.com\/wp-content\/uploads\/2020\/05\/madonna-foto-43245-300x258.png 300w, http:\/\/vertienteglobal.com\/wp-content\/uploads\/2020\/05\/madonna-foto-43245-150x129.png 150w, http:\/\/vertienteglobal.com\/wp-content\/uploads\/2020\/05\/madonna-foto-43245-768x660.png 768w\" sizes=\"auto, (max-width: 800px) 100vw, 800px\" \/><\/figure><\/li><\/ul><\/figure>\n","protected":false},"excerpt":{"rendered":"<p>(Redacci\u00f3n) De nueva cuenta, la cantante demostr\u00f3 que no le importa lo que piensan de ella con esta atrevida imagen y que a\u00fan conserva un espectacular cuerpo Ciudad de a M\u00e9xico a 26 de mayo de 2020.-Madonna desafi\u00f3 la censura de Instagram y public\u00f3 una candente foto semidesnuda. De nueva cuenta, la cantante demostr\u00f3 que [&hellip;]<\/p>\n","protected":false},"author":1,"featured_media":158384,"comment_status":"open","ping_status":"open","sticky":false,"template":"","format":"standard","meta":{"footnotes":""},"categories":[10],"tags":[],"class_list":["post-158383","post","type-post","status-publish","format-standard","has-post-thumbnail","hentry","category-espectaculos","entry","has-media"],"jetpack_featured_media_url":"http:\/\/vertienteglobal.com\/wp-content\/uploads\/2020\/05\/madonna-top-73633.jpg","_links":{"self":[{"href":"http:\/\/vertienteglobal.com\/index.php?rest_route=\/wp\/v2\/posts\/158383","targetHints":{"allow":["GET"]}}],"collection":[{"href":"http:\/\/vertienteglobal.com\/index.php?rest_route=\/wp\/v2\/posts"}],"about":[{"href":"http:\/\/vertienteglobal.com\/index.php?rest_route=\/wp\/v2\/types\/post"}],"author":[{"embeddable":true,"href":"http:\/\/vertienteglobal.com\/index.php?rest_route=\/wp\/v2\/users\/1"}],"replies":[{"embeddable":true,"href":"http:\/\/vertienteglobal.com\/index.php?rest_route=%2Fwp%2Fv2%2Fcomments&post=158383"}],"version-history":[{"count":0,"href":"http:\/\/vertienteglobal.com\/index.php?rest_route=\/wp\/v2\/posts\/158383\/revisions"}],"wp:featuredmedia":[{"embeddable":true,"href":"http:\/\/vertienteglobal.com\/index.php?rest_route=\/wp\/v2\/media\/158384"}],"wp:attachment":[{"href":"http:\/\/vertienteglobal.com\/index.php?rest_route=%2Fwp%2Fv2%2Fmedia&parent=158383"}],"wp:term":[{"taxonomy":"category","embeddable":true,"href":"http:\/\/vertienteglobal.com\/index.php?rest_route=%2Fwp%2Fv2%2Fcategories&post=158383"},{"taxonomy":"post_tag","embeddable":true,"href":"http:\/\/vertienteglobal.com\/index.php?rest_route=%2Fwp%2Fv2%2Ftags&post=158383"}],"curies":[{"name":"wp","href":"https:\/\/api.w.org\/{rel}","templated":true}]}}