{"id":158302,"date":"2020-05-26T12:46:00","date_gmt":"2020-05-26T17:46:00","guid":{"rendered":"http:\/\/vertienteglobal.com\/?p=158302"},"modified":"2020-05-26T12:45:38","modified_gmt":"2020-05-26T17:45:38","slug":"enfermedad-de-stargardt-la-padecen-ninos-y-adolescentes","status":"publish","type":"post","link":"http:\/\/vertienteglobal.com\/?p=158302","title":{"rendered":"Enfermedad de Stargardt la padecen ni\u00f1os y adolescentes"},"content":{"rendered":"\n<div class=\"twitterbutton\" style=\"float: right; padding-left: 5px;\"><a href=\"http:\/\/twitter.com\/share\" class=\"twitter-share-button\" data-count=\"horizontal\" data-text=\"Enfermedad de Stargardt la padecen ni\u00f1os y adolescentes\" data-via=\"https:\/\/twitter.com\/VertienteGloba1\" data-url=\"http:\/\/vertienteglobal.com\/?p=158302\" data-lang=\"es\" data-related=\"Informaci\u00f3n general:S\u00edguenos para que est\u00e9ss informado\"><\/a><\/div>\n<figure class=\"wp-block-gallery columns-1 is-cropped wp-block-gallery-1 is-layout-flex wp-block-gallery-is-layout-flex\"><ul class=\"blocks-gallery-grid\"><li class=\"blocks-gallery-item\"><figure><img loading=\"lazy\" decoding=\"async\" width=\"1024\" height=\"656\" src=\"http:\/\/vertienteglobal.com\/wp-content\/uploads\/2020\/05\/1103018.jpg\" alt=\"\" data-id=\"158303\" data-full-url=\"http:\/\/vertienteglobal.com\/wp-content\/uploads\/2020\/05\/1103018.jpg\" data-link=\"http:\/\/vertienteglobal.com\/?attachment_id=158303\" class=\"wp-image-158303\" srcset=\"http:\/\/vertienteglobal.com\/wp-content\/uploads\/2020\/05\/1103018.jpg 1024w, http:\/\/vertienteglobal.com\/wp-content\/uploads\/2020\/05\/1103018-300x192.jpg 300w, http:\/\/vertienteglobal.com\/wp-content\/uploads\/2020\/05\/1103018-150x96.jpg 150w, http:\/\/vertienteglobal.com\/wp-content\/uploads\/2020\/05\/1103018-768x492.jpg 768w\" sizes=\"auto, (max-width: 1024px) 100vw, 1024px\" \/><\/figure><\/li><\/ul><\/figure>\n\n\n\n<p>(Redacci\u00f3n)<\/p>\n\n\n\n<p>Los expertos mencionan que una de cada ocho mil personas tienen la enfermedad de Stargardt<\/p>\n\n\n\n<p>Ciudad de M\u00e9xico a 26 de mayo de 2020.- La enfermedad de Stargardt es un trastorno hereditario de la retina, el tejido en la parte posterior del ojo que detecta la luz, este padecimiento causa p\u00e9rdida de visi\u00f3n durante la ni\u00f1ez o adolescencia explica el Instituto Nacional del Ojo.<\/p>\n\n\n\n<p>Los expertos mencionan que una de cada ocho mil personas tienen la enfermedad de Stargardt.<\/p>\n\n\n\n<p>Este padecimiento es ocasionado por la mutaci\u00f3n del gen ABCA4, que produce una prote\u00edna que normalmente elimina los subproductos de vitamina A dentro de los fotorreceptores, las personas que carecen de la prote\u00edna ABCA4 acumulan lipofuscina.<\/p>\n\n\n\n<p>La lipofuscina aumenta dentro y alrededor de la m\u00e1cula deteriorando la visi\u00f3n central, adem\u00e1s provoca la muerte de los fotorreceptores.<\/p>\n\n\n\n<p>Los s\u00edntomas de este padecimiento ocular son p\u00e9rdida lenta de visi\u00f3n, manchas grises, negras o brumosas, sensibilidad a la luz y el desarrollo de daltonismo.<\/p>\n\n\n\n<p>Hasta el momento no existe un tratamiento para esta enfermedad, pero se recomienda usar lentes oscuros para evitar el contacto con la luz y evitar la producci\u00f3n de lipofuscina.<\/p>\n\n\n\n<p>Tambi\u00e9n existen dispositivos y servicios para las personas que empiezan a padecer baja visi\u00f3n para que puedan realizar sus actividades normales. (Fuente y foto:Notimex)<\/p>\n","protected":false},"excerpt":{"rendered":"<p>(Redacci\u00f3n) Los expertos mencionan que una de cada ocho mil personas tienen la enfermedad de Stargardt Ciudad de M\u00e9xico a 26 de mayo de 2020.- La enfermedad de Stargardt es un trastorno hereditario de la retina, el tejido en la parte posterior del ojo que detecta la luz, este padecimiento causa p\u00e9rdida de visi\u00f3n durante [&hellip;]<\/p>\n","protected":false},"author":1,"featured_media":158303,"comment_status":"open","ping_status":"open","sticky":false,"template":"","format":"standard","meta":{"footnotes":""},"categories":[8],"tags":[],"class_list":["post-158302","post","type-post","status-publish","format-standard","has-post-thumbnail","hentry","category-pais","entry","has-media"],"jetpack_featured_media_url":"http:\/\/vertienteglobal.com\/wp-content\/uploads\/2020\/05\/1103018.jpg","_links":{"self":[{"href":"http:\/\/vertienteglobal.com\/index.php?rest_route=\/wp\/v2\/posts\/158302","targetHints":{"allow":["GET"]}}],"collection":[{"href":"http:\/\/vertienteglobal.com\/index.php?rest_route=\/wp\/v2\/posts"}],"about":[{"href":"http:\/\/vertienteglobal.com\/index.php?rest_route=\/wp\/v2\/types\/post"}],"author":[{"embeddable":true,"href":"http:\/\/vertienteglobal.com\/index.php?rest_route=\/wp\/v2\/users\/1"}],"replies":[{"embeddable":true,"href":"http:\/\/vertienteglobal.com\/index.php?rest_route=%2Fwp%2Fv2%2Fcomments&post=158302"}],"version-history":[{"count":0,"href":"http:\/\/vertienteglobal.com\/index.php?rest_route=\/wp\/v2\/posts\/158302\/revisions"}],"wp:featuredmedia":[{"embeddable":true,"href":"http:\/\/vertienteglobal.com\/index.php?rest_route=\/wp\/v2\/media\/158303"}],"wp:attachment":[{"href":"http:\/\/vertienteglobal.com\/index.php?rest_route=%2Fwp%2Fv2%2Fmedia&parent=158302"}],"wp:term":[{"taxonomy":"category","embeddable":true,"href":"http:\/\/vertienteglobal.com\/index.php?rest_route=%2Fwp%2Fv2%2Fcategories&post=158302"},{"taxonomy":"post_tag","embeddable":true,"href":"http:\/\/vertienteglobal.com\/index.php?rest_route=%2Fwp%2Fv2%2Ftags&post=158302"}],"curies":[{"name":"wp","href":"https:\/\/api.w.org\/{rel}","templated":true}]}}