{"id":158131,"date":"2020-05-24T23:21:00","date_gmt":"2020-05-25T04:21:00","guid":{"rendered":"http:\/\/vertienteglobal.com\/?p=158131"},"modified":"2020-05-24T23:31:14","modified_gmt":"2020-05-25T04:31:14","slug":"conoce-mas-sobre-los-sintomas-de-la-esquizofrenia","status":"publish","type":"post","link":"http:\/\/vertienteglobal.com\/?p=158131","title":{"rendered":"Conoce m\u00e1s sobre los s\u00edntomas de la esquizofrenia"},"content":{"rendered":"\n<div class=\"twitterbutton\" style=\"float: right; padding-left: 5px;\"><a href=\"http:\/\/twitter.com\/share\" class=\"twitter-share-button\" data-count=\"horizontal\" data-text=\"Conoce m\u00e1s sobre los s\u00edntomas de la esquizofrenia\" data-via=\"https:\/\/twitter.com\/VertienteGloba1\" data-url=\"http:\/\/vertienteglobal.com\/?p=158131\" data-lang=\"es\" data-related=\"Informaci\u00f3n general:S\u00edguenos para que est\u00e9ss informado\"><\/a><\/div>\n<figure class=\"wp-block-gallery columns-1 is-cropped wp-block-gallery-1 is-layout-flex wp-block-gallery-is-layout-flex\"><ul class=\"blocks-gallery-grid\"><li class=\"blocks-gallery-item\"><figure><img loading=\"lazy\" decoding=\"async\" width=\"1024\" height=\"656\" src=\"http:\/\/vertienteglobal.com\/wp-content\/uploads\/2020\/05\/1102768.jpg\" alt=\"\" data-id=\"158132\" data-full-url=\"http:\/\/vertienteglobal.com\/wp-content\/uploads\/2020\/05\/1102768.jpg\" data-link=\"http:\/\/vertienteglobal.com\/?attachment_id=158132\" class=\"wp-image-158132\" srcset=\"http:\/\/vertienteglobal.com\/wp-content\/uploads\/2020\/05\/1102768.jpg 1024w, http:\/\/vertienteglobal.com\/wp-content\/uploads\/2020\/05\/1102768-300x192.jpg 300w, http:\/\/vertienteglobal.com\/wp-content\/uploads\/2020\/05\/1102768-150x96.jpg 150w, http:\/\/vertienteglobal.com\/wp-content\/uploads\/2020\/05\/1102768-768x492.jpg 768w\" sizes=\"auto, (max-width: 1024px) 100vw, 1024px\" \/><\/figure><\/li><\/ul><\/figure>\n\n\n\n<p>(Redacci\u00f3n)<\/p>\n\n\n\n<p>Los signos y los s\u00edntomas de la esquizofrenia suelen aparecer entre los 16 y 30 a\u00f1os, con menor frecuencia aparece en la ni\u00f1ez<\/p>\n\n\n\n<p>Ciudad de M\u00e9xico a 24 de mayo de 2020.- La esquizofrenia no es un trastorno de identidad disociativo, sino un trastorno grave del neurodesarrollo que dura toda la vida y afecta la forma de pensar, de comportarse y de sentirse de quienes lo padecen.<\/p>\n\n\n\n<p>De acuerdo con el Instituto Nacional de Salud Mental de EUA (NIMH en ingl\u00e9s), los signos y los s\u00edntomas de la esquizofrenia suelen aparecer entre los 16 y 30 a\u00f1os, con menor frecuencia aparece en la ni\u00f1ez.<\/p>\n\n\n\n<p>Adem\u00e1s, se dividen en tres categor\u00edas:<\/p>\n\n\n\n<ol class=\"wp-block-list\"><li>S\u00edntomas positivos<\/li><\/ol>\n\n\n\n<p>Implican un exceso o distorsi\u00f3n de las funciones normales. Tambi\u00e9n se definen como comportamientos adicionales que, para algunas personas son ocasionales y otras los desarrollan de manera frecuente, incluso se estabilizan con el tiempo. Algunos pueden ser graves e incluyen:<\/p>\n\n\n\n<p>Alucinaciones: es cuando una persona puede ver, o\u00edr, oler e incluso saborear cosas que no son reales. Algunas son capaces de escuchar voces, por lo general, los familiares y amigos de la persona con esquizofrenia no se dan cuenta de este comportamiento hasta mucho tiempo despu\u00e9s.<\/p>\n\n\n\n<p>Delirios: es un s\u00edntoma espec\u00edfico de las personas que creen en cosas o situaciones inexistentes. A veces tienden a creer que est\u00e1n en peligro o que los dem\u00e1s a su alrededor tratan de lastimarlos.<\/p>\n\n\n\n<p>Trastornos del pensamiento: ocurre cuando una persona tiene formas extra\u00f1as o il\u00f3gicas de pensar. Es decir, pueden tener problemas para organizar sus ideas y pueden dejar de hablar en medio de un pensamiento o inventar palabras sin sentido.<\/p>\n\n\n\n<p>Trastornos del movimiento: en este caso, las personas exhiben movimientos corporales anormales. Puede repetir ciertos movimientos una y otra vez, lo que se conoce como estereotipias o pueden dejar de moverse o de hablar por alg\u00fan tiempo; a este estado se le conoce como catatonia.<\/p>\n\n\n\n<ol class=\"wp-block-list\" start=\"2\"><li>S\u00edntomas negativos<\/li><\/ol>\n\n\n\n<p>Implican una disminuci\u00f3n o p\u00e9rdida de las funciones normales, esto es la abstinencia social que se caracteriza por tener cierta dificultad para mostrar emociones.<\/p>\n\n\n\n<p>Los pacientes con este tipo de s\u00edntomas requieren ayuda con las tareas diarias y sobresalen los siguientes: hablar con voz apagada o baja, falta de expresi\u00f3n facial, dificultad para sentir felicidad, problemas para planificar y mantener una actividad, hablar muy poco con las personas, entre otros.<\/p>\n\n\n\n<p>Usualmente, los s\u00edntomas negativos son m\u00e1s dif\u00edciles de reconocer como parte de la enfermedad y pueden confundirse con otros trastornos como la depresi\u00f3n.<\/p>\n\n\n\n<ol class=\"wp-block-list\" start=\"3\"><li>S\u00edntomas cognitivos<\/li><\/ol>\n\n\n\n<p>Estos son dif\u00edciles de ver, pero pueden dificultar que la persona mantenga un trabajo o se cuide ya que, el nivel de la funci\u00f3n cognitiva es uno de los principales indicadores de la capacidad que tiene una persona para mejorar su funcionamiento general.<\/p>\n\n\n\n<p>Por lo com\u00fan, estos s\u00edntomas se detectan cuando los especialistas realizan pruebas espec\u00edficas y comprenden lo siguiente: dificultad para procesar informaci\u00f3n para la toma de decisiones, problemas para usar informaci\u00f3n inmediatamente despu\u00e9s de aprenderla y dificultad para prestar atenci\u00f3n.<\/p>\n\n\n\n<p>Existen algunos factores que pueden causar esquizofrenia como la gen\u00e9tica, vivir en la pobreza o en entornos estresantes, la exposici\u00f3n a virus o problemas nutricionales antes del nacimiento y perturbaciones en las estructuras, funci\u00f3n o qu\u00edmica del cerebro.<\/p>\n\n\n\n<p>El tratamiento se basa en f\u00e1rmacos antipsic\u00f3ticos y tratamientos psicosociales. Es importante mencionar que, un paciente no debe dejar de tomar sus medicamentos sin antes consultar con un m\u00e9dico pues la interrupci\u00f3n repentina de la medicaci\u00f3n podr\u00eda empeorar los s\u00edntomas de la enfermedad.<br>(Fuente y foto: Notimex)<\/p>\n","protected":false},"excerpt":{"rendered":"<p>(Redacci\u00f3n) Los signos y los s\u00edntomas de la esquizofrenia suelen aparecer entre los 16 y 30 a\u00f1os, con menor frecuencia aparece en la ni\u00f1ez Ciudad de M\u00e9xico a 24 de mayo de 2020.- La esquizofrenia no es un trastorno de identidad disociativo, sino un trastorno grave del neurodesarrollo que dura toda la vida y afecta [&hellip;]<\/p>\n","protected":false},"author":1,"featured_media":158132,"comment_status":"open","ping_status":"open","sticky":false,"template":"","format":"standard","meta":{"footnotes":""},"categories":[8],"tags":[],"class_list":["post-158131","post","type-post","status-publish","format-standard","has-post-thumbnail","hentry","category-pais","entry","has-media"],"jetpack_featured_media_url":"http:\/\/vertienteglobal.com\/wp-content\/uploads\/2020\/05\/1102768.jpg","_links":{"self":[{"href":"http:\/\/vertienteglobal.com\/index.php?rest_route=\/wp\/v2\/posts\/158131","targetHints":{"allow":["GET"]}}],"collection":[{"href":"http:\/\/vertienteglobal.com\/index.php?rest_route=\/wp\/v2\/posts"}],"about":[{"href":"http:\/\/vertienteglobal.com\/index.php?rest_route=\/wp\/v2\/types\/post"}],"author":[{"embeddable":true,"href":"http:\/\/vertienteglobal.com\/index.php?rest_route=\/wp\/v2\/users\/1"}],"replies":[{"embeddable":true,"href":"http:\/\/vertienteglobal.com\/index.php?rest_route=%2Fwp%2Fv2%2Fcomments&post=158131"}],"version-history":[{"count":0,"href":"http:\/\/vertienteglobal.com\/index.php?rest_route=\/wp\/v2\/posts\/158131\/revisions"}],"wp:featuredmedia":[{"embeddable":true,"href":"http:\/\/vertienteglobal.com\/index.php?rest_route=\/wp\/v2\/media\/158132"}],"wp:attachment":[{"href":"http:\/\/vertienteglobal.com\/index.php?rest_route=%2Fwp%2Fv2%2Fmedia&parent=158131"}],"wp:term":[{"taxonomy":"category","embeddable":true,"href":"http:\/\/vertienteglobal.com\/index.php?rest_route=%2Fwp%2Fv2%2Fcategories&post=158131"},{"taxonomy":"post_tag","embeddable":true,"href":"http:\/\/vertienteglobal.com\/index.php?rest_route=%2Fwp%2Fv2%2Ftags&post=158131"}],"curies":[{"name":"wp","href":"https:\/\/api.w.org\/{rel}","templated":true}]}}