{"id":158110,"date":"2020-05-24T21:46:00","date_gmt":"2020-05-25T02:46:00","guid":{"rendered":"http:\/\/vertienteglobal.com\/?p=158110"},"modified":"2020-05-24T21:58:43","modified_gmt":"2020-05-25T02:58:43","slug":"alertan-de-turbonada-que-podria-afectar-limites-entre-tamaulipas-y-veracruz","status":"publish","type":"post","link":"http:\/\/vertienteglobal.com\/?p=158110","title":{"rendered":"Alertan de turbonada que podr\u00eda afectar l\u00edmites entre Tamaulipas y Veracruz"},"content":{"rendered":"\n<div class=\"twitterbutton\" style=\"float: right; padding-left: 5px;\"><a href=\"http:\/\/twitter.com\/share\" class=\"twitter-share-button\" data-count=\"horizontal\" data-text=\"Alertan de turbonada que podr\u00eda afectar l\u00edmites entre Tamaulipas y Veracruz\" data-via=\"https:\/\/twitter.com\/VertienteGloba1\" data-url=\"http:\/\/vertienteglobal.com\/?p=158110\" data-lang=\"es\" data-related=\"Informaci\u00f3n general:S\u00edguenos para que est\u00e9ss informado\"><\/a><\/div>\n<figure class=\"wp-block-gallery columns-1 is-cropped wp-block-gallery-1 is-layout-flex wp-block-gallery-is-layout-flex\"><ul class=\"blocks-gallery-grid\"><li class=\"blocks-gallery-item\"><figure><img loading=\"lazy\" decoding=\"async\" width=\"875\" height=\"591\" src=\"http:\/\/vertienteglobal.com\/wp-content\/uploads\/2020\/05\/IMG_20200524_215852.png\" alt=\"\" data-id=\"158112\" data-full-url=\"http:\/\/vertienteglobal.com\/wp-content\/uploads\/2020\/05\/IMG_20200524_215852.png\" data-link=\"http:\/\/vertienteglobal.com\/?attachment_id=158112\" class=\"wp-image-158112\" srcset=\"http:\/\/vertienteglobal.com\/wp-content\/uploads\/2020\/05\/IMG_20200524_215852.png 875w, http:\/\/vertienteglobal.com\/wp-content\/uploads\/2020\/05\/IMG_20200524_215852-300x203.png 300w, http:\/\/vertienteglobal.com\/wp-content\/uploads\/2020\/05\/IMG_20200524_215852-150x101.png 150w, http:\/\/vertienteglobal.com\/wp-content\/uploads\/2020\/05\/IMG_20200524_215852-768x519.png 768w\" sizes=\"auto, (max-width: 875px) 100vw, 875px\" \/><\/figure><\/li><\/ul><\/figure>\n\n\n\n<p>(Redacci\u00f3n)<\/p>\n\n\n\n<p>Inform\u00f3 que la turbonada \u201cquiz\u00e1 se qued\u00e9 en l\u00edmites de Tamaulipas y Veracruz, quiz\u00e1 recorra solo municipios del norte o incluso, recorra todo el estado como la semana pasada<\/p>\n\n\n\n<p>Xalapa, Veracruz a 24 de mayo de 2029.- Este domingo el Centro de Estudios y Pron\u00f3sticos Meteorol\u00f3gicos de la Secretar\u00eda de Protecci\u00f3n Civil del Estado de Veracruz alert\u00f3 sobre una probable turbonada durante la noche de este domingo y la madrugada del lunes al norte del estado de Veracruz.<\/p>\n\n\n\n<p>Y es que a trav\u00e9s de su cuenta de Twitter, la dependencia estatal que el fen\u00f3meno meteorol\u00f3gico podr\u00eda \u201cgenerar lluvias localmente muy fuertes que superan los 70 mil\u00edmetros con importante actividad el\u00e9ctrica, mientras que el viento puede ser de 60 a 100 kil\u00f3metros por hora e incluso superiores\u201d.<\/p>\n\n\n\n<p>Asimismo, detall\u00f3 que la turbonada \u201cquiz\u00e1 se qued\u00e9 en l\u00edmites de Tamaulipas y Veracruz, quiz\u00e1 recorra solo municipios del norte o incluso, recorra todo el estado como la semana pasada.<\/p>\n\n\n\n<p>Adem\u00e1s, pidi\u00f3 mantenerse informado a trav\u00e9s de sus redes sociales.<\/p>\n\n\n\n<figure class=\"wp-block-gallery columns-1 is-cropped wp-block-gallery-2 is-layout-flex wp-block-gallery-is-layout-flex\"><ul class=\"blocks-gallery-grid\"><li class=\"blocks-gallery-item\"><figure><img loading=\"lazy\" decoding=\"async\" width=\"483\" height=\"390\" src=\"http:\/\/vertienteglobal.com\/wp-content\/uploads\/2020\/05\/IMG_20200524_215858.png\" alt=\"\" data-id=\"158113\" data-full-url=\"http:\/\/vertienteglobal.com\/wp-content\/uploads\/2020\/05\/IMG_20200524_215858.png\" data-link=\"http:\/\/vertienteglobal.com\/?attachment_id=158113\" class=\"wp-image-158113\" srcset=\"http:\/\/vertienteglobal.com\/wp-content\/uploads\/2020\/05\/IMG_20200524_215858.png 483w, http:\/\/vertienteglobal.com\/wp-content\/uploads\/2020\/05\/IMG_20200524_215858-300x242.png 300w, http:\/\/vertienteglobal.com\/wp-content\/uploads\/2020\/05\/IMG_20200524_215858-150x121.png 150w\" sizes=\"auto, (max-width: 483px) 100vw, 483px\" \/><\/figure><\/li><\/ul><\/figure>\n","protected":false},"excerpt":{"rendered":"<p>(Redacci\u00f3n) Inform\u00f3 que la turbonada \u201cquiz\u00e1 se qued\u00e9 en l\u00edmites de Tamaulipas y Veracruz, quiz\u00e1 recorra solo municipios del norte o incluso, recorra todo el estado como la semana pasada Xalapa, Veracruz a 24 de mayo de 2029.- Este domingo el Centro de Estudios y Pron\u00f3sticos Meteorol\u00f3gicos de la Secretar\u00eda de Protecci\u00f3n Civil del Estado [&hellip;]<\/p>\n","protected":false},"author":1,"featured_media":158112,"comment_status":"open","ping_status":"open","sticky":false,"template":"","format":"standard","meta":{"footnotes":""},"categories":[7],"tags":[],"class_list":["post-158110","post","type-post","status-publish","format-standard","has-post-thumbnail","hentry","category-veracruz","entry","has-media"],"jetpack_featured_media_url":"http:\/\/vertienteglobal.com\/wp-content\/uploads\/2020\/05\/IMG_20200524_215852.png","_links":{"self":[{"href":"http:\/\/vertienteglobal.com\/index.php?rest_route=\/wp\/v2\/posts\/158110","targetHints":{"allow":["GET"]}}],"collection":[{"href":"http:\/\/vertienteglobal.com\/index.php?rest_route=\/wp\/v2\/posts"}],"about":[{"href":"http:\/\/vertienteglobal.com\/index.php?rest_route=\/wp\/v2\/types\/post"}],"author":[{"embeddable":true,"href":"http:\/\/vertienteglobal.com\/index.php?rest_route=\/wp\/v2\/users\/1"}],"replies":[{"embeddable":true,"href":"http:\/\/vertienteglobal.com\/index.php?rest_route=%2Fwp%2Fv2%2Fcomments&post=158110"}],"version-history":[{"count":0,"href":"http:\/\/vertienteglobal.com\/index.php?rest_route=\/wp\/v2\/posts\/158110\/revisions"}],"wp:featuredmedia":[{"embeddable":true,"href":"http:\/\/vertienteglobal.com\/index.php?rest_route=\/wp\/v2\/media\/158112"}],"wp:attachment":[{"href":"http:\/\/vertienteglobal.com\/index.php?rest_route=%2Fwp%2Fv2%2Fmedia&parent=158110"}],"wp:term":[{"taxonomy":"category","embeddable":true,"href":"http:\/\/vertienteglobal.com\/index.php?rest_route=%2Fwp%2Fv2%2Fcategories&post=158110"},{"taxonomy":"post_tag","embeddable":true,"href":"http:\/\/vertienteglobal.com\/index.php?rest_route=%2Fwp%2Fv2%2Ftags&post=158110"}],"curies":[{"name":"wp","href":"https:\/\/api.w.org\/{rel}","templated":true}]}}