{"id":157979,"date":"2020-05-23T17:34:00","date_gmt":"2020-05-23T22:34:00","guid":{"rendered":"http:\/\/vertienteglobal.com\/?p=157979"},"modified":"2020-05-23T18:02:14","modified_gmt":"2020-05-23T23:02:14","slug":"un-relajamiento-y-hubo-como-un-rebrote-paisanos-amlo-a-tabasquenos-por-aumento-de-casos-de-covid19","status":"publish","type":"post","link":"http:\/\/vertienteglobal.com\/?p=157979","title":{"rendered":"Un relajamiento y hubo \u2018como un rebrote\u2019 paisanos: AMLO a tabasque\u00f1os por aumento de casos de COVID19"},"content":{"rendered":"\n<div class=\"twitterbutton\" style=\"float: right; padding-left: 5px;\"><a href=\"http:\/\/twitter.com\/share\" class=\"twitter-share-button\" data-count=\"horizontal\" data-text=\"Un relajamiento y hubo \u2018como un rebrote\u2019 paisanos: AMLO a tabasque\u00f1os por a...\" data-via=\"https:\/\/twitter.com\/VertienteGloba1\" data-url=\"http:\/\/vertienteglobal.com\/?p=157979\" data-lang=\"es\" data-related=\"Informaci\u00f3n general:S\u00edguenos para que est\u00e9ss informado\"><\/a><\/div>\n<figure class=\"wp-block-gallery columns-1 is-cropped wp-block-gallery-1 is-layout-flex wp-block-gallery-is-layout-flex\"><ul class=\"blocks-gallery-grid\"><li class=\"blocks-gallery-item\"><figure><img loading=\"lazy\" decoding=\"async\" width=\"1024\" height=\"683\" src=\"http:\/\/vertienteglobal.com\/wp-content\/uploads\/2020\/05\/106535.jpg\" alt=\"\" data-id=\"157980\" data-full-url=\"http:\/\/vertienteglobal.com\/wp-content\/uploads\/2020\/05\/106535.jpg\" data-link=\"http:\/\/vertienteglobal.com\/?attachment_id=157980\" class=\"wp-image-157980\" srcset=\"http:\/\/vertienteglobal.com\/wp-content\/uploads\/2020\/05\/106535.jpg 1024w, http:\/\/vertienteglobal.com\/wp-content\/uploads\/2020\/05\/106535-300x200.jpg 300w, http:\/\/vertienteglobal.com\/wp-content\/uploads\/2020\/05\/106535-150x100.jpg 150w, http:\/\/vertienteglobal.com\/wp-content\/uploads\/2020\/05\/106535-768x512.jpg 768w\" sizes=\"auto, (max-width: 1024px) 100vw, 1024px\" \/><\/figure><\/li><\/ul><\/figure>\n\n\n\n<p>(Redacci\u00f3n)<\/p>\n\n\n\n<p>Afirm\u00f3 que espera que la cifra de casos confirmados en Tabasco \u2018vaya hacia abajo\u2019 en los pr\u00f3ximos d\u00edas<\/p>\n\n\n\n<p>Ciudad de M\u00e9xico a 23 de mayo de 2020<br>El presidente Andr\u00e9s Manuel L\u00f3pez Obrador se\u00f1al\u00f3 que en Tabasco hubo un relajamiento de las medidas de sana distancia por lo que el n\u00famero de casos confirmados de COVID19 se sali\u00f3 de lo proyectado y hubo \u2018como un rebrote\u2019.<\/p>\n\n\n\n<p>Y es que a trav\u00e9s de un mensaje publicado en sus redes sociales, L\u00f3pez Obrador se refiri\u00f3 a los lugares en los que la situaci\u00f3n de la pandemia es m\u00e1s cr\u00edtica en M\u00e9xico, presentando las gr\u00e1ficas del Valle de M\u00e9xico; Villahermosa, Tabasco; Culiac\u00e1n, Sinaloa; y Tijuana, Baja California.<\/p>\n\n\n\n<p>Dijo: \u2018Mi estado, mis queridos paisanos (\u2026) aqu\u00ed se sali\u00f3 de lo proyectado porque hubo un relajamiento paisanos\u2019.<\/p>\n\n\n\n<p>Afirm\u00f3 que la situaci\u00f3n por la que atraviesa el pa\u00eds requiere de mucho cuidado y que las personas deben aislarse y cuidarse.<\/p>\n\n\n\n<p>Por \u00faltimo agreg\u00f3 que espera que la cifra de casos confirmados en Tabasco \u2018vaya hacia abajo\u2019 en los pr\u00f3ximos d\u00edas.<\/p>\n\n\n\n<figure class=\"wp-block-embed-youtube wp-block-embed is-type-video is-provider-youtube wp-embed-aspect-16-9 wp-has-aspect-ratio\"><div class=\"wp-block-embed__wrapper\">\n<div class=\"oceanwp-oembed-wrap clr\"><iframe loading=\"lazy\" title=\"Mensaje desde el Sal\u00f3n Morisco\" width=\"1200\" height=\"675\" src=\"https:\/\/www.youtube.com\/embed\/Q_h1cvhLlX4?feature=oembed\" frameborder=\"0\" allow=\"accelerometer; autoplay; clipboard-write; encrypted-media; gyroscope; picture-in-picture; web-share\" referrerpolicy=\"strict-origin-when-cross-origin\" allowfullscreen><\/iframe><\/div>\n<\/div><\/figure>\n","protected":false},"excerpt":{"rendered":"<p>(Redacci\u00f3n) Afirm\u00f3 que espera que la cifra de casos confirmados en Tabasco \u2018vaya hacia abajo\u2019 en los pr\u00f3ximos d\u00edas Ciudad de M\u00e9xico a 23 de mayo de 2020El presidente Andr\u00e9s Manuel L\u00f3pez Obrador se\u00f1al\u00f3 que en Tabasco hubo un relajamiento de las medidas de sana distancia por lo que el n\u00famero de casos confirmados de [&hellip;]<\/p>\n","protected":false},"author":1,"featured_media":157980,"comment_status":"open","ping_status":"open","sticky":false,"template":"","format":"standard","meta":{"footnotes":""},"categories":[8,5],"tags":[],"class_list":["post-157979","post","type-post","status-publish","format-standard","has-post-thumbnail","hentry","category-pais","category-tabasco","entry","has-media"],"jetpack_featured_media_url":"http:\/\/vertienteglobal.com\/wp-content\/uploads\/2020\/05\/106535.jpg","_links":{"self":[{"href":"http:\/\/vertienteglobal.com\/index.php?rest_route=\/wp\/v2\/posts\/157979","targetHints":{"allow":["GET"]}}],"collection":[{"href":"http:\/\/vertienteglobal.com\/index.php?rest_route=\/wp\/v2\/posts"}],"about":[{"href":"http:\/\/vertienteglobal.com\/index.php?rest_route=\/wp\/v2\/types\/post"}],"author":[{"embeddable":true,"href":"http:\/\/vertienteglobal.com\/index.php?rest_route=\/wp\/v2\/users\/1"}],"replies":[{"embeddable":true,"href":"http:\/\/vertienteglobal.com\/index.php?rest_route=%2Fwp%2Fv2%2Fcomments&post=157979"}],"version-history":[{"count":0,"href":"http:\/\/vertienteglobal.com\/index.php?rest_route=\/wp\/v2\/posts\/157979\/revisions"}],"wp:featuredmedia":[{"embeddable":true,"href":"http:\/\/vertienteglobal.com\/index.php?rest_route=\/wp\/v2\/media\/157980"}],"wp:attachment":[{"href":"http:\/\/vertienteglobal.com\/index.php?rest_route=%2Fwp%2Fv2%2Fmedia&parent=157979"}],"wp:term":[{"taxonomy":"category","embeddable":true,"href":"http:\/\/vertienteglobal.com\/index.php?rest_route=%2Fwp%2Fv2%2Fcategories&post=157979"},{"taxonomy":"post_tag","embeddable":true,"href":"http:\/\/vertienteglobal.com\/index.php?rest_route=%2Fwp%2Fv2%2Ftags&post=157979"}],"curies":[{"name":"wp","href":"https:\/\/api.w.org\/{rel}","templated":true}]}}