{"id":157973,"date":"2020-05-23T16:48:00","date_gmt":"2020-05-23T21:48:00","guid":{"rendered":"http:\/\/vertienteglobal.com\/?p=157973"},"modified":"2020-05-23T17:21:16","modified_gmt":"2020-05-23T22:21:16","slug":"hoy-mas-que-nunca-quedate-en-casa-aun-estamos-en-momento-critico-mara","status":"publish","type":"post","link":"http:\/\/vertienteglobal.com\/?p=157973","title":{"rendered":"Hoy m\u00e1s que nunca Qu\u00e9date en Casa, a\u00fan estamos en momento critic\u00f3: Mara"},"content":{"rendered":"\n<div class=\"twitterbutton\" style=\"float: right; padding-left: 5px;\"><a href=\"http:\/\/twitter.com\/share\" class=\"twitter-share-button\" data-count=\"horizontal\" data-text=\"Hoy m\u00e1s que nunca Qu\u00e9date en Casa, a\u00fan estamos en momento critic\u00f3: Mara\" data-via=\"https:\/\/twitter.com\/VertienteGloba1\" data-url=\"http:\/\/vertienteglobal.com\/?p=157973\" data-lang=\"es\" data-related=\"Informaci\u00f3n general:S\u00edguenos para que est\u00e9ss informado\"><\/a><\/div>\n<figure class=\"wp-block-gallery columns-1 is-cropped wp-block-gallery-1 is-layout-flex wp-block-gallery-is-layout-flex\"><ul class=\"blocks-gallery-grid\"><li class=\"blocks-gallery-item\"><figure><img loading=\"lazy\" decoding=\"async\" width=\"1024\" height=\"682\" src=\"http:\/\/vertienteglobal.com\/wp-content\/uploads\/2020\/05\/IMG_20200523_170225-1024x682.jpg\" alt=\"\" data-id=\"157974\" data-full-url=\"http:\/\/vertienteglobal.com\/wp-content\/uploads\/2020\/05\/IMG_20200523_170225.jpg\" data-link=\"http:\/\/vertienteglobal.com\/?attachment_id=157974\" class=\"wp-image-157974\" srcset=\"http:\/\/vertienteglobal.com\/wp-content\/uploads\/2020\/05\/IMG_20200523_170225-1024x682.jpg 1024w, http:\/\/vertienteglobal.com\/wp-content\/uploads\/2020\/05\/IMG_20200523_170225-300x200.jpg 300w, http:\/\/vertienteglobal.com\/wp-content\/uploads\/2020\/05\/IMG_20200523_170225-150x100.jpg 150w, http:\/\/vertienteglobal.com\/wp-content\/uploads\/2020\/05\/IMG_20200523_170225-768x512.jpg 768w, http:\/\/vertienteglobal.com\/wp-content\/uploads\/2020\/05\/IMG_20200523_170225.jpg 1280w\" sizes=\"auto, (max-width: 1024px) 100vw, 1024px\" \/><\/figure><\/li><\/ul><\/figure>\n\n\n\n<p>(Redacci\u00f3n)<\/p>\n\n\n\n<p>La Primera Autoridad Municipal reiter\u00f3 que la reactivaci\u00f3n econ\u00f3mica ser\u00e1 gradual y s\u00f3lo se podr\u00e1 lograr si respetamos las medidas sanitarias y de confinamiento, para evitar un rebrote en nuestra ciudad<\/p>\n\n\n\n<p>Canc\u00fan, Quintana Roo, a 23 de mayo de 2020.- \u201cHoy m\u00e1s que nunca debemos quedarnos en casa, seguimos atravesando un momento cr\u00edtico, no debemos relajarnos y desperdiciar todo lo que han logrado ustedes, los ciudadanos, respetando las medidas desde el principio\u201d, exhort\u00f3 este s\u00e1bado Mara Lezama, Presidente Municipal de Benito Ju\u00e1rez, durante la transmisi\u00f3n en vivo por redes sociales.<\/p>\n\n\n\n<p>La Primera Autoridad Municipal reiter\u00f3 que la reactivaci\u00f3n econ\u00f3mica ser\u00e1 gradual y s\u00f3lo se podr\u00e1 lograr si respetamos las medidas sanitarias y de confinamiento, para evitar un rebrote en nuestra ciudad.<\/p>\n\n\n\n<p>\u201cAs\u00ed como en el inicio de la pandemia hubo presiones para no cerrar ciertas actividades, hoy tambi\u00e9n existen muchas para abrir y lo entendemos, porque como gobierno no hemos tenido ingresos en estas semanas. Hay ciudadanos que tienen la expectativa de que vamos a regresar todas las actividades el 1 de junio y no es as\u00ed, todav\u00eda estamos teniendo picos altos de casos positivos por d\u00eda\u201d, explic\u00f3.<\/p>\n\n\n\n<p>Mara Lezama pidi\u00f3 no bajar los brazos, \u201cno bajemos la guardia, no nos relajemos, no tiremos todo lo bueno que hicimos por la borda\u201d, demand\u00f3 a la poblaci\u00f3n.<\/p>\n\n\n\n<p>Durante la transmisi\u00f3n, que se ha convertido en un importante canal de comunicaci\u00f3n con la ciudadan\u00eda, la Primer Edil se\u00f1al\u00f3 que continuar\u00e1n realizando operativos para verificar que el transporte p\u00fablico respete las medidas de distanciamiento y pidi\u00f3 a los benitojuarenses denunciar cualquier irregularidad.<\/p>\n\n\n\n<p>Adem\u00e1s, como ha sido una constante, se dedic\u00f3 a resolver las dudas y peticiones de los ciudadanos en temas, como la ayuda alimentaria que entrega el Gobierno del Estado, expedici\u00f3n de documentos oficiales, cambio de placas for\u00e1neas, actualizaci\u00f3n de casos de COVID-19, entre otros.<\/p>\n\n\n\n<p>COMPLEMENTOS INFORMATIVOS<\/p>\n\n\n\n<p>NUMERALIAS:<\/p>\n\n\n\n<p>223 defunciones por COVID-19 en Benito Ju\u00e1rez.<\/p>\n\n\n\n<p>289 defunciones por COVID-19 en Quintana Roo.<\/p>\n\n\n\n<p>655 personas recuperadas.<\/p>\n\n\n\n<p>1,168 casos positivos en el municipio.<\/p>\n\n\n\n<p>1,460 casos negativos en Quintana Roo.<\/p>\n\n\n\n<p>1,579 casos positivos en la entidad.<\/p>\n\n\n\n<p>CAJA DE DATOS<\/p>\n\n\n\n<p>Redes sociales:<\/p>\n\n\n\n<p>Twitter: @MaraLezama @AytoCancun<\/p>\n\n\n\n<p>Facebook: Mara Lezama ll Ayuntamiento de Benito Ju\u00e1rez<\/p>\n","protected":false},"excerpt":{"rendered":"<p>(Redacci\u00f3n) La Primera Autoridad Municipal reiter\u00f3 que la reactivaci\u00f3n econ\u00f3mica ser\u00e1 gradual y s\u00f3lo se podr\u00e1 lograr si respetamos las medidas sanitarias y de confinamiento, para evitar un rebrote en nuestra ciudad Canc\u00fan, Quintana Roo, a 23 de mayo de 2020.- \u201cHoy m\u00e1s que nunca debemos quedarnos en casa, seguimos atravesando un momento cr\u00edtico, no [&hellip;]<\/p>\n","protected":false},"author":1,"featured_media":157974,"comment_status":"open","ping_status":"open","sticky":false,"template":"","format":"standard","meta":{"footnotes":""},"categories":[3],"tags":[],"class_list":["post-157973","post","type-post","status-publish","format-standard","has-post-thumbnail","hentry","category-quintana-roo","entry","has-media"],"jetpack_featured_media_url":"http:\/\/vertienteglobal.com\/wp-content\/uploads\/2020\/05\/IMG_20200523_170225.jpg","_links":{"self":[{"href":"http:\/\/vertienteglobal.com\/index.php?rest_route=\/wp\/v2\/posts\/157973","targetHints":{"allow":["GET"]}}],"collection":[{"href":"http:\/\/vertienteglobal.com\/index.php?rest_route=\/wp\/v2\/posts"}],"about":[{"href":"http:\/\/vertienteglobal.com\/index.php?rest_route=\/wp\/v2\/types\/post"}],"author":[{"embeddable":true,"href":"http:\/\/vertienteglobal.com\/index.php?rest_route=\/wp\/v2\/users\/1"}],"replies":[{"embeddable":true,"href":"http:\/\/vertienteglobal.com\/index.php?rest_route=%2Fwp%2Fv2%2Fcomments&post=157973"}],"version-history":[{"count":0,"href":"http:\/\/vertienteglobal.com\/index.php?rest_route=\/wp\/v2\/posts\/157973\/revisions"}],"wp:featuredmedia":[{"embeddable":true,"href":"http:\/\/vertienteglobal.com\/index.php?rest_route=\/wp\/v2\/media\/157974"}],"wp:attachment":[{"href":"http:\/\/vertienteglobal.com\/index.php?rest_route=%2Fwp%2Fv2%2Fmedia&parent=157973"}],"wp:term":[{"taxonomy":"category","embeddable":true,"href":"http:\/\/vertienteglobal.com\/index.php?rest_route=%2Fwp%2Fv2%2Fcategories&post=157973"},{"taxonomy":"post_tag","embeddable":true,"href":"http:\/\/vertienteglobal.com\/index.php?rest_route=%2Fwp%2Fv2%2Ftags&post=157973"}],"curies":[{"name":"wp","href":"https:\/\/api.w.org\/{rel}","templated":true}]}}