{"id":157941,"date":"2020-05-23T10:48:00","date_gmt":"2020-05-23T15:48:00","guid":{"rendered":"http:\/\/vertienteglobal.com\/?p=157941"},"modified":"2020-05-23T13:15:02","modified_gmt":"2020-05-23T18:15:02","slug":"continuan-lucha-para-salvar-santuario-de-la-tortuga-marina-de-xcacel","status":"publish","type":"post","link":"http:\/\/vertienteglobal.com\/?p=157941","title":{"rendered":"Contin\u00faan lucha para salvar santuario de la tortuga marina de Xcacel"},"content":{"rendered":"\n<div class=\"twitterbutton\" style=\"float: right; padding-left: 5px;\"><a href=\"http:\/\/twitter.com\/share\" class=\"twitter-share-button\" data-count=\"horizontal\" data-text=\"Contin\u00faan lucha para salvar santuario de la tortuga marina de Xcacel\" data-via=\"https:\/\/twitter.com\/VertienteGloba1\" data-url=\"http:\/\/vertienteglobal.com\/?p=157941\" data-lang=\"es\" data-related=\"Informaci\u00f3n general:S\u00edguenos para que est\u00e9ss informado\"><\/a><\/div>\n<figure class=\"wp-block-gallery columns-1 is-cropped wp-block-gallery-1 is-layout-flex wp-block-gallery-is-layout-flex\"><ul class=\"blocks-gallery-grid\"><li class=\"blocks-gallery-item\"><figure><img loading=\"lazy\" decoding=\"async\" width=\"581\" height=\"320\" src=\"http:\/\/vertienteglobal.com\/wp-content\/uploads\/2020\/05\/IMG_20200502_121459-1-1.jpg\" alt=\"\" data-id=\"157942\" data-full-url=\"http:\/\/vertienteglobal.com\/wp-content\/uploads\/2020\/05\/IMG_20200502_121459-1-1.jpg\" data-link=\"http:\/\/vertienteglobal.com\/?attachment_id=157942\" class=\"wp-image-157942\" srcset=\"http:\/\/vertienteglobal.com\/wp-content\/uploads\/2020\/05\/IMG_20200502_121459-1-1.jpg 581w, http:\/\/vertienteglobal.com\/wp-content\/uploads\/2020\/05\/IMG_20200502_121459-1-1-300x165.jpg 300w, http:\/\/vertienteglobal.com\/wp-content\/uploads\/2020\/05\/IMG_20200502_121459-1-1-150x83.jpg 150w\" sizes=\"auto, (max-width: 581px) 100vw, 581px\" \/><\/figure><\/li><\/ul><\/figure>\n\n\n\n<p>(Redacci\u00f3n)<\/p>\n\n\n\n<p>Afirm\u00f3 que seguir\u00e1n recabando firmas para la protecci\u00f3n de las especies de tortugas que arriban a las costas del Caribe Mexicano<\/p>\n\n\n\n<p>Tulum, Quintana Roo a 23 de mayo de 2020.- La asociaci\u00f3n civil Grupo Ecologista del Mayab A. C., que preside Araceli Dom\u00ednguez, invita a la comunidad quintanarroense y simpatizantes de la ecolog\u00eda y el medio ambiente a sumarse a las peticiones manifestadas en Change.org para salvar el santuario de la tortuga marina de Xcacel-Xcacelito.<\/p>\n\n\n\n<p>\u201cJunto a 536 mil personas estoy pidiendo que Xcacel e Xcacelito ampl\u00ede su pol\u00edgono y se revoque la autorizaci\u00f3n para modificar la playa, por eso y de manera oficial hago entrega de estas firmas al gobernador del Quintana Roo, el secretario de la Semarnat y al presidente de la M\u00e9xico\u201d, dijo Araceli Dom\u00ednguez a trav\u00e9s de un video en redes sociales.<\/p>\n\n\n\n<p>Record\u00f3 que su agrupaci\u00f3n fue parte crucial en la defensa del manglar que se ubica en el malec\u00f3n tajamar, y asegur\u00f3 que ahora toca el turno de rescatar esta zona de Tulum.<\/p>\n\n\n\n<p>Dijo: \u201cXcacel y Chemuyil son importantes zonas de anidaci\u00f3n de tortugas, Los grupos inmobiliarios han intentado por a\u00f1os destruir este lugar Al construir hoteles; desde hace tres a\u00f1os como comunidad venimos luchando en Change, en las calles, en las redes y por la respuesta de la autoridad; hemos logrado detener parte del proyecto, a\u00fan falta la declaraci\u00f3n de protecci\u00f3n de toda\u201d.<\/p>\n\n\n\n<p>Finalmente detall\u00f3 que seguir\u00e1n recabando firmas para la protecci\u00f3n de las especies de tortugas que arriban a las costas del Caribe Mexicano.<\/p>\n","protected":false},"excerpt":{"rendered":"<p>(Redacci\u00f3n) Afirm\u00f3 que seguir\u00e1n recabando firmas para la protecci\u00f3n de las especies de tortugas que arriban a las costas del Caribe Mexicano Tulum, Quintana Roo a 23 de mayo de 2020.- La asociaci\u00f3n civil Grupo Ecologista del Mayab A. C., que preside Araceli Dom\u00ednguez, invita a la comunidad quintanarroense y simpatizantes de la ecolog\u00eda y [&hellip;]<\/p>\n","protected":false},"author":6,"featured_media":157942,"comment_status":"open","ping_status":"open","sticky":false,"template":"","format":"standard","meta":{"footnotes":""},"categories":[3],"tags":[],"class_list":["post-157941","post","type-post","status-publish","format-standard","has-post-thumbnail","hentry","category-quintana-roo","entry","has-media"],"jetpack_featured_media_url":"http:\/\/vertienteglobal.com\/wp-content\/uploads\/2020\/05\/IMG_20200502_121459-1-1.jpg","_links":{"self":[{"href":"http:\/\/vertienteglobal.com\/index.php?rest_route=\/wp\/v2\/posts\/157941","targetHints":{"allow":["GET"]}}],"collection":[{"href":"http:\/\/vertienteglobal.com\/index.php?rest_route=\/wp\/v2\/posts"}],"about":[{"href":"http:\/\/vertienteglobal.com\/index.php?rest_route=\/wp\/v2\/types\/post"}],"author":[{"embeddable":true,"href":"http:\/\/vertienteglobal.com\/index.php?rest_route=\/wp\/v2\/users\/6"}],"replies":[{"embeddable":true,"href":"http:\/\/vertienteglobal.com\/index.php?rest_route=%2Fwp%2Fv2%2Fcomments&post=157941"}],"version-history":[{"count":0,"href":"http:\/\/vertienteglobal.com\/index.php?rest_route=\/wp\/v2\/posts\/157941\/revisions"}],"wp:featuredmedia":[{"embeddable":true,"href":"http:\/\/vertienteglobal.com\/index.php?rest_route=\/wp\/v2\/media\/157942"}],"wp:attachment":[{"href":"http:\/\/vertienteglobal.com\/index.php?rest_route=%2Fwp%2Fv2%2Fmedia&parent=157941"}],"wp:term":[{"taxonomy":"category","embeddable":true,"href":"http:\/\/vertienteglobal.com\/index.php?rest_route=%2Fwp%2Fv2%2Fcategories&post=157941"},{"taxonomy":"post_tag","embeddable":true,"href":"http:\/\/vertienteglobal.com\/index.php?rest_route=%2Fwp%2Fv2%2Ftags&post=157941"}],"curies":[{"name":"wp","href":"https:\/\/api.w.org\/{rel}","templated":true}]}}