{"id":157894,"date":"2020-05-22T16:39:00","date_gmt":"2020-05-22T21:39:00","guid":{"rendered":"http:\/\/vertienteglobal.com\/?p=157894"},"modified":"2020-05-22T17:15:54","modified_gmt":"2020-05-22T22:15:54","slug":"reactivacion-del-turismo-permitira-generar-empleo-y-acelerar-la-recuperacion-economica-del-caribe-mexicano-laura-fernandez","status":"publish","type":"post","link":"http:\/\/vertienteglobal.com\/?p=157894","title":{"rendered":"Reactivaci\u00f3n del turismo permitir\u00e1 generar empleo y acelerar la recuperaci\u00f3n econ\u00f3mica del Caribe Mexicano: Laura Fern\u00e1ndez"},"content":{"rendered":"\n<div class=\"twitterbutton\" style=\"float: right; padding-left: 5px;\"><a href=\"http:\/\/twitter.com\/share\" class=\"twitter-share-button\" data-count=\"horizontal\" data-text=\"Reactivaci\u00f3n del turismo permitir\u00e1 generar empleo y acelerar la recuperaci\u00f3n ...\" data-via=\"https:\/\/twitter.com\/VertienteGloba1\" data-url=\"http:\/\/vertienteglobal.com\/?p=157894\" data-lang=\"es\" data-related=\"Informaci\u00f3n general:S\u00edguenos para que est\u00e9ss informado\"><\/a><\/div>\n<figure class=\"wp-block-gallery columns-1 is-cropped wp-block-gallery-1 is-layout-flex wp-block-gallery-is-layout-flex\"><ul class=\"blocks-gallery-grid\"><li class=\"blocks-gallery-item\"><figure><img loading=\"lazy\" decoding=\"async\" width=\"1024\" height=\"670\" src=\"http:\/\/vertienteglobal.com\/wp-content\/uploads\/2020\/05\/IMG_20200522_160309-1024x670.jpg\" alt=\"\" data-id=\"157895\" data-full-url=\"http:\/\/vertienteglobal.com\/wp-content\/uploads\/2020\/05\/IMG_20200522_160309.jpg\" data-link=\"http:\/\/vertienteglobal.com\/?attachment_id=157895\" class=\"wp-image-157895\" srcset=\"http:\/\/vertienteglobal.com\/wp-content\/uploads\/2020\/05\/IMG_20200522_160309-1024x670.jpg 1024w, http:\/\/vertienteglobal.com\/wp-content\/uploads\/2020\/05\/IMG_20200522_160309-300x196.jpg 300w, http:\/\/vertienteglobal.com\/wp-content\/uploads\/2020\/05\/IMG_20200522_160309-150x98.jpg 150w, http:\/\/vertienteglobal.com\/wp-content\/uploads\/2020\/05\/IMG_20200522_160309-768x502.jpg 768w, http:\/\/vertienteglobal.com\/wp-content\/uploads\/2020\/05\/IMG_20200522_160309.jpg 1280w\" sizes=\"auto, (max-width: 1024px) 100vw, 1024px\" \/><\/figure><\/li><\/ul><\/figure>\n\n\n\n<p>(Antonio Rivera)<\/p>\n\n\n\n<p>Afirm\u00f3 que la industria tur\u00edstica representa casi el 9 por ciento del Producto Interno Bruto (PIB) del pa\u00eds y genera m\u00e1s de dos millones de empleos anuales, lo que habla de su relevancia para el desarrollo de M\u00e9xico<\/p>\n\n\n\n<p>Puerto Morelos, Quintana Roo a 22 de mayo de 2020.- El turismo es generador de empleos, calidad de vida, bienestar para las familias y desarrollo para las comunidades, destac\u00f3 la presidenta municipal Laura Fern\u00e1ndez Pi\u00f1a, quien indic\u00f3 que su reactivaci\u00f3n contribuir\u00e1 en la recuperaci\u00f3n econ\u00f3mica de municipios y estados.<\/p>\n\n\n\n<p>La alcaldesa abund\u00f3 que el turismo es un rubro esencial para entidades como Quintana Roo y municipios como Puerto Morelos, cuyo motor econ\u00f3mico gira en torno a esta industria que ha sido severamente afectada por la actual emergencia sanitaria, generada por el coronavirus SARS CoV-2.<\/p>\n\n\n\n<p>\u201cEn la medida que comencemos a reactivar al sector tur\u00edstico de manera gradual fortaleceremos nuestra econom\u00eda, por eso en Puerto Morelos nos sumamos a la solicitud del gobernador Carlos Joaqu\u00edn Gonz\u00e1lez para que esta actividad sea reconocida como esencial en nuestro pa\u00eds\u201d, indic\u00f3.<\/p>\n\n\n\n<p>Al respecto, Laura Fern\u00e1ndez apunt\u00f3 que la industria tur\u00edstica representa casi el 9 por ciento del Producto Interno Bruto (PIB) del pa\u00eds y genera m\u00e1s de dos millones de empleos anuales, lo que habla de su relevancia para el desarrollo de M\u00e9xico.<\/p>\n\n\n\n<p>Por otro lado, coment\u00f3 que los destinos tur\u00edsticos ya se alistan para entrar a la nueva normalidad que se vivir\u00e1 a nivel global, en la que es de suma importancia adoptar protocolos estrictos en materia de sanidad e higiene, a fin de generar confianza y certidumbre en los viajeros.<\/p>\n\n\n\n<p>\u201cTendremos que ser ahora m\u00e1s competitivos y esa competitividad luego del Covid-19, nos la dar\u00e1n las nuevas certificaciones sanitarias en hoteles, restaurantes, parques tem\u00e1ticos, marinas y todo aquel establecimiento relacionado con la industria. Nuestra calidad tur\u00edstica debe ser de excelencia en todos los rubros\u201d, indic\u00f3.<\/p>\n\n\n\n<p>La Presidenta Municipal dijo que por lo pronto se debe generar certidumbre respecto de las fechas probables de reactivaci\u00f3n del turismo de acuerdo con el desarrollo de la enfermedad.<\/p>\n\n\n\n<p>Por \u00faltimo, Laura Fern\u00e1ndez reiter\u00f3 que para poder llegar sin contratiempos al reinicio de actividades es necesario seguir acatando las medidas de prevenci\u00f3n dispuestas, principalmente la de permanecer en casa.<\/p>\n\n\n\n<p>\u201cEstamos en este \u00faltimo tramo para comenzar con la reactivaci\u00f3n de nuestra econom\u00eda de manera escalonada, pero para lograrlo se requiere el apoyo de todos\u201d, concluy\u00f3.<\/p>\n","protected":false},"excerpt":{"rendered":"<p>(Antonio Rivera) Afirm\u00f3 que la industria tur\u00edstica representa casi el 9 por ciento del Producto Interno Bruto (PIB) del pa\u00eds y genera m\u00e1s de dos millones de empleos anuales, lo que habla de su relevancia para el desarrollo de M\u00e9xico Puerto Morelos, Quintana Roo a 22 de mayo de 2020.- El turismo es generador de [&hellip;]<\/p>\n","protected":false},"author":1,"featured_media":157895,"comment_status":"open","ping_status":"open","sticky":false,"template":"","format":"standard","meta":{"footnotes":""},"categories":[3],"tags":[],"class_list":["post-157894","post","type-post","status-publish","format-standard","has-post-thumbnail","hentry","category-quintana-roo","entry","has-media"],"jetpack_featured_media_url":"http:\/\/vertienteglobal.com\/wp-content\/uploads\/2020\/05\/IMG_20200522_160309.jpg","_links":{"self":[{"href":"http:\/\/vertienteglobal.com\/index.php?rest_route=\/wp\/v2\/posts\/157894","targetHints":{"allow":["GET"]}}],"collection":[{"href":"http:\/\/vertienteglobal.com\/index.php?rest_route=\/wp\/v2\/posts"}],"about":[{"href":"http:\/\/vertienteglobal.com\/index.php?rest_route=\/wp\/v2\/types\/post"}],"author":[{"embeddable":true,"href":"http:\/\/vertienteglobal.com\/index.php?rest_route=\/wp\/v2\/users\/1"}],"replies":[{"embeddable":true,"href":"http:\/\/vertienteglobal.com\/index.php?rest_route=%2Fwp%2Fv2%2Fcomments&post=157894"}],"version-history":[{"count":0,"href":"http:\/\/vertienteglobal.com\/index.php?rest_route=\/wp\/v2\/posts\/157894\/revisions"}],"wp:featuredmedia":[{"embeddable":true,"href":"http:\/\/vertienteglobal.com\/index.php?rest_route=\/wp\/v2\/media\/157895"}],"wp:attachment":[{"href":"http:\/\/vertienteglobal.com\/index.php?rest_route=%2Fwp%2Fv2%2Fmedia&parent=157894"}],"wp:term":[{"taxonomy":"category","embeddable":true,"href":"http:\/\/vertienteglobal.com\/index.php?rest_route=%2Fwp%2Fv2%2Fcategories&post=157894"},{"taxonomy":"post_tag","embeddable":true,"href":"http:\/\/vertienteglobal.com\/index.php?rest_route=%2Fwp%2Fv2%2Ftags&post=157894"}],"curies":[{"name":"wp","href":"https:\/\/api.w.org\/{rel}","templated":true}]}}