{"id":157821,"date":"2020-05-21T21:36:00","date_gmt":"2020-05-22T02:36:00","guid":{"rendered":"http:\/\/vertienteglobal.com\/?p=157821"},"modified":"2020-05-21T23:45:06","modified_gmt":"2020-05-22T04:45:06","slug":"anuncia-laura-fernandez-entrega-de-nuevas-despensas-a-familias-de-la-cabecera-municipal","status":"publish","type":"post","link":"http:\/\/vertienteglobal.com\/?p=157821","title":{"rendered":"Anuncia Laura Fern\u00e1ndez entrega de nuevas despensas a familias de la cabecera municipal"},"content":{"rendered":"\n<div class=\"twitterbutton\" style=\"float: right; padding-left: 5px;\"><a href=\"http:\/\/twitter.com\/share\" class=\"twitter-share-button\" data-count=\"horizontal\" data-text=\"Anuncia Laura Fern\u00e1ndez entrega de nuevas despensas a familias de la cabecera m...\" data-via=\"https:\/\/twitter.com\/VertienteGloba1\" data-url=\"http:\/\/vertienteglobal.com\/?p=157821\" data-lang=\"es\" data-related=\"Informaci\u00f3n general:S\u00edguenos para que est\u00e9ss informado\"><\/a><\/div>\n<figure class=\"wp-block-gallery columns-1 is-cropped wp-block-gallery-1 is-layout-flex wp-block-gallery-is-layout-flex\"><ul class=\"blocks-gallery-grid\"><li class=\"blocks-gallery-item\"><figure><img loading=\"lazy\" decoding=\"async\" width=\"1024\" height=\"736\" src=\"http:\/\/vertienteglobal.com\/wp-content\/uploads\/2020\/05\/IMG_20200521_234246-1024x736.jpg\" alt=\"\" data-id=\"157822\" data-full-url=\"http:\/\/vertienteglobal.com\/wp-content\/uploads\/2020\/05\/IMG_20200521_234246.jpg\" data-link=\"http:\/\/vertienteglobal.com\/?attachment_id=157822\" class=\"wp-image-157822\" srcset=\"http:\/\/vertienteglobal.com\/wp-content\/uploads\/2020\/05\/IMG_20200521_234246-1024x736.jpg 1024w, http:\/\/vertienteglobal.com\/wp-content\/uploads\/2020\/05\/IMG_20200521_234246-300x216.jpg 300w, http:\/\/vertienteglobal.com\/wp-content\/uploads\/2020\/05\/IMG_20200521_234246-150x108.jpg 150w, http:\/\/vertienteglobal.com\/wp-content\/uploads\/2020\/05\/IMG_20200521_234246-768x552.jpg 768w, http:\/\/vertienteglobal.com\/wp-content\/uploads\/2020\/05\/IMG_20200521_234246.jpg 1280w\" sizes=\"auto, (max-width: 1024px) 100vw, 1024px\" \/><\/figure><\/li><\/ul><\/figure>\n\n\n\n<p>(Redacci\u00f3n)<\/p>\n\n\n\n<p>Los apoyos alimentarios llegan para oxigenar la econom\u00eda familiar, golpeada por la crisis de la pandemia de Covid-19, comenta la alcaldesa de Puerto Morelos<\/p>\n\n\n\n<p>Es un esfuerzo coordinado entre Gobierno del Estado y el Ayuntamiento, destaca la Presidenta Municipal<\/p>\n\n\n\n<p>Puerto Morelos, Quintana Roo, 21 de mayo de 2020.- La alcaldesa Laura Fern\u00e1ndez Pi\u00f1a inform\u00f3 que a partir de este s\u00e1bado 23 de mayo comenzar\u00e1 la entrega de apoyos alimentarios en m\u00e1s de 7,000 hogares de esta cabecera municipal, en un esfuerzo coordinado entre el Gobierno del Estado y el Ayuntamiento.<\/p>\n\n\n\n<p>\u201cTrabajamos en equipo con el gobernador Carlos Joaqu\u00edn Gonz\u00e1lez para entregar estos nuevos apoyos, como ya se hizo en una primera ocasi\u00f3n en la cabecera municipal, para mitigar el impacto econ\u00f3mico provocado por la emergencia sanitaria, a causa de la pandemia por Covid-19\u201d, mencion\u00f3 la Presidenta Municipal.<\/p>\n\n\n\n<p>Explic\u00f3 que han sido tiempos dif\u00edciles para los portomorelenses, porque se han tenido que acatar disposiciones como la de aislamiento social para poder hacer frente a la contingencia, lo que puso en pausa todas las actividades no esenciales, mientras que aquellas que siguieron operando lo han hecho bajo medidas estrictas de prevenci\u00f3n y en horarios establecidos.<\/p>\n\n\n\n<p>\u201cComo lo hicimos hace unas semanas durante la primera fase de la entrega de apoyos en las colonias de la cabecera municipal, organizaremos la repartici\u00f3n por zonas para cubrir cada uno de los rincones de la comunidad, por lo que pido paciencia a la gente, porque este trabajo requiere de algunos d\u00edas\u201d, mencion\u00f3.<\/p>\n\n\n\n<p>Dijo que adicionalmente, el lunes pasado empezaron a entregarse comidas preparadas en algunas zonas del Puerto y pr\u00f3ximamente tambi\u00e9n se canalizar\u00e1 pescado fresco.<\/p>\n\n\n\n<p>Laura Fern\u00e1ndez dijo que brigadistas de la administraci\u00f3n municipal y del Gobierno del Estado visitar\u00e1n casa por casa para hacer la entrega a una persona por familia, la cual deber\u00e1 presentar una identificaci\u00f3n o comprobante de domicilio y portar cubrebocas de manera obligatoria.<\/p>\n\n\n\n<p>\u201cSer\u00e1 una labor tit\u00e1nica que sacaremos adelante, a fin de llegar a cada uno de los domicilios del puerto. Hay que mantener la sana distancia con quienes realizan la entrega y no salir m\u00e1s all\u00e1 de la puerta de la vivienda\u201d, coment\u00f3.<\/p>\n\n\n\n<p>La Presidenta Municipal reiter\u00f3 que este programa, que puso en marcha el Gobernador con el respaldo del gobierno de Puerto Morelos, compartiendo el costo de las despensas, llega nuevamente a los hogares de la cabecera municipal para oxigenar la econom\u00eda familiar, golpeada por la crisis de la pandemia.<\/p>\n\n\n\n<p>Agradeci\u00f3 tambi\u00e9n el apoyo de empresas tur\u00edsticas que han aportado parte de las despensas y de las comidas preparadas, as\u00ed como de particulares que estar\u00e1n apoyando con la entrega de pescado en unos d\u00edas m\u00e1s.<\/p>\n\n\n\n<p>Por \u00faltimo, destac\u00f3 que se cumple el compromiso anunciado de regresar con m\u00e1s apoyos alimentarios a los habitantes de esta comunidad.<\/p>\n","protected":false},"excerpt":{"rendered":"<p>(Redacci\u00f3n) Los apoyos alimentarios llegan para oxigenar la econom\u00eda familiar, golpeada por la crisis de la pandemia de Covid-19, comenta la alcaldesa de Puerto Morelos Es un esfuerzo coordinado entre Gobierno del Estado y el Ayuntamiento, destaca la Presidenta Municipal Puerto Morelos, Quintana Roo, 21 de mayo de 2020.- La alcaldesa Laura Fern\u00e1ndez Pi\u00f1a inform\u00f3 [&hellip;]<\/p>\n","protected":false},"author":1,"featured_media":157822,"comment_status":"open","ping_status":"open","sticky":false,"template":"","format":"standard","meta":{"footnotes":""},"categories":[3],"tags":[],"class_list":["post-157821","post","type-post","status-publish","format-standard","has-post-thumbnail","hentry","category-quintana-roo","entry","has-media"],"jetpack_featured_media_url":"http:\/\/vertienteglobal.com\/wp-content\/uploads\/2020\/05\/IMG_20200521_234246.jpg","_links":{"self":[{"href":"http:\/\/vertienteglobal.com\/index.php?rest_route=\/wp\/v2\/posts\/157821","targetHints":{"allow":["GET"]}}],"collection":[{"href":"http:\/\/vertienteglobal.com\/index.php?rest_route=\/wp\/v2\/posts"}],"about":[{"href":"http:\/\/vertienteglobal.com\/index.php?rest_route=\/wp\/v2\/types\/post"}],"author":[{"embeddable":true,"href":"http:\/\/vertienteglobal.com\/index.php?rest_route=\/wp\/v2\/users\/1"}],"replies":[{"embeddable":true,"href":"http:\/\/vertienteglobal.com\/index.php?rest_route=%2Fwp%2Fv2%2Fcomments&post=157821"}],"version-history":[{"count":0,"href":"http:\/\/vertienteglobal.com\/index.php?rest_route=\/wp\/v2\/posts\/157821\/revisions"}],"wp:featuredmedia":[{"embeddable":true,"href":"http:\/\/vertienteglobal.com\/index.php?rest_route=\/wp\/v2\/media\/157822"}],"wp:attachment":[{"href":"http:\/\/vertienteglobal.com\/index.php?rest_route=%2Fwp%2Fv2%2Fmedia&parent=157821"}],"wp:term":[{"taxonomy":"category","embeddable":true,"href":"http:\/\/vertienteglobal.com\/index.php?rest_route=%2Fwp%2Fv2%2Fcategories&post=157821"},{"taxonomy":"post_tag","embeddable":true,"href":"http:\/\/vertienteglobal.com\/index.php?rest_route=%2Fwp%2Fv2%2Ftags&post=157821"}],"curies":[{"name":"wp","href":"https:\/\/api.w.org\/{rel}","templated":true}]}}