{"id":157725,"date":"2020-05-21T10:46:00","date_gmt":"2020-05-21T15:46:00","guid":{"rendered":"http:\/\/vertienteglobal.com\/?p=157725"},"modified":"2020-05-21T14:53:20","modified_gmt":"2020-05-21T19:53:20","slug":"comercios-de-la-capital-de-tabasco-permaneceran-abiertos-este-fin-de-semana-vocero-del-ayuntamiento","status":"publish","type":"post","link":"http:\/\/vertienteglobal.com\/?p=157725","title":{"rendered":"Comercios de la capital de Tabasco permanecer\u00e1n abiertos este fin de semana: Vocero del Ayuntamiento"},"content":{"rendered":"\n<div class=\"twitterbutton\" style=\"float: right; padding-left: 5px;\"><a href=\"http:\/\/twitter.com\/share\" class=\"twitter-share-button\" data-count=\"horizontal\" data-text=\"Comercios de la capital de Tabasco permanecer\u00e1n abiertos este fin de semana: Vo...\" data-via=\"https:\/\/twitter.com\/VertienteGloba1\" data-url=\"http:\/\/vertienteglobal.com\/?p=157725\" data-lang=\"es\" data-related=\"Informaci\u00f3n general:S\u00edguenos para que est\u00e9ss informado\"><\/a><\/div>\n<figure class=\"wp-block-gallery columns-1 is-cropped wp-block-gallery-1 is-layout-flex wp-block-gallery-is-layout-flex\"><ul class=\"blocks-gallery-grid\"><li class=\"blocks-gallery-item\"><figure><img loading=\"lazy\" decoding=\"async\" width=\"552\" height=\"414\" src=\"http:\/\/vertienteglobal.com\/wp-content\/uploads\/2020\/05\/IMG_20200515_165611.jpg\" alt=\"\" data-id=\"157726\" data-full-url=\"http:\/\/vertienteglobal.com\/wp-content\/uploads\/2020\/05\/IMG_20200515_165611.jpg\" data-link=\"http:\/\/vertienteglobal.com\/?attachment_id=157726\" class=\"wp-image-157726\" srcset=\"http:\/\/vertienteglobal.com\/wp-content\/uploads\/2020\/05\/IMG_20200515_165611.jpg 552w, http:\/\/vertienteglobal.com\/wp-content\/uploads\/2020\/05\/IMG_20200515_165611-300x225.jpg 300w, http:\/\/vertienteglobal.com\/wp-content\/uploads\/2020\/05\/IMG_20200515_165611-150x113.jpg 150w\" sizes=\"auto, (max-width: 552px) 100vw, 552px\" \/><\/figure><\/li><\/ul><\/figure>\n\n\n\n<p>(Antonio Rivera)<\/p>\n\n\n\n<p>Aclar\u00f3 que no es un decisi\u00f3n de capricho, sino que deben cuidar las formas legales, adem\u00e1s de que el cierre de negocios es un decreto que solo puede hacer el Gobierno del Estado, como sucedi\u00f3 el primer fin de semana de este mes de mayo<\/p>\n\n\n\n<p>Villahermosa.,Tabasco a 21 de mayonde 2020.- El vocero del Ayuntamiento, Juan Carlos Castillejos Castillejos, informo que este fin de semana no habr\u00e1 cierre de empresas en el municipio de Centro, como medida para reducir contagios de Covid &#8211; 19, ya que se encuentra la capital del estado y hay m\u00e1s perspectivas que considerar.<\/p>\n\n\n\n<p>El funcionario municipal, se\u00f1al\u00f3 que no pueden tomar una decisi\u00f3n como \u00e9sta, porque primero tiene que pasar por cabildo, lo cual pudiera darse el lunes o el martes de la pr\u00f3xima semana, por lo que no se descarta dicha medida para otro fin de semana.<\/p>\n\n\n\n<p>Aclar\u00f3 que no es un decisi\u00f3n de capricho, sino que deben cuidar las formas legales, adem\u00e1s de que el cierre de negocios es un decreto que solo puede hacer el Gobierno del Estado, como sucedi\u00f3 el primer fin de semana de este mes de mayo.<\/p>\n\n\n\n<p>Dio a conocer que en Centro es m\u00e1s complicado ordenar el cierre de comercios, pues en esta demarcaci\u00f3n est\u00e1n muchos centros de distribuci\u00f3n de la zona sur &#8211; sureste de varias empresas, hay mas bancos y supermercados que en los otros municipios, adem\u00e1s de que es sede del Poder Ejecutivo estatal y se tienen que cuidar las formas legales con los dem\u00e1s autoridades.<\/p>\n\n\n\n<p>Inform\u00f3 a los ciudadanos que entienden la magnitud de la pandemia, la crisis que hay por la misma, pero en Centro est\u00e1 la capital del estado y es paso obligado a otros estados, adem\u00e1s de que el ejercicio de quedarse en casa es una decisi\u00f3n personal.<\/p>\n\n\n\n<p>Por \u00faltimo agreg\u00f3 que de nada servir\u00eda ordenar el cierre de comercios y que las empresas no hagan caso, lo cual ya sucedi\u00f3 en otras partes del pa\u00eds.<\/p>\n\n\n\n<figure class=\"wp-block-gallery columns-1 is-cropped wp-block-gallery-2 is-layout-flex wp-block-gallery-is-layout-flex\"><ul class=\"blocks-gallery-grid\"><li class=\"blocks-gallery-item\"><figure><img loading=\"lazy\" decoding=\"async\" width=\"569\" height=\"1024\" src=\"http:\/\/vertienteglobal.com\/wp-content\/uploads\/2020\/05\/IMG_20200515_165608-1-569x1024.jpg\" alt=\"\" data-id=\"157727\" data-full-url=\"http:\/\/vertienteglobal.com\/wp-content\/uploads\/2020\/05\/IMG_20200515_165608-1.jpg\" data-link=\"http:\/\/vertienteglobal.com\/?attachment_id=157727\" class=\"wp-image-157727\" srcset=\"http:\/\/vertienteglobal.com\/wp-content\/uploads\/2020\/05\/IMG_20200515_165608-1-569x1024.jpg 569w, http:\/\/vertienteglobal.com\/wp-content\/uploads\/2020\/05\/IMG_20200515_165608-1-167x300.jpg 167w, http:\/\/vertienteglobal.com\/wp-content\/uploads\/2020\/05\/IMG_20200515_165608-1-83x150.jpg 83w, http:\/\/vertienteglobal.com\/wp-content\/uploads\/2020\/05\/IMG_20200515_165608-1-768x1382.jpg 768w, http:\/\/vertienteglobal.com\/wp-content\/uploads\/2020\/05\/IMG_20200515_165608-1.jpg 800w\" sizes=\"auto, (max-width: 569px) 100vw, 569px\" \/><\/figure><\/li><\/ul><\/figure>\n","protected":false},"excerpt":{"rendered":"<p>(Antonio Rivera) Aclar\u00f3 que no es un decisi\u00f3n de capricho, sino que deben cuidar las formas legales, adem\u00e1s de que el cierre de negocios es un decreto que solo puede hacer el Gobierno del Estado, como sucedi\u00f3 el primer fin de semana de este mes de mayo Villahermosa.,Tabasco a 21 de mayonde 2020.- El vocero [&hellip;]<\/p>\n","protected":false},"author":1,"featured_media":157726,"comment_status":"open","ping_status":"open","sticky":false,"template":"","format":"standard","meta":{"footnotes":""},"categories":[5],"tags":[],"class_list":["post-157725","post","type-post","status-publish","format-standard","has-post-thumbnail","hentry","category-tabasco","entry","has-media"],"jetpack_featured_media_url":"http:\/\/vertienteglobal.com\/wp-content\/uploads\/2020\/05\/IMG_20200515_165611.jpg","_links":{"self":[{"href":"http:\/\/vertienteglobal.com\/index.php?rest_route=\/wp\/v2\/posts\/157725","targetHints":{"allow":["GET"]}}],"collection":[{"href":"http:\/\/vertienteglobal.com\/index.php?rest_route=\/wp\/v2\/posts"}],"about":[{"href":"http:\/\/vertienteglobal.com\/index.php?rest_route=\/wp\/v2\/types\/post"}],"author":[{"embeddable":true,"href":"http:\/\/vertienteglobal.com\/index.php?rest_route=\/wp\/v2\/users\/1"}],"replies":[{"embeddable":true,"href":"http:\/\/vertienteglobal.com\/index.php?rest_route=%2Fwp%2Fv2%2Fcomments&post=157725"}],"version-history":[{"count":0,"href":"http:\/\/vertienteglobal.com\/index.php?rest_route=\/wp\/v2\/posts\/157725\/revisions"}],"wp:featuredmedia":[{"embeddable":true,"href":"http:\/\/vertienteglobal.com\/index.php?rest_route=\/wp\/v2\/media\/157726"}],"wp:attachment":[{"href":"http:\/\/vertienteglobal.com\/index.php?rest_route=%2Fwp%2Fv2%2Fmedia&parent=157725"}],"wp:term":[{"taxonomy":"category","embeddable":true,"href":"http:\/\/vertienteglobal.com\/index.php?rest_route=%2Fwp%2Fv2%2Fcategories&post=157725"},{"taxonomy":"post_tag","embeddable":true,"href":"http:\/\/vertienteglobal.com\/index.php?rest_route=%2Fwp%2Fv2%2Ftags&post=157725"}],"curies":[{"name":"wp","href":"https:\/\/api.w.org\/{rel}","templated":true}]}}