{"id":157703,"date":"2020-05-21T07:35:00","date_gmt":"2020-05-21T12:35:00","guid":{"rendered":"http:\/\/vertienteglobal.com\/?p=157703"},"modified":"2020-05-21T14:39:46","modified_gmt":"2020-05-21T19:39:46","slug":"sanidad-vegetal-proteger-las-plantas-proteger-la-vida","status":"publish","type":"post","link":"http:\/\/vertienteglobal.com\/?p=157703","title":{"rendered":"Sanidad Vegetal: \u201cProteger las plantas, proteger la vida\u201d"},"content":{"rendered":"\n<div class=\"twitterbutton\" style=\"float: right; padding-left: 5px;\"><a href=\"http:\/\/twitter.com\/share\" class=\"twitter-share-button\" data-count=\"horizontal\" data-text=\"Sanidad Vegetal: \u201cProteger las plantas, proteger la vida\u201d\" data-via=\"https:\/\/twitter.com\/VertienteGloba1\" data-url=\"http:\/\/vertienteglobal.com\/?p=157703\" data-lang=\"es\" data-related=\"Informaci\u00f3n general:S\u00edguenos para que est\u00e9ss informado\"><\/a><\/div>\n<figure class=\"wp-block-gallery columns-1 is-cropped wp-block-gallery-1 is-layout-flex wp-block-gallery-is-layout-flex\"><ul class=\"blocks-gallery-grid\"><li class=\"blocks-gallery-item\"><figure><img loading=\"lazy\" decoding=\"async\" width=\"657\" height=\"449\" src=\"http:\/\/vertienteglobal.com\/wp-content\/uploads\/2020\/05\/ano-internacional-de-la-sanidad-vegetal-1.jpg\" alt=\"\" data-id=\"157704\" data-full-url=\"http:\/\/vertienteglobal.com\/wp-content\/uploads\/2020\/05\/ano-internacional-de-la-sanidad-vegetal-1.jpg\" data-link=\"http:\/\/vertienteglobal.com\/?attachment_id=157704\" class=\"wp-image-157704\" srcset=\"http:\/\/vertienteglobal.com\/wp-content\/uploads\/2020\/05\/ano-internacional-de-la-sanidad-vegetal-1.jpg 657w, http:\/\/vertienteglobal.com\/wp-content\/uploads\/2020\/05\/ano-internacional-de-la-sanidad-vegetal-1-300x205.jpg 300w, http:\/\/vertienteglobal.com\/wp-content\/uploads\/2020\/05\/ano-internacional-de-la-sanidad-vegetal-1-150x103.jpg 150w\" sizes=\"auto, (max-width: 657px) 100vw, 657px\" \/><\/figure><\/li><\/ul><\/figure>\n\n\n\n<p>(Redacci\u00f3n)<\/p>\n\n\n\n<p>Seg\u00fan la FAO, cada a\u00f1o se pierden cerca del 40 por ciento de los cultivos alimentarios del mundo por la propagaci\u00f3n de plagas y enfermedades en las plantas<\/p>\n\n\n\n<p>Ciudad de M\u00e9xico a 21 de mayo de 2020.- Al proteger la salud de las plantas podemos ayudar a erradicar el hambre, reducir la pobreza, proteger el medio ambiente e impulsar el desarrollo econ\u00f3mico.<\/p>\n\n\n\n<p>Adem\u00e1s, las plantas constituyen el 80 por ciento de los alimentos que comemos y producen el 98 por ciento del ox\u00edgeno que respiramos. Sin embargo, se enfrentan a la amenaza constante y creciente de plagas y enfermedades.<\/p>\n\n\n\n<p>Proteger las plantas de plagas y enfermedades es mucho m\u00e1s rentable que hacer frente a las emergencias fitosanitarias a gran escala. Las plagas y enfermedades son a menudo imposibles de erradicar una vez que se han establecido, y su manejo requiere mucho tiempo y dinero.<\/p>\n\n\n\n<p>Para fortalecer la sanidad vegetal se necesita la cooperaci\u00f3n mundial, sin embargo, muchas plagas de las plantas necesitan estrategias a nivel local y regional, por lo que se debe invertir en sistemas de combate y detecci\u00f3n precoz, por lo que se considera que la f\u00f3rmula perfecta es que la Organizaci\u00f3n Nacional de Protecci\u00f3n Fitosanitaria de cada pa\u00eds tenga todos los elementos operativos, incluso econ\u00f3micos, cient\u00edficos, para estar siempre atentos y actualizados sobre los riesgos.<\/p>\n\n\n\n<p>En consideraci\u00f3n con lo anterior, es importante resaltar que, en el marco del \u201cA\u00f1o Internacional de la Sanidad Vegetal\u201d, en M\u00e9xico festejaremos por partida doble, ya que tambi\u00e9n conmemoramos el 120 aniversario de la instituci\u00f3n de la primera dependencia encargada del manejo de la fitosanidad en nuestro pa\u00eds: Comisi\u00f3n de Parasitolog\u00eda Agr\u00edcola.<\/p>\n\n\n\n<p>Actualmente, todas las acciones enfocadas a la prevenci\u00f3n, control y erradicaci\u00f3n de plagas que afectan a los vegetales, sus productos o subproductos le competen al Servicio Nacional de Sanidad, Inocuidad y Calidad Agroalimentaria, SENASICA.<\/p>\n\n\n\n<p>Hay mucho que decir de este tema, mucho que agradecer a hombres y mujeres que como verdaderos h\u00e9roes y hero\u00ednas protegen nuestra alimentaci\u00f3n y tambi\u00e9n al SENASICA, pues su trabajo diario permite que, en estos momentos de pandemia, los alimentos se mantengan sanos e inocuos y as\u00ed #ElCampoNoSeDetiene.<\/p>\n\n\n\n<figure class=\"wp-block-gallery columns-1 is-cropped wp-block-gallery-2 is-layout-flex wp-block-gallery-is-layout-flex\"><ul class=\"blocks-gallery-grid\"><li class=\"blocks-gallery-item\"><figure><img loading=\"lazy\" decoding=\"async\" width=\"799\" height=\"602\" src=\"http:\/\/vertienteglobal.com\/wp-content\/uploads\/2020\/05\/plagas-1.jpg\" alt=\"\" data-id=\"157705\" data-full-url=\"http:\/\/vertienteglobal.com\/wp-content\/uploads\/2020\/05\/plagas-1.jpg\" data-link=\"http:\/\/vertienteglobal.com\/?attachment_id=157705\" class=\"wp-image-157705\" srcset=\"http:\/\/vertienteglobal.com\/wp-content\/uploads\/2020\/05\/plagas-1.jpg 799w, http:\/\/vertienteglobal.com\/wp-content\/uploads\/2020\/05\/plagas-1-300x226.jpg 300w, http:\/\/vertienteglobal.com\/wp-content\/uploads\/2020\/05\/plagas-1-150x113.jpg 150w, http:\/\/vertienteglobal.com\/wp-content\/uploads\/2020\/05\/plagas-1-768x579.jpg 768w\" sizes=\"auto, (max-width: 799px) 100vw, 799px\" \/><\/figure><\/li><\/ul><\/figure>\n\n\n\n<figure class=\"wp-block-gallery columns-1 is-cropped wp-block-gallery-3 is-layout-flex wp-block-gallery-is-layout-flex\"><ul class=\"blocks-gallery-grid\"><li class=\"blocks-gallery-item\"><figure><img loading=\"lazy\" decoding=\"async\" width=\"879\" height=\"508\" src=\"http:\/\/vertienteglobal.com\/wp-content\/uploads\/2020\/05\/tomate-1.jpg\" alt=\"\" data-id=\"157706\" data-full-url=\"http:\/\/vertienteglobal.com\/wp-content\/uploads\/2020\/05\/tomate-1.jpg\" data-link=\"http:\/\/vertienteglobal.com\/?attachment_id=157706\" class=\"wp-image-157706\" srcset=\"http:\/\/vertienteglobal.com\/wp-content\/uploads\/2020\/05\/tomate-1.jpg 879w, http:\/\/vertienteglobal.com\/wp-content\/uploads\/2020\/05\/tomate-1-300x173.jpg 300w, http:\/\/vertienteglobal.com\/wp-content\/uploads\/2020\/05\/tomate-1-150x87.jpg 150w, http:\/\/vertienteglobal.com\/wp-content\/uploads\/2020\/05\/tomate-1-768x444.jpg 768w\" sizes=\"auto, (max-width: 879px) 100vw, 879px\" \/><\/figure><\/li><\/ul><\/figure>\n","protected":false},"excerpt":{"rendered":"<p>(Redacci\u00f3n) Seg\u00fan la FAO, cada a\u00f1o se pierden cerca del 40 por ciento de los cultivos alimentarios del mundo por la propagaci\u00f3n de plagas y enfermedades en las plantas Ciudad de M\u00e9xico a 21 de mayo de 2020.- Al proteger la salud de las plantas podemos ayudar a erradicar el hambre, reducir la pobreza, proteger [&hellip;]<\/p>\n","protected":false},"author":1,"featured_media":157705,"comment_status":"open","ping_status":"open","sticky":false,"template":"","format":"standard","meta":{"footnotes":""},"categories":[8],"tags":[],"class_list":["post-157703","post","type-post","status-publish","format-standard","has-post-thumbnail","hentry","category-pais","entry","has-media"],"jetpack_featured_media_url":"http:\/\/vertienteglobal.com\/wp-content\/uploads\/2020\/05\/plagas-1.jpg","_links":{"self":[{"href":"http:\/\/vertienteglobal.com\/index.php?rest_route=\/wp\/v2\/posts\/157703","targetHints":{"allow":["GET"]}}],"collection":[{"href":"http:\/\/vertienteglobal.com\/index.php?rest_route=\/wp\/v2\/posts"}],"about":[{"href":"http:\/\/vertienteglobal.com\/index.php?rest_route=\/wp\/v2\/types\/post"}],"author":[{"embeddable":true,"href":"http:\/\/vertienteglobal.com\/index.php?rest_route=\/wp\/v2\/users\/1"}],"replies":[{"embeddable":true,"href":"http:\/\/vertienteglobal.com\/index.php?rest_route=%2Fwp%2Fv2%2Fcomments&post=157703"}],"version-history":[{"count":0,"href":"http:\/\/vertienteglobal.com\/index.php?rest_route=\/wp\/v2\/posts\/157703\/revisions"}],"wp:featuredmedia":[{"embeddable":true,"href":"http:\/\/vertienteglobal.com\/index.php?rest_route=\/wp\/v2\/media\/157705"}],"wp:attachment":[{"href":"http:\/\/vertienteglobal.com\/index.php?rest_route=%2Fwp%2Fv2%2Fmedia&parent=157703"}],"wp:term":[{"taxonomy":"category","embeddable":true,"href":"http:\/\/vertienteglobal.com\/index.php?rest_route=%2Fwp%2Fv2%2Fcategories&post=157703"},{"taxonomy":"post_tag","embeddable":true,"href":"http:\/\/vertienteglobal.com\/index.php?rest_route=%2Fwp%2Fv2%2Ftags&post=157703"}],"curies":[{"name":"wp","href":"https:\/\/api.w.org\/{rel}","templated":true}]}}