{"id":157697,"date":"2020-05-20T22:39:00","date_gmt":"2020-05-21T03:39:00","guid":{"rendered":"http:\/\/vertienteglobal.com\/?p=157697"},"modified":"2020-05-21T00:25:45","modified_gmt":"2020-05-21T05:25:45","slug":"marco-casarin-nuevo-director-de-facebook-para-mexico","status":"publish","type":"post","link":"http:\/\/vertienteglobal.com\/?p=157697","title":{"rendered":"Marco Casarin, nuevo director de Facebook para M\u00e9xico"},"content":{"rendered":"\n<div class=\"twitterbutton\" style=\"float: right; padding-left: 5px;\"><a href=\"http:\/\/twitter.com\/share\" class=\"twitter-share-button\" data-count=\"horizontal\" data-text=\"Marco Casarin, nuevo director de Facebook para M\u00e9xico\" data-via=\"https:\/\/twitter.com\/VertienteGloba1\" data-url=\"http:\/\/vertienteglobal.com\/?p=157697\" data-lang=\"es\" data-related=\"Informaci\u00f3n general:S\u00edguenos para que est\u00e9ss informado\"><\/a><\/div>\n<figure class=\"wp-block-gallery columns-1 is-cropped wp-block-gallery-1 is-layout-flex wp-block-gallery-is-layout-flex\"><ul class=\"blocks-gallery-grid\"><li class=\"blocks-gallery-item\"><figure><img loading=\"lazy\" decoding=\"async\" width=\"1024\" height=\"683\" src=\"http:\/\/vertienteglobal.com\/wp-content\/uploads\/2020\/05\/1102065.jpg\" alt=\"\" data-id=\"157698\" data-full-url=\"http:\/\/vertienteglobal.com\/wp-content\/uploads\/2020\/05\/1102065.jpg\" data-link=\"http:\/\/vertienteglobal.com\/?attachment_id=157698\" class=\"wp-image-157698\" srcset=\"http:\/\/vertienteglobal.com\/wp-content\/uploads\/2020\/05\/1102065.jpg 1024w, http:\/\/vertienteglobal.com\/wp-content\/uploads\/2020\/05\/1102065-300x200.jpg 300w, http:\/\/vertienteglobal.com\/wp-content\/uploads\/2020\/05\/1102065-150x100.jpg 150w, http:\/\/vertienteglobal.com\/wp-content\/uploads\/2020\/05\/1102065-768x512.jpg 768w\" sizes=\"auto, (max-width: 1024px) 100vw, 1024px\" \/><\/figure><\/li><\/ul><\/figure>\n\n\n\n<p>(Redacci\u00f3n)<\/p>\n\n\n\n<p>Casarin ha pasado m\u00e1s de 25 a\u00f1os apoyando a negocios de toda la regi\u00f3n a implementar su transformaci\u00f3n digital desde Microsoft, con su cargo m\u00e1s reciente siendo el de gerente para la compa\u00f1\u00eda en Colombia<\/p>\n\n\n\n<p>Ciudad de M\u00e9xico a 20 de mayo de 2020.- La red social de Facebook anunci\u00f3 la contrataci\u00f3n de Marco Casarin como el nuevo director para M\u00e9xico, donde liderar\u00e1 el trabajo de la compa\u00f1\u00eda dentro del ecosistema empresarial de uno de los mercados m\u00e1s importantes en Am\u00e9rica Latina.<\/p>\n\n\n\n<p>Y es que el nuevo director de Facebook para M\u00e9xico es originario de la Ciudad de M\u00e9xico, estudi\u00f3 ciencias de la computaci\u00f3n y administraci\u00f3n de negocios en la Universidad An\u00e1huac.<\/p>\n\n\n\n<p>Casarin ha pasado m\u00e1s de 25 a\u00f1os apoyando a negocios de toda la regi\u00f3n a implementar su transformaci\u00f3n digital desde Microsoft, con su cargo m\u00e1s reciente siendo el de gerente para la compa\u00f1\u00eda en Colombia.<\/p>\n\n\n\n<p>Ahora regresa a su ciudad natal en donde liderar\u00e1 el trabajo de Facebook con compa\u00f1\u00edas globales, agencias de publicidad y marketing digital as\u00ed como con otros socios estrat\u00e9gicos en el pa\u00eds, reportando a la vicepresidenta para Am\u00e9rica Latina, Maren Lau.<\/p>\n\n\n\n<p>\u201cNos emociona recibir a Marco en nuestro equipo. Su liderazgo y experiencia probada en resultados de negocio permitir\u00e1 a nuestros clientes y socios en M\u00e9xico aprovechar la familia de productos de Facebook para acelerar sus objetivos de transformaci\u00f3n digital\u201d, indic\u00f3 Mauren Lau.<\/p>\n\n\n\n<p>Por su parte, Marco Casarin dijo que le \u201centusiasma y agradezco a Facebook la oportunidad de unirme a la compa\u00f1\u00eda y ayudar a generar valor para nuestra comunidad en M\u00e9xico. Estos son tiempos para la solidaridad, resiliencia, innovaci\u00f3n y tambi\u00e9n para ofrecer nuevas oportunidades de negocio. Y es por esto que me emociona empezar este nuevo viaje profesional y personal.\u201d<br>(Fuente: Milenio)<\/p>\n","protected":false},"excerpt":{"rendered":"<p>(Redacci\u00f3n) Casarin ha pasado m\u00e1s de 25 a\u00f1os apoyando a negocios de toda la regi\u00f3n a implementar su transformaci\u00f3n digital desde Microsoft, con su cargo m\u00e1s reciente siendo el de gerente para la compa\u00f1\u00eda en Colombia Ciudad de M\u00e9xico a 20 de mayo de 2020.- La red social de Facebook anunci\u00f3 la contrataci\u00f3n de Marco [&hellip;]<\/p>\n","protected":false},"author":1,"featured_media":157698,"comment_status":"open","ping_status":"open","sticky":false,"template":"","format":"standard","meta":{"footnotes":""},"categories":[8],"tags":[],"class_list":["post-157697","post","type-post","status-publish","format-standard","has-post-thumbnail","hentry","category-pais","entry","has-media"],"jetpack_featured_media_url":"http:\/\/vertienteglobal.com\/wp-content\/uploads\/2020\/05\/1102065.jpg","_links":{"self":[{"href":"http:\/\/vertienteglobal.com\/index.php?rest_route=\/wp\/v2\/posts\/157697","targetHints":{"allow":["GET"]}}],"collection":[{"href":"http:\/\/vertienteglobal.com\/index.php?rest_route=\/wp\/v2\/posts"}],"about":[{"href":"http:\/\/vertienteglobal.com\/index.php?rest_route=\/wp\/v2\/types\/post"}],"author":[{"embeddable":true,"href":"http:\/\/vertienteglobal.com\/index.php?rest_route=\/wp\/v2\/users\/1"}],"replies":[{"embeddable":true,"href":"http:\/\/vertienteglobal.com\/index.php?rest_route=%2Fwp%2Fv2%2Fcomments&post=157697"}],"version-history":[{"count":0,"href":"http:\/\/vertienteglobal.com\/index.php?rest_route=\/wp\/v2\/posts\/157697\/revisions"}],"wp:featuredmedia":[{"embeddable":true,"href":"http:\/\/vertienteglobal.com\/index.php?rest_route=\/wp\/v2\/media\/157698"}],"wp:attachment":[{"href":"http:\/\/vertienteglobal.com\/index.php?rest_route=%2Fwp%2Fv2%2Fmedia&parent=157697"}],"wp:term":[{"taxonomy":"category","embeddable":true,"href":"http:\/\/vertienteglobal.com\/index.php?rest_route=%2Fwp%2Fv2%2Fcategories&post=157697"},{"taxonomy":"post_tag","embeddable":true,"href":"http:\/\/vertienteglobal.com\/index.php?rest_route=%2Fwp%2Fv2%2Ftags&post=157697"}],"curies":[{"name":"wp","href":"https:\/\/api.w.org\/{rel}","templated":true}]}}