{"id":157587,"date":"2020-05-20T12:26:00","date_gmt":"2020-05-20T17:26:00","guid":{"rendered":"http:\/\/vertienteglobal.com\/?p=157587"},"modified":"2020-05-20T14:28:10","modified_gmt":"2020-05-20T19:28:10","slug":"salma-hayek-y-beyonce-lanzan-campana-en-apoyo-de-mujeres-y-ninas-ante-la-pandemia","status":"publish","type":"post","link":"http:\/\/vertienteglobal.com\/?p=157587","title":{"rendered":"Salma Hayek y Beyonc\u00e9 lanzan campa\u00f1a en apoyo de mujeres y ni\u00f1as ante la pandemia"},"content":{"rendered":"\n<div class=\"twitterbutton\" style=\"float: right; padding-left: 5px;\"><a href=\"http:\/\/twitter.com\/share\" class=\"twitter-share-button\" data-count=\"horizontal\" data-text=\"Salma Hayek y Beyonc\u00e9 lanzan campa\u00f1a en apoyo de mujeres y ni\u00f1as ante la pand...\" data-via=\"https:\/\/twitter.com\/VertienteGloba1\" data-url=\"http:\/\/vertienteglobal.com\/?p=157587\" data-lang=\"es\" data-related=\"Informaci\u00f3n general:S\u00edguenos para que est\u00e9ss informado\"><\/a><\/div>\n<figure class=\"wp-block-gallery columns-1 is-cropped wp-block-gallery-1 is-layout-flex wp-block-gallery-is-layout-flex\"><ul class=\"blocks-gallery-grid\"><li class=\"blocks-gallery-item\"><figure><img loading=\"lazy\" decoding=\"async\" width=\"1024\" height=\"616\" src=\"http:\/\/vertienteglobal.com\/wp-content\/uploads\/2020\/05\/106191.jpg\" alt=\"\" data-id=\"157588\" data-full-url=\"http:\/\/vertienteglobal.com\/wp-content\/uploads\/2020\/05\/106191.jpg\" data-link=\"http:\/\/vertienteglobal.com\/?attachment_id=157588\" class=\"wp-image-157588\" srcset=\"http:\/\/vertienteglobal.com\/wp-content\/uploads\/2020\/05\/106191.jpg 1024w, http:\/\/vertienteglobal.com\/wp-content\/uploads\/2020\/05\/106191-300x180.jpg 300w, http:\/\/vertienteglobal.com\/wp-content\/uploads\/2020\/05\/106191-150x90.jpg 150w, http:\/\/vertienteglobal.com\/wp-content\/uploads\/2020\/05\/106191-768x462.jpg 768w\" sizes=\"auto, (max-width: 1024px) 100vw, 1024px\" \/><\/figure><\/li><\/ul><\/figure>\n\n\n\n<p>(Redacci\u00f3n)<\/p>\n\n\n\n<p>La iniciativa ser\u00e1 mediante el movimiento Chime for Change al que pertenece desde hace algunos a\u00f1os<\/p>\n\n\n\n<p>Ciudad de M\u00e9xico a 20 de mayo de 2020.- La actriz y empresaria mexicana Salma Hayek lanzar\u00e1 junto con la cantante Beyonc\u00e9 y la marca Gucci, una campa\u00f1a que tendr\u00e1 como objetivo ayudar a las mujeres y ni\u00f1as en esta \u00e9poca de crisis por COVID-19.<\/p>\n\n\n\n<p>La iniciativa ser\u00e1 mediante el movimiento Chime for Change al que pertenece desde hace algunos a\u00f1os.<\/p>\n\n\n\n<p>\u2018Hace siete a\u00f1os me un\u00ed a Beyonc\u00e9 y Gucci para lanzar el movimiento CHIME FOR CHANGE con la misi\u00f3n de garantizar que las ni\u00f1as, las mujeres de todo el mundo, tengan el mismo acceso a la salud, a la educaci\u00f3n y la justicia. Ma\u00f1ana lanzar\u00e9 una nueva campa\u00f1a CHIME FOR CHANGE para #Standwithwomen en este momento cr\u00edtico\u2019, inform\u00f3 la veracruzana a trav\u00e9s de su cuenta de Instagram.<\/p>\n\n\n\n<p>Chime for Change es una campa\u00f1a global que se fund\u00f3 en 2013 y que busca la igualdad de g\u00e9nero en todo el mundo. Ha apoyado a diversas organizaciones y proyectos que tienen esta lucha en com\u00fan y es reconocido por la ONU como un organismo que lucha por la igualdad de g\u00e9nero. (Fuente: Exc\u00e9lsior)<\/p>\n","protected":false},"excerpt":{"rendered":"<p>(Redacci\u00f3n) La iniciativa ser\u00e1 mediante el movimiento Chime for Change al que pertenece desde hace algunos a\u00f1os Ciudad de M\u00e9xico a 20 de mayo de 2020.- La actriz y empresaria mexicana Salma Hayek lanzar\u00e1 junto con la cantante Beyonc\u00e9 y la marca Gucci, una campa\u00f1a que tendr\u00e1 como objetivo ayudar a las mujeres y ni\u00f1as [&hellip;]<\/p>\n","protected":false},"author":1,"featured_media":157588,"comment_status":"open","ping_status":"open","sticky":false,"template":"","format":"standard","meta":{"footnotes":""},"categories":[10],"tags":[],"class_list":["post-157587","post","type-post","status-publish","format-standard","has-post-thumbnail","hentry","category-espectaculos","entry","has-media"],"jetpack_featured_media_url":"http:\/\/vertienteglobal.com\/wp-content\/uploads\/2020\/05\/106191.jpg","_links":{"self":[{"href":"http:\/\/vertienteglobal.com\/index.php?rest_route=\/wp\/v2\/posts\/157587","targetHints":{"allow":["GET"]}}],"collection":[{"href":"http:\/\/vertienteglobal.com\/index.php?rest_route=\/wp\/v2\/posts"}],"about":[{"href":"http:\/\/vertienteglobal.com\/index.php?rest_route=\/wp\/v2\/types\/post"}],"author":[{"embeddable":true,"href":"http:\/\/vertienteglobal.com\/index.php?rest_route=\/wp\/v2\/users\/1"}],"replies":[{"embeddable":true,"href":"http:\/\/vertienteglobal.com\/index.php?rest_route=%2Fwp%2Fv2%2Fcomments&post=157587"}],"version-history":[{"count":0,"href":"http:\/\/vertienteglobal.com\/index.php?rest_route=\/wp\/v2\/posts\/157587\/revisions"}],"wp:featuredmedia":[{"embeddable":true,"href":"http:\/\/vertienteglobal.com\/index.php?rest_route=\/wp\/v2\/media\/157588"}],"wp:attachment":[{"href":"http:\/\/vertienteglobal.com\/index.php?rest_route=%2Fwp%2Fv2%2Fmedia&parent=157587"}],"wp:term":[{"taxonomy":"category","embeddable":true,"href":"http:\/\/vertienteglobal.com\/index.php?rest_route=%2Fwp%2Fv2%2Fcategories&post=157587"},{"taxonomy":"post_tag","embeddable":true,"href":"http:\/\/vertienteglobal.com\/index.php?rest_route=%2Fwp%2Fv2%2Ftags&post=157587"}],"curies":[{"name":"wp","href":"https:\/\/api.w.org\/{rel}","templated":true}]}}