{"id":157520,"date":"2020-05-19T22:24:00","date_gmt":"2020-05-20T03:24:00","guid":{"rendered":"http:\/\/vertienteglobal.com\/?p=157520"},"modified":"2020-05-19T23:01:46","modified_gmt":"2020-05-20T04:01:46","slug":"para-quintana-roo-el-turismo-es-una-actividad-esencial-y-vamos-a-luchar-para-que-asi-sea-reconocida-carlos-joaquin","status":"publish","type":"post","link":"http:\/\/vertienteglobal.com\/?p=157520","title":{"rendered":"Para Quintana Roo, el turismo es una actividad esencial y vamos a luchar para que as\u00ed sea reconocida: Carlos Joaqu\u00edn"},"content":{"rendered":"\n<div class=\"twitterbutton\" style=\"float: right; padding-left: 5px;\"><a href=\"http:\/\/twitter.com\/share\" class=\"twitter-share-button\" data-count=\"horizontal\" data-text=\"Para Quintana Roo, el turismo es una actividad esencial y vamos a luchar para qu...\" data-via=\"https:\/\/twitter.com\/VertienteGloba1\" data-url=\"http:\/\/vertienteglobal.com\/?p=157520\" data-lang=\"es\" data-related=\"Informaci\u00f3n general:S\u00edguenos para que est\u00e9ss informado\"><\/a><\/div>\n<figure class=\"wp-block-gallery columns-1 is-cropped wp-block-gallery-1 is-layout-flex wp-block-gallery-is-layout-flex\"><ul class=\"blocks-gallery-grid\"><li class=\"blocks-gallery-item\"><figure><img loading=\"lazy\" decoding=\"async\" width=\"1024\" height=\"703\" src=\"http:\/\/vertienteglobal.com\/wp-content\/uploads\/2020\/05\/CJ-Turismo-actividad-escencial.jpg\" alt=\"\" data-id=\"157521\" data-full-url=\"http:\/\/vertienteglobal.com\/wp-content\/uploads\/2020\/05\/CJ-Turismo-actividad-escencial.jpg\" data-link=\"http:\/\/vertienteglobal.com\/?attachment_id=157521\" class=\"wp-image-157521\" srcset=\"http:\/\/vertienteglobal.com\/wp-content\/uploads\/2020\/05\/CJ-Turismo-actividad-escencial.jpg 1024w, http:\/\/vertienteglobal.com\/wp-content\/uploads\/2020\/05\/CJ-Turismo-actividad-escencial-300x206.jpg 300w, http:\/\/vertienteglobal.com\/wp-content\/uploads\/2020\/05\/CJ-Turismo-actividad-escencial-150x103.jpg 150w, http:\/\/vertienteglobal.com\/wp-content\/uploads\/2020\/05\/CJ-Turismo-actividad-escencial-768x527.jpg 768w\" sizes=\"auto, (max-width: 1024px) 100vw, 1024px\" \/><\/figure><\/li><\/ul><\/figure>\n\n\n\n<p>(Redacci\u00f3n)<\/p>\n\n\n\n<p>Se espera que a partir del 1 de junio se retorne gradualmente a las actividades internas. Entre el 8 y 10 del mismo mes, ya se reciban turistas<\/p>\n\n\n\n<p>La reactivaci\u00f3n del sector permitir\u00e1 recuperar los m\u00e1s de 80 mil empleos que se perdieron y la posibilidad de la recuperaci\u00f3n econ\u00f3mica<\/p>\n\n\n\n<p>Chetumal, Quintana Roo a 19 de mayo de 2020.- El gobernador Carlos Joaqu\u00edn expres\u00f3 hoy que el turismo es una actividad como esencial, no hay otra de mayor importancia en Quintana Roo que genere contribuci\u00f3n a la econom\u00eda \u201cy vamos a luchar porque as\u00ed sea considerada\u201d.<\/p>\n\n\n\n<p>Al actualizar la informaci\u00f3n de las acciones y actividades que se desarrollan en torno a la emergencia sanitaria por el Covid-19 y a los preparativos para regresar a las actividades econ\u00f3micas en la nueva normalidad, el gobernador de Quintana Roo explic\u00f3 que es fundamental que podamos empezar, de manera gradual, con la apertura al turismo.<\/p>\n\n\n\n<p>Carlos Joaqu\u00edn destac\u00f3 que con la responsabilidad de los hoteleros y prestadores de servicios hay inter\u00e9s en que a partir de 1 de junio se abran de forma interna las actividades para los trabajadores y entre el 8 y 10 del mismo mes para recibir turistas, durante el programa Enlace Ciudadano del Sistema Quintanarroense de Comunicaci\u00f3n y las redes sociales de la Coordinaci\u00f3n General de Comunicaci\u00f3n del Gobierno del Estado.<\/p>\n\n\n\n<p>El titular del Ejecutivo destac\u00f3 que para ello se tienen que cumplir los protocolos y las medidas de higiene para cuidar a los trabajadores y a los turistas, pues el sector tur\u00edstico permitir\u00e1 recuperar los m\u00e1s de 80 mil empleos que se perdieron y la posibilidad de la recuperaci\u00f3n econ\u00f3mica.<\/p>\n\n\n\n<p>Explic\u00f3 que a trav\u00e9s de una plataforma de certificaci\u00f3n m\u00e1s de mil 983 empresas se han registrado, mil 651 han cumplido con esto y 332 est\u00e1n todav\u00eda en validaci\u00f3n, lo que representa el inter\u00e9s del sector por cumplir con las medidas y protocolos de seguridad e higiene.<\/p>\n\n\n\n<p>Dio a conocer que de acuerdo con una encuesta del tour operador Expedia, Canc\u00fan es uno de los 5 destinos m\u00e1s buscados para vuelos, por arriba destinos como Londres y Los \u00c1ngeles, en tanto que Playa del Carmen, Canc\u00fan e Isla Mujeres son los tres destinos m\u00e1s buscados a nivel internacional.<\/p>\n\n\n\n<p>Durante el mensaje que dirigi\u00f3 a las y los quintanarroenses, el gobernador Carlos Joaqu\u00edn inform\u00f3 que con base en el sem\u00e1foro establecido para reiniciar actividades en la nueva normalidad, en Quintana Roo no habr\u00e1 retorno a clases presenciales, el ciclo escolar concluir\u00e1 con la modalidad a distancia el 17 de julio y no habr\u00e1 perjuicio alguno en las calificaciones de ni\u00f1as, ni\u00f1os y juventud.<\/p>\n\n\n\n<p>Para el retorno a las actividades primarias, como las del campo, la pesca, de la construcci\u00f3n, as\u00ed como la esencial como lo es el turismo, el gobernador Carlos Joaqu\u00edn dio a conocer que ser\u00e1n las secretarias y los secretarios del gabinete quienes encabecen los protocolos para evitar contagios por Covid-19.<\/p>\n\n\n\n<p>El gobernador de Quintana Roo explic\u00f3 que intervino ante la Comisi\u00f3n Federal de Electricidad para resolver un tema generalizado por recibos con cobros excesivos de 20 mil, 30 o 40 mil pesos en el consumo de energ\u00eda el\u00e9ctrica.<\/p>\n\n\n\n<p>\u201cEnvi\u00e9 una carta dirigida al director de la Comisi\u00f3n Federal de Electricidad indic\u00e1ndole que hab\u00eda esta serie de errores en Quintana Roo y le ped\u00eda que verificaran esa situaci\u00f3n porque estaba poniendo en una intranquilidad muy grande y adicional a la que ya tenemos a las familias quintanarroenses\u201d, expres\u00f3.<\/p>\n\n\n\n<p>El gobernador Carlos Joaqu\u00edn dio a conocer que espera este mi\u00e9rcoles 20 de mayo una respuesta por parte de la Comisi\u00f3n Federal de Electricidad. Sin embargo, indic\u00f3 que CFE env\u00edo las diferentes formas de contacto por cualquier duda o anomal\u00eda a trav\u00e9s de 071, @CFE_Contigo, www.cfe.mx, APP CFE Contigo.<\/p>\n\n\n\n<p>Carlos Joaqu\u00edn insisti\u00f3 que mantendr\u00e1 brindando los cinco apoyos para tu tranquilidad, los cuales consisten en alimentos, gas, agua, luz y salud para que la gente se quede en casa, se mitigue el contagio y se salven vidas.<\/p>\n\n\n\n<p>Ante todos estos preparativos, el gobernador Carlos Joaqu\u00edn insisti\u00f3 en que hoy por hoy, de acuerdo con las gr\u00e1ficas, Quintana Roo no est\u00e1 en el nivel de riesgo de contagios que permita el retorno a las actividades productivas.<\/p>\n\n\n\n<p>Se requiere mantener la disciplina en las medidas preventivas, de distanciamiento social, el qu\u00e9date en casa, para que en estas semanas pueda disminuir la curva de contagios.<\/p>\n\n\n\n<p>Carlos Joaqu\u00edn exhort\u00f3 a la poblaci\u00f3n a tener mayor responsabilidad en el compromiso de la disciplina. \u201cYa falta poco, \u00e1nimo, no bajemos la guardia, atendamos los protocolos porque tendremos que vivir con el coronavirus, pero cuidando a nuestra familia, a las personas vulnerables, para que no se enfermen y no requieran hospitalizaci\u00f3n. Eso es lo que menos queremos\u201d, expres\u00f3.<\/p>\n","protected":false},"excerpt":{"rendered":"<p>(Redacci\u00f3n) Se espera que a partir del 1 de junio se retorne gradualmente a las actividades internas. Entre el 8 y 10 del mismo mes, ya se reciban turistas La reactivaci\u00f3n del sector permitir\u00e1 recuperar los m\u00e1s de 80 mil empleos que se perdieron y la posibilidad de la recuperaci\u00f3n econ\u00f3mica Chetumal, Quintana Roo a [&hellip;]<\/p>\n","protected":false},"author":1,"featured_media":157521,"comment_status":"open","ping_status":"open","sticky":false,"template":"","format":"standard","meta":{"footnotes":""},"categories":[8],"tags":[],"class_list":["post-157520","post","type-post","status-publish","format-standard","has-post-thumbnail","hentry","category-pais","entry","has-media"],"jetpack_featured_media_url":"http:\/\/vertienteglobal.com\/wp-content\/uploads\/2020\/05\/CJ-Turismo-actividad-escencial.jpg","_links":{"self":[{"href":"http:\/\/vertienteglobal.com\/index.php?rest_route=\/wp\/v2\/posts\/157520","targetHints":{"allow":["GET"]}}],"collection":[{"href":"http:\/\/vertienteglobal.com\/index.php?rest_route=\/wp\/v2\/posts"}],"about":[{"href":"http:\/\/vertienteglobal.com\/index.php?rest_route=\/wp\/v2\/types\/post"}],"author":[{"embeddable":true,"href":"http:\/\/vertienteglobal.com\/index.php?rest_route=\/wp\/v2\/users\/1"}],"replies":[{"embeddable":true,"href":"http:\/\/vertienteglobal.com\/index.php?rest_route=%2Fwp%2Fv2%2Fcomments&post=157520"}],"version-history":[{"count":0,"href":"http:\/\/vertienteglobal.com\/index.php?rest_route=\/wp\/v2\/posts\/157520\/revisions"}],"wp:featuredmedia":[{"embeddable":true,"href":"http:\/\/vertienteglobal.com\/index.php?rest_route=\/wp\/v2\/media\/157521"}],"wp:attachment":[{"href":"http:\/\/vertienteglobal.com\/index.php?rest_route=%2Fwp%2Fv2%2Fmedia&parent=157520"}],"wp:term":[{"taxonomy":"category","embeddable":true,"href":"http:\/\/vertienteglobal.com\/index.php?rest_route=%2Fwp%2Fv2%2Fcategories&post=157520"},{"taxonomy":"post_tag","embeddable":true,"href":"http:\/\/vertienteglobal.com\/index.php?rest_route=%2Fwp%2Fv2%2Ftags&post=157520"}],"curies":[{"name":"wp","href":"https:\/\/api.w.org\/{rel}","templated":true}]}}