{"id":157508,"date":"2020-05-19T23:18:00","date_gmt":"2020-05-20T04:18:00","guid":{"rendered":"http:\/\/vertienteglobal.com\/?p=157508"},"modified":"2020-05-19T22:36:25","modified_gmt":"2020-05-20T03:36:25","slug":"que-es-la-agorafobia","status":"publish","type":"post","link":"http:\/\/vertienteglobal.com\/?p=157508","title":{"rendered":"\u00bfQu\u00e9 es la agorafobia?"},"content":{"rendered":"\n<div class=\"twitterbutton\" style=\"float: right; padding-left: 5px;\"><a href=\"http:\/\/twitter.com\/share\" class=\"twitter-share-button\" data-count=\"horizontal\" data-text=\"\u00bfQu\u00e9 es la agorafobia?\" data-via=\"https:\/\/twitter.com\/VertienteGloba1\" data-url=\"http:\/\/vertienteglobal.com\/?p=157508\" data-lang=\"es\" data-related=\"Informaci\u00f3n general:S\u00edguenos para que est\u00e9ss informado\"><\/a><\/div>\n<figure class=\"wp-block-gallery columns-1 is-cropped wp-block-gallery-1 is-layout-flex wp-block-gallery-is-layout-flex\"><ul class=\"blocks-gallery-grid\"><li class=\"blocks-gallery-item\"><figure><img loading=\"lazy\" decoding=\"async\" width=\"1024\" height=\"683\" src=\"http:\/\/vertienteglobal.com\/wp-content\/uploads\/2020\/05\/1101822.jpg\" alt=\"\" data-id=\"157509\" data-full-url=\"http:\/\/vertienteglobal.com\/wp-content\/uploads\/2020\/05\/1101822.jpg\" data-link=\"http:\/\/vertienteglobal.com\/?attachment_id=157509\" class=\"wp-image-157509\" srcset=\"http:\/\/vertienteglobal.com\/wp-content\/uploads\/2020\/05\/1101822.jpg 1024w, http:\/\/vertienteglobal.com\/wp-content\/uploads\/2020\/05\/1101822-300x200.jpg 300w, http:\/\/vertienteglobal.com\/wp-content\/uploads\/2020\/05\/1101822-150x100.jpg 150w, http:\/\/vertienteglobal.com\/wp-content\/uploads\/2020\/05\/1101822-768x512.jpg 768w\" sizes=\"auto, (max-width: 1024px) 100vw, 1024px\" \/><\/figure><\/li><\/ul><\/figure>\n\n\n\n<p>(Redacci\u00f3n)<\/p>\n\n\n\n<p>Seg\u00fan el especialista, este trastorno afecta m\u00e1s a las mujeres que a los hombres, y la edad promedio en la que aparece es a los 35 a\u00f1os y si no se trata, generalmente, sigue un curso fluctuante, con altibajos<\/p>\n\n\n\n<p>Ciudad de Am\u00e9rico a 19 de mayo de 2020.-<br>La agorafobia es miedo obsesivo ante los espacios abiertos o descubiertos que puede constituir una enfermedad que puede ocasionar encierro total, impotencia o verg\u00fcenza.<\/p>\n\n\n\n<p>Y es que de acuerdo con John W. Barnhill, m\u00e9dico del Hospital Presbiteriano de Nueva York, esto les afecta a tal punto que, en ocasiones, prefieren recluirse en sus casas porque incluso estas situaciones les podr\u00edan generar un ataque de p\u00e1nico.<\/p>\n\n\n\n<p>Seg\u00fan el especialista, este trastorno afecta m\u00e1s a las mujeres que a los hombres, y la edad promedio en la que aparece es a los 35 a\u00f1os y si no se trata, generalmente, sigue un curso fluctuante, con altibajos.<\/p>\n\n\n\n<p>Por lo anterior, Barnhill explica que, lo ideal es que acudan con un especialista que pueda atender espec\u00edficamente la causa que desarroll\u00f3 el trastorno, aunque tambi\u00e9n la persona puede crear su propio m\u00e9todo de terapia, es decir, con base en sus experiencias, puede aprender a evitar las situaciones que desencadenan los ataques de ansiedad.<\/p>\n\n\n\n<p>Sin embargo, el hecho de limitarse a evitar situaciones puede restringir de forma significativa la vida de la persona, por ello es mejor aprender estrategias de relajaci\u00f3n, sobre todo, deben aprender a controlar su pensamiento y con ello podr\u00e1n modificar su comportamiento. Por lo general, no se utilizan f\u00e1rmacos o antidepresivos, al menos que el psiquiatra los administre.<\/p>\n\n\n\n<p>Por \u00faltimo, el experto asegura que se trata de este trastorno cuando la persona ha experimentado esta sensaci\u00f3n de ansiedad en cualquiera de los escenarios ya mencionados, por al menos seis meses.<\/p>\n\n\n\n<p>Adem\u00e1s, los especialistas sospechan de este problema si los s\u00edntomas casi siempre est\u00e1n desencadenados por las mismas situaciones, si constantemente piensan en escapar, si la preocupaci\u00f3n es desproporcionada respecto al peligro real o si los s\u00edntomas provocan un malestar significativo que perjudique notablemente su funcionamiento. (Fuente: Notimex)<\/p>\n","protected":false},"excerpt":{"rendered":"<p>(Redacci\u00f3n) Seg\u00fan el especialista, este trastorno afecta m\u00e1s a las mujeres que a los hombres, y la edad promedio en la que aparece es a los 35 a\u00f1os y si no se trata, generalmente, sigue un curso fluctuante, con altibajos Ciudad de Am\u00e9rico a 19 de mayo de 2020.-La agorafobia es miedo obsesivo ante los [&hellip;]<\/p>\n","protected":false},"author":1,"featured_media":157509,"comment_status":"open","ping_status":"open","sticky":false,"template":"","format":"standard","meta":{"footnotes":""},"categories":[8],"tags":[],"class_list":["post-157508","post","type-post","status-publish","format-standard","has-post-thumbnail","hentry","category-pais","entry","has-media"],"jetpack_featured_media_url":"http:\/\/vertienteglobal.com\/wp-content\/uploads\/2020\/05\/1101822.jpg","_links":{"self":[{"href":"http:\/\/vertienteglobal.com\/index.php?rest_route=\/wp\/v2\/posts\/157508","targetHints":{"allow":["GET"]}}],"collection":[{"href":"http:\/\/vertienteglobal.com\/index.php?rest_route=\/wp\/v2\/posts"}],"about":[{"href":"http:\/\/vertienteglobal.com\/index.php?rest_route=\/wp\/v2\/types\/post"}],"author":[{"embeddable":true,"href":"http:\/\/vertienteglobal.com\/index.php?rest_route=\/wp\/v2\/users\/1"}],"replies":[{"embeddable":true,"href":"http:\/\/vertienteglobal.com\/index.php?rest_route=%2Fwp%2Fv2%2Fcomments&post=157508"}],"version-history":[{"count":0,"href":"http:\/\/vertienteglobal.com\/index.php?rest_route=\/wp\/v2\/posts\/157508\/revisions"}],"wp:featuredmedia":[{"embeddable":true,"href":"http:\/\/vertienteglobal.com\/index.php?rest_route=\/wp\/v2\/media\/157509"}],"wp:attachment":[{"href":"http:\/\/vertienteglobal.com\/index.php?rest_route=%2Fwp%2Fv2%2Fmedia&parent=157508"}],"wp:term":[{"taxonomy":"category","embeddable":true,"href":"http:\/\/vertienteglobal.com\/index.php?rest_route=%2Fwp%2Fv2%2Fcategories&post=157508"},{"taxonomy":"post_tag","embeddable":true,"href":"http:\/\/vertienteglobal.com\/index.php?rest_route=%2Fwp%2Fv2%2Ftags&post=157508"}],"curies":[{"name":"wp","href":"https:\/\/api.w.org\/{rel}","templated":true}]}}