{"id":157505,"date":"2020-05-19T21:48:00","date_gmt":"2020-05-20T02:48:00","guid":{"rendered":"http:\/\/vertienteglobal.com\/?p=157505"},"modified":"2020-05-19T22:34:44","modified_gmt":"2020-05-20T03:34:44","slug":"reportan-25-muertes-mas-por-covid-19-en-veracruz-suman-270-van-2228-casos-confirmados","status":"publish","type":"post","link":"http:\/\/vertienteglobal.com\/?p=157505","title":{"rendered":"Reportan 25 muertes m\u00e1s por COVID-19 en Veracruz, suman 270; van 2,228 casos confirmados"},"content":{"rendered":"\n<div class=\"twitterbutton\" style=\"float: right; padding-left: 5px;\"><a href=\"http:\/\/twitter.com\/share\" class=\"twitter-share-button\" data-count=\"horizontal\" data-text=\"Reportan 25 muertes m\u00e1s por COVID-19 en Veracruz, suman 270; van 2,228 casos co...\" data-via=\"https:\/\/twitter.com\/VertienteGloba1\" data-url=\"http:\/\/vertienteglobal.com\/?p=157505\" data-lang=\"es\" data-related=\"Informaci\u00f3n general:S\u00edguenos para que est\u00e9ss informado\"><\/a><\/div>\n<figure class=\"wp-block-gallery columns-1 is-cropped wp-block-gallery-1 is-layout-flex wp-block-gallery-is-layout-flex\"><ul class=\"blocks-gallery-grid\"><li class=\"blocks-gallery-item\"><figure><img loading=\"lazy\" decoding=\"async\" width=\"1024\" height=\"628\" src=\"http:\/\/vertienteglobal.com\/wp-content\/uploads\/2020\/05\/1101895.jpg\" alt=\"\" data-id=\"157506\" data-full-url=\"http:\/\/vertienteglobal.com\/wp-content\/uploads\/2020\/05\/1101895.jpg\" data-link=\"http:\/\/vertienteglobal.com\/?attachment_id=157506\" class=\"wp-image-157506\" srcset=\"http:\/\/vertienteglobal.com\/wp-content\/uploads\/2020\/05\/1101895.jpg 1024w, http:\/\/vertienteglobal.com\/wp-content\/uploads\/2020\/05\/1101895-300x184.jpg 300w, http:\/\/vertienteglobal.com\/wp-content\/uploads\/2020\/05\/1101895-150x92.jpg 150w, http:\/\/vertienteglobal.com\/wp-content\/uploads\/2020\/05\/1101895-768x471.jpg 768w\" sizes=\"auto, (max-width: 1024px) 100vw, 1024px\" \/><\/figure><\/li><\/ul><\/figure>\n\n\n\n<p>(Redacci\u00f3n)<\/p>\n\n\n\n<p>La Encargada de Epidemiolog\u00eda de la dependencia, Dulce Mar\u00eda Espejo Guevara, dio a conocer que van 2 mil 228 casos confirmados acumulados<\/p>\n\n\n\n<p>Xalapa, Veracruz a 19 de mayo de 2020.- La Secretar\u00eda de Salud de Veracruz report\u00f3 25 muertes en las \u00faltimas 24 horas por COVID-19, con lo que ya suman 270 fallecimientos por el virus en la entidad.<\/p>\n\n\n\n<p>Y es que en conferencia de prensa, la Encargada de Epidemiolog\u00eda de la dependencia, Dulce Mar\u00eda Espejo Guevara, dio a conocer que van 2 mil 228 casos confirmados acumulados.<\/p>\n\n\n\n<p>Adem\u00e1s, hay 881 casos sospechosos que est\u00e1n siendo analizados en laboratorio.<\/p>\n\n\n\n<p>881 sospechosos de 82 municipios contin\u00faan en investigaci\u00f3n: Veracruz 341; Boca del R\u00edo, Coatzacoalcos y Poza Rica 64; Minatitl\u00e1n 50, Xalapa 28, C\u00f3rdoba 23, Tuxpan 20, Medell\u00edn y Papantla 15, Cosamaloapan 10, Alvarado y Cosoleacaque 9, La Antigua 8; R\u00edo Blanco, San Andr\u00e9s Tuxtla y Tihuatl\u00e1n 7; Acayucan, Agua Dulce, Mart\u00ednez de la Torre, Orizaba y P\u00e1nuco 6; Las Choapas, Fort\u00edn y Pueblo Viejo 5; Coatzintla, Manlio Fabio Altamirano, Perote y Tierra Blanca 4; \u00c1ngel R. Cabada, J\u00e1ltipan, Lerdo de Tejada, Paso de Ovejas, Tlapacoyan y Tres Valles 3; Ayahualulco, Camerino Z. Mendoza, Carlos A. Carrillo, Chocam\u00e1n, Emiliano Zapata, Espinal, Ixmatlahuacan, Jamapa, Misantla, Naranjos, Puente Nacional, Sayula de Alem\u00e1n, Tlalixcoyan y \u00darsulo Galv\u00e1n 2; Atoyac, Atzalan, Banderilla, Castillo de Teayo, Coacoatzintla, Coatepec, Cuitl\u00e1huac, Guti\u00e9rrez Zamora, Huayacocotla, Ignacio de la Llave, Ilamatl\u00e1n, Isla, Ixhuac\u00e1n de los Reyes, Ixhuatlancillo, Ixhuatl\u00e1n del Sureste, Jos\u00e9 Azueta, Juan Rodr\u00edguez Clara, Moloac\u00e1n, Nanchital, Naranjal, Nogales, Paso del Macho, La Perla, Santiago Tuxtla, Soconusco, Soledad de Doblado, Tamiahua, Tampico Alto, Tatatila, Texistepec, Tlacotalpan, Tuxtilla y Zongolica 1.<\/p>\n\n\n\n<p>La cifra de positivos acumulados es de 2 mil 228 en 116 demarcaciones y 579 activos: Veracruz 840, Coatzacoalcos 320, Poza Rica 208, Boca del R\u00edo 119, Minatitl\u00e1n 101, Tuxpan 42, Cosoleacaque 35, Xalapa 33, C\u00f3rdoba 32, Medell\u00edn 31; Coatzintla, Orizaba y Papantla 24; Alvarado 21, Cosamaloapan 19, Nanchital 16, Tihuatl\u00e1n 15, Fort\u00edn 14, San Andr\u00e9s Tuxtla y Tierra Blanca 13, Mart\u00ednez de la Torre 12, Santiago Tuxtla 11*; Acayucan, La Antigua y J\u00e1ltipan 10; Agua Dulce, Ixtaczoquitl\u00e1n y Misantla 8; Las Choapas, Emiliano Zapata y Perote 7; Amatl\u00e1n de los Reyes e Isla 6; \u00c1ngel R. Cabada, Cerro Azul, Coatepec, R\u00edo Blanco, Tlalixcoyan y \u00darsulo Galv\u00e1n 5; Ayahualulco, Cazones, Cuitl\u00e1huac, Jos\u00e9 Azueta, Manlio Fabio Altamirano, P\u00e1nuco, Tantoyuca y Tlacotalpan 4; \u00c1lamo, Ixhuatl\u00e1n del Sureste, Jamapa, Lerdo de Tejada, Mariano Escobedo, Playa Vicente, Pueblo Viejo y Soledad de Doblado 3; Acula, Atoyac, Banderilla, Chacaltianguis, Coacoatzintla, Cotaxtla, Coyutla, Espinal, Guti\u00e9rrez Zamora, Huatusco, Ixhuatl\u00e1n de Madero, Jalacingo, Maltrata, Moloac\u00e1n, Naranjos, Nogales, Oluta, Oteapan, Paso de Ovejas, Paso del Macho, Puente Nacional, San Rafael, Soledad Atzompa, Tamiahua, Tezonapa, Tres Valles y Yanga 2; Actopan, Acultzingo, Amatitl\u00e1n, Atzacan, Atzalan, Carlos A. Carrillo, Carrillo Puerto, Catemaco, Chalma, Chiconquiaco, Chinameca, Chinampa de Gorostiza, Coscomatepec, Filomeno Mata, Huayacocotla, Hueyapan, Ixhuatl\u00e1n del Caf\u00e9, Ixhuatlancillo, Juan Rodr\u00edguez Clara, Magdalena, Miahuatl\u00e1n, Pajapan, La Perla, Rafael Delgado, Saltabarranca, San Juan Evangelista, Sayula de Alem\u00e1n, Soteapan, Tepetl\u00e1n, Tlalnelhuayocan, Tlapacoyan, Totutla, Uxpanapa y Vega de Alatorre 1.<\/p>\n\n\n\n<p>Hay registro de 270 defunciones en 57 municipios: Veracruz 74, Coatzacoalcos 52, Poza Rica 27, Minatitl\u00e1n 16, Boca del R\u00edo 7, Nanchital 6, Cosoleacaque 5; Las Choapas, Mart\u00ednez de la Torre, Medell\u00edn y Tihuatl\u00e1n 4; Acayucan, Coatzintla, Fort\u00edn y Tierra Blanca 3; Agua Dulce, Alvarado, \u00c1ngel R. Cabada, Ayahualulco, Cazones, Ixtaczoquitl\u00e1n, Mariano Escobedo, Misantla, Orizaba, Papantla, San Andr\u00e9s Tuxtla, Tamiahua y Xalapa 2; Amatitl\u00e1n, Atzacan, Catemaco, Cerro Azul, Chinampa de Gorostiza, Coatepec, Cuitl\u00e1huac, Emiliano Zapata, Guti\u00e9rrez Zamora, Huatusco, J\u00e1ltipan, Jamapa, Lerdo de Tejada, Magdalena, Maltrata, Manlio Fabio Altamirano, Moloac\u00e1n, Naranjos, Nogales, Pajapan, Perote, Santiago Tuxtla, Soledad Atzompa, Tepetl\u00e1n, Tezonapa, Tlacotalpan, Totutla, Tres Valles y Yanga 1.<\/p>\n","protected":false},"excerpt":{"rendered":"<p>(Redacci\u00f3n) La Encargada de Epidemiolog\u00eda de la dependencia, Dulce Mar\u00eda Espejo Guevara, dio a conocer que van 2 mil 228 casos confirmados acumulados Xalapa, Veracruz a 19 de mayo de 2020.- La Secretar\u00eda de Salud de Veracruz report\u00f3 25 muertes en las \u00faltimas 24 horas por COVID-19, con lo que ya suman 270 fallecimientos por [&hellip;]<\/p>\n","protected":false},"author":1,"featured_media":157506,"comment_status":"open","ping_status":"open","sticky":false,"template":"","format":"standard","meta":{"footnotes":""},"categories":[7],"tags":[],"class_list":["post-157505","post","type-post","status-publish","format-standard","has-post-thumbnail","hentry","category-veracruz","entry","has-media"],"jetpack_featured_media_url":"http:\/\/vertienteglobal.com\/wp-content\/uploads\/2020\/05\/1101895.jpg","_links":{"self":[{"href":"http:\/\/vertienteglobal.com\/index.php?rest_route=\/wp\/v2\/posts\/157505","targetHints":{"allow":["GET"]}}],"collection":[{"href":"http:\/\/vertienteglobal.com\/index.php?rest_route=\/wp\/v2\/posts"}],"about":[{"href":"http:\/\/vertienteglobal.com\/index.php?rest_route=\/wp\/v2\/types\/post"}],"author":[{"embeddable":true,"href":"http:\/\/vertienteglobal.com\/index.php?rest_route=\/wp\/v2\/users\/1"}],"replies":[{"embeddable":true,"href":"http:\/\/vertienteglobal.com\/index.php?rest_route=%2Fwp%2Fv2%2Fcomments&post=157505"}],"version-history":[{"count":0,"href":"http:\/\/vertienteglobal.com\/index.php?rest_route=\/wp\/v2\/posts\/157505\/revisions"}],"wp:featuredmedia":[{"embeddable":true,"href":"http:\/\/vertienteglobal.com\/index.php?rest_route=\/wp\/v2\/media\/157506"}],"wp:attachment":[{"href":"http:\/\/vertienteglobal.com\/index.php?rest_route=%2Fwp%2Fv2%2Fmedia&parent=157505"}],"wp:term":[{"taxonomy":"category","embeddable":true,"href":"http:\/\/vertienteglobal.com\/index.php?rest_route=%2Fwp%2Fv2%2Fcategories&post=157505"},{"taxonomy":"post_tag","embeddable":true,"href":"http:\/\/vertienteglobal.com\/index.php?rest_route=%2Fwp%2Fv2%2Ftags&post=157505"}],"curies":[{"name":"wp","href":"https:\/\/api.w.org\/{rel}","templated":true}]}}