{"id":157494,"date":"2020-05-19T18:32:00","date_gmt":"2020-05-19T23:32:00","guid":{"rendered":"http:\/\/vertienteglobal.com\/?p=157494"},"modified":"2020-05-19T22:27:03","modified_gmt":"2020-05-20T03:27:03","slug":"gabinete-y-gobernadores-abordan-reapertura-de-empresas-esenciales","status":"publish","type":"post","link":"http:\/\/vertienteglobal.com\/?p=157494","title":{"rendered":"Gabinete y gobernadores abordan reapertura de empresas esenciales"},"content":{"rendered":"\n<div class=\"twitterbutton\" style=\"float: right; padding-left: 5px;\"><a href=\"http:\/\/twitter.com\/share\" class=\"twitter-share-button\" data-count=\"horizontal\" data-text=\"Gabinete y gobernadores abordan reapertura de empresas esenciales\" data-via=\"https:\/\/twitter.com\/VertienteGloba1\" data-url=\"http:\/\/vertienteglobal.com\/?p=157494\" data-lang=\"es\" data-related=\"Informaci\u00f3n general:S\u00edguenos para que est\u00e9ss informado\"><\/a><\/div>\n<figure class=\"wp-block-gallery columns-1 is-cropped wp-block-gallery-1 is-layout-flex wp-block-gallery-is-layout-flex\"><ul class=\"blocks-gallery-grid\"><li class=\"blocks-gallery-item\"><figure><img loading=\"lazy\" decoding=\"async\" width=\"1024\" height=\"577\" src=\"http:\/\/vertienteglobal.com\/wp-content\/uploads\/2020\/05\/1101852.jpg\" alt=\"\" data-id=\"157495\" data-full-url=\"http:\/\/vertienteglobal.com\/wp-content\/uploads\/2020\/05\/1101852.jpg\" data-link=\"http:\/\/vertienteglobal.com\/?attachment_id=157495\" class=\"wp-image-157495\" srcset=\"http:\/\/vertienteglobal.com\/wp-content\/uploads\/2020\/05\/1101852.jpg 1024w, http:\/\/vertienteglobal.com\/wp-content\/uploads\/2020\/05\/1101852-300x169.jpg 300w, http:\/\/vertienteglobal.com\/wp-content\/uploads\/2020\/05\/1101852-150x85.jpg 150w, http:\/\/vertienteglobal.com\/wp-content\/uploads\/2020\/05\/1101852-768x433.jpg 768w\" sizes=\"auto, (max-width: 1024px) 100vw, 1024px\" \/><\/figure><\/li><\/ul><\/figure>\n\n\n\n<p>(Redacci\u00f3n)<\/p>\n\n\n\n<p>La secretaria de Gobernaci\u00f3n, Olga S\u00e1nchez, aclar\u00f3 que s\u00f3lo participan las entidades en cuyos territorios hay industria automotriz, de autopartes y aeroespacial<\/p>\n\n\n\n<p>Ciudad de M\u00e9xico a 19 de mayo de 2020.-<br>Integrantes del gabinete federal sostienen una reuni\u00f3n virtual con gobernadores para abordar la reapertura de empresas esenciales en sus respectivos estados.<\/p>\n\n\n\n<p>Y es que al inicio de la videoconferencia, la secretaria de Gobernaci\u00f3n, Olga S\u00e1nchez, aclar\u00f3 que s\u00f3lo participan las entidades en cuyos territorios hay industria automotriz, de autopartes y aeroespacial.<\/p>\n\n\n\n<p>\u00abSolamente hemos convocado a los se\u00f1ores gobernadores y a la se\u00f1ora gobernadora que tienen la industria automotriz, de autopartes y aeroespacial. \u00bfPor qu\u00e9? Porque son las primeras industrias, las primeras empresas, que en el calendario van a iniciar actividades pr\u00f3ximamente\u00bb, dijo.<\/p>\n\n\n\n<p>Refiri\u00f3 que son las entidades \u201cque ya tienen alg\u00fan tipo de protocolo para el inicio de estas actividades o est\u00e1n realizando este protocolo para este tipo de actividades y, por lo tanto, s\u00f3lo fueron convocados la gobernadora y los gobernadores que tienen estas industrias\u00bb.<\/p>\n\n\n\n<p>Adem\u00e1s de la titular de Gobernaci\u00f3n, tambi\u00e9n participan el secretario de Salud, Jorge Alcocer, y el subsecretario de Salud, Hugo L\u00f3pez Gatell, as\u00ed como los titulares del IMSS, Zo\u00e9 Robledo; del ISSSTE, Luis Antonio Ram\u00edrez, y del Insabi, Juan Ferrer.<\/p>\n\n\n\n<p>Cabe destacar que participan los gobernadores de Aguascalientes, Baja California, Chihuahua, Estado de M\u00e9xico, Jalisco, Puebla, Quer\u00e9taro, Morelos, Nuevo Le\u00f3n, San Luis Potos\u00ed y Sonora, as\u00ed como representantes de Jalisco y Guanajuato.<\/p>\n","protected":false},"excerpt":{"rendered":"<p>(Redacci\u00f3n) La secretaria de Gobernaci\u00f3n, Olga S\u00e1nchez, aclar\u00f3 que s\u00f3lo participan las entidades en cuyos territorios hay industria automotriz, de autopartes y aeroespacial Ciudad de M\u00e9xico a 19 de mayo de 2020.-Integrantes del gabinete federal sostienen una reuni\u00f3n virtual con gobernadores para abordar la reapertura de empresas esenciales en sus respectivos estados. Y es que [&hellip;]<\/p>\n","protected":false},"author":1,"featured_media":157495,"comment_status":"open","ping_status":"open","sticky":false,"template":"","format":"standard","meta":{"footnotes":""},"categories":[8],"tags":[],"class_list":["post-157494","post","type-post","status-publish","format-standard","has-post-thumbnail","hentry","category-pais","entry","has-media"],"jetpack_featured_media_url":"http:\/\/vertienteglobal.com\/wp-content\/uploads\/2020\/05\/1101852.jpg","_links":{"self":[{"href":"http:\/\/vertienteglobal.com\/index.php?rest_route=\/wp\/v2\/posts\/157494","targetHints":{"allow":["GET"]}}],"collection":[{"href":"http:\/\/vertienteglobal.com\/index.php?rest_route=\/wp\/v2\/posts"}],"about":[{"href":"http:\/\/vertienteglobal.com\/index.php?rest_route=\/wp\/v2\/types\/post"}],"author":[{"embeddable":true,"href":"http:\/\/vertienteglobal.com\/index.php?rest_route=\/wp\/v2\/users\/1"}],"replies":[{"embeddable":true,"href":"http:\/\/vertienteglobal.com\/index.php?rest_route=%2Fwp%2Fv2%2Fcomments&post=157494"}],"version-history":[{"count":0,"href":"http:\/\/vertienteglobal.com\/index.php?rest_route=\/wp\/v2\/posts\/157494\/revisions"}],"wp:featuredmedia":[{"embeddable":true,"href":"http:\/\/vertienteglobal.com\/index.php?rest_route=\/wp\/v2\/media\/157495"}],"wp:attachment":[{"href":"http:\/\/vertienteglobal.com\/index.php?rest_route=%2Fwp%2Fv2%2Fmedia&parent=157494"}],"wp:term":[{"taxonomy":"category","embeddable":true,"href":"http:\/\/vertienteglobal.com\/index.php?rest_route=%2Fwp%2Fv2%2Fcategories&post=157494"},{"taxonomy":"post_tag","embeddable":true,"href":"http:\/\/vertienteglobal.com\/index.php?rest_route=%2Fwp%2Fv2%2Ftags&post=157494"}],"curies":[{"name":"wp","href":"https:\/\/api.w.org\/{rel}","templated":true}]}}