{"id":157390,"date":"2020-05-18T21:19:00","date_gmt":"2020-05-19T02:19:00","guid":{"rendered":"http:\/\/vertienteglobal.com\/?p=157390"},"modified":"2020-05-18T23:23:19","modified_gmt":"2020-05-19T04:23:19","slug":"pemex-reporta-146-defunciones-por-covid-19-en-trabajadores-y-derechohabientes","status":"publish","type":"post","link":"http:\/\/vertienteglobal.com\/?p=157390","title":{"rendered":"Pemex reporta 146 defunciones por Covid-19 en trabajadores y derechohabientes"},"content":{"rendered":"\n<div class=\"twitterbutton\" style=\"float: right; padding-left: 5px;\"><a href=\"http:\/\/twitter.com\/share\" class=\"twitter-share-button\" data-count=\"horizontal\" data-text=\"Pemex reporta 146 defunciones por Covid-19 en trabajadores y derechohabientes\" data-via=\"https:\/\/twitter.com\/VertienteGloba1\" data-url=\"http:\/\/vertienteglobal.com\/?p=157390\" data-lang=\"es\" data-related=\"Informaci\u00f3n general:S\u00edguenos para que est\u00e9ss informado\"><\/a><\/div>\n<figure class=\"wp-block-gallery columns-1 is-cropped wp-block-gallery-1 is-layout-flex wp-block-gallery-is-layout-flex\"><ul class=\"blocks-gallery-grid\"><li class=\"blocks-gallery-item\"><figure><img loading=\"lazy\" decoding=\"async\" width=\"1024\" height=\"640\" src=\"http:\/\/vertienteglobal.com\/wp-content\/uploads\/2020\/05\/IMG_20200422_084753-2-1024x640.jpg\" alt=\"\" data-id=\"157391\" data-full-url=\"http:\/\/vertienteglobal.com\/wp-content\/uploads\/2020\/05\/IMG_20200422_084753-2.jpg\" data-link=\"http:\/\/vertienteglobal.com\/?attachment_id=157391\" class=\"wp-image-157391\" srcset=\"http:\/\/vertienteglobal.com\/wp-content\/uploads\/2020\/05\/IMG_20200422_084753-2-1024x640.jpg 1024w, http:\/\/vertienteglobal.com\/wp-content\/uploads\/2020\/05\/IMG_20200422_084753-2-300x187.jpg 300w, http:\/\/vertienteglobal.com\/wp-content\/uploads\/2020\/05\/IMG_20200422_084753-2-150x94.jpg 150w, http:\/\/vertienteglobal.com\/wp-content\/uploads\/2020\/05\/IMG_20200422_084753-2-768x480.jpg 768w, http:\/\/vertienteglobal.com\/wp-content\/uploads\/2020\/05\/IMG_20200422_084753-2.jpg 1140w\" sizes=\"auto, (max-width: 1024px) 100vw, 1024px\" \/><\/figure><\/li><\/ul><\/figure>\n\n\n\n<p>(Redacci\u00f3n)<\/p>\n\n\n\n<p>La petrolera, se\u00f1al\u00f3 que del total de defunciones 49 ocurrieron en jubilados, 45 en familiares, 50 trabajadores y 2 externos<\/p>\n\n\n\n<p>Ciudad de M\u00e9xico an18 de mayo de 2020.-Petr\u00f3leos Mexicanos (Pemex) reporta que han fallecido 146 personas y se han contagiado mil 159 trabajadores y derechohabientes de Covid-19.<\/p>\n\n\n\n<p>Y es que en su reporte diario, la petrolera, se\u00f1al\u00f3 que del total de defunciones 49 ocurrieron en jubilados, 45 en familiares, 50 trabajadores y 2 externos.<\/p>\n\n\n\n<p>Han registrado 5 mil 329 casos sospechosos, realizado 2 mil 013 pruebas de diagn\u00f3stico y se lograron descartar 854 casos.<\/p>\n\n\n\n<p>Adem\u00e1s 441 fueron dados de alta, 386 contin\u00faan en aislamiento domiciliario, 156 en hospitalizaci\u00f3n en un pabell\u00f3n aislado y 30 se encuentran en terapia intensiva, de los cuales 18 ya fueron egresados a su domicilio. (Fuente: Pemex)<\/p>\n\n\n\n<figure class=\"wp-block-gallery columns-1 is-cropped wp-block-gallery-2 is-layout-flex wp-block-gallery-is-layout-flex\"><ul class=\"blocks-gallery-grid\"><li class=\"blocks-gallery-item\"><figure><img loading=\"lazy\" decoding=\"async\" width=\"800\" height=\"1024\" src=\"http:\/\/vertienteglobal.com\/wp-content\/uploads\/2020\/05\/IMG_20200518_232321-800x1024.jpg\" alt=\"\" data-id=\"157392\" data-full-url=\"http:\/\/vertienteglobal.com\/wp-content\/uploads\/2020\/05\/IMG_20200518_232321.jpg\" data-link=\"http:\/\/vertienteglobal.com\/?attachment_id=157392\" class=\"wp-image-157392\" srcset=\"http:\/\/vertienteglobal.com\/wp-content\/uploads\/2020\/05\/IMG_20200518_232321-800x1024.jpg 800w, http:\/\/vertienteglobal.com\/wp-content\/uploads\/2020\/05\/IMG_20200518_232321-234x300.jpg 234w, http:\/\/vertienteglobal.com\/wp-content\/uploads\/2020\/05\/IMG_20200518_232321-117x150.jpg 117w, http:\/\/vertienteglobal.com\/wp-content\/uploads\/2020\/05\/IMG_20200518_232321-768x983.jpg 768w, http:\/\/vertienteglobal.com\/wp-content\/uploads\/2020\/05\/IMG_20200518_232321.jpg 1080w\" sizes=\"auto, (max-width: 800px) 100vw, 800px\" \/><\/figure><\/li><\/ul><\/figure>\n","protected":false},"excerpt":{"rendered":"<p>(Redacci\u00f3n) La petrolera, se\u00f1al\u00f3 que del total de defunciones 49 ocurrieron en jubilados, 45 en familiares, 50 trabajadores y 2 externos Ciudad de M\u00e9xico an18 de mayo de 2020.-Petr\u00f3leos Mexicanos (Pemex) reporta que han fallecido 146 personas y se han contagiado mil 159 trabajadores y derechohabientes de Covid-19. Y es que en su reporte diario, [&hellip;]<\/p>\n","protected":false},"author":1,"featured_media":157391,"comment_status":"open","ping_status":"open","sticky":false,"template":"","format":"standard","meta":{"footnotes":""},"categories":[8],"tags":[],"class_list":["post-157390","post","type-post","status-publish","format-standard","has-post-thumbnail","hentry","category-pais","entry","has-media"],"jetpack_featured_media_url":"http:\/\/vertienteglobal.com\/wp-content\/uploads\/2020\/05\/IMG_20200422_084753-2.jpg","_links":{"self":[{"href":"http:\/\/vertienteglobal.com\/index.php?rest_route=\/wp\/v2\/posts\/157390","targetHints":{"allow":["GET"]}}],"collection":[{"href":"http:\/\/vertienteglobal.com\/index.php?rest_route=\/wp\/v2\/posts"}],"about":[{"href":"http:\/\/vertienteglobal.com\/index.php?rest_route=\/wp\/v2\/types\/post"}],"author":[{"embeddable":true,"href":"http:\/\/vertienteglobal.com\/index.php?rest_route=\/wp\/v2\/users\/1"}],"replies":[{"embeddable":true,"href":"http:\/\/vertienteglobal.com\/index.php?rest_route=%2Fwp%2Fv2%2Fcomments&post=157390"}],"version-history":[{"count":0,"href":"http:\/\/vertienteglobal.com\/index.php?rest_route=\/wp\/v2\/posts\/157390\/revisions"}],"wp:featuredmedia":[{"embeddable":true,"href":"http:\/\/vertienteglobal.com\/index.php?rest_route=\/wp\/v2\/media\/157391"}],"wp:attachment":[{"href":"http:\/\/vertienteglobal.com\/index.php?rest_route=%2Fwp%2Fv2%2Fmedia&parent=157390"}],"wp:term":[{"taxonomy":"category","embeddable":true,"href":"http:\/\/vertienteglobal.com\/index.php?rest_route=%2Fwp%2Fv2%2Fcategories&post=157390"},{"taxonomy":"post_tag","embeddable":true,"href":"http:\/\/vertienteglobal.com\/index.php?rest_route=%2Fwp%2Fv2%2Ftags&post=157390"}],"curies":[{"name":"wp","href":"https:\/\/api.w.org\/{rel}","templated":true}]}}