{"id":157370,"date":"2020-05-18T16:51:00","date_gmt":"2020-05-18T21:51:00","guid":{"rendered":"http:\/\/vertienteglobal.com\/?p=157370"},"modified":"2020-05-18T22:02:24","modified_gmt":"2020-05-19T03:02:24","slug":"157370","status":"publish","type":"post","link":"http:\/\/vertienteglobal.com\/?p=157370","title":{"rendered":"Maribel Guardia &#8216;incendia&#8217; Instagram con sesi\u00f3n de fotos con poca ropa"},"content":{"rendered":"\n<div class=\"twitterbutton\" style=\"float: right; padding-left: 5px;\"><a href=\"http:\/\/twitter.com\/share\" class=\"twitter-share-button\" data-count=\"horizontal\" data-text=\"Maribel Guardia &#8216;incendia&#8217; Instagram con sesi\u00f3n de fotos con poca r...\" data-via=\"https:\/\/twitter.com\/VertienteGloba1\" data-url=\"http:\/\/vertienteglobal.com\/?p=157370\" data-lang=\"es\" data-related=\"Informaci\u00f3n general:S\u00edguenos para que est\u00e9ss informado\"><\/a><\/div>\n<figure class=\"wp-block-gallery columns-1 is-cropped wp-block-gallery-1 is-layout-flex wp-block-gallery-is-layout-flex\"><ul class=\"blocks-gallery-grid\"><li class=\"blocks-gallery-item\"><figure><img loading=\"lazy\" decoding=\"async\" width=\"640\" height=\"723\" src=\"http:\/\/vertienteglobal.com\/wp-content\/uploads\/2020\/05\/IMG_20200518_144944.jpg\" alt=\"\" data-id=\"157371\" data-full-url=\"http:\/\/vertienteglobal.com\/wp-content\/uploads\/2020\/05\/IMG_20200518_144944.jpg\" data-link=\"http:\/\/vertienteglobal.com\/?attachment_id=157371\" class=\"wp-image-157371\" srcset=\"http:\/\/vertienteglobal.com\/wp-content\/uploads\/2020\/05\/IMG_20200518_144944.jpg 640w, http:\/\/vertienteglobal.com\/wp-content\/uploads\/2020\/05\/IMG_20200518_144944-266x300.jpg 266w, http:\/\/vertienteglobal.com\/wp-content\/uploads\/2020\/05\/IMG_20200518_144944-133x150.jpg 133w\" sizes=\"auto, (max-width: 640px) 100vw, 640px\" \/><\/figure><\/li><\/ul><\/figure>\n\n\n\n<p>(Redacci\u00f3n)<\/p>\n\n\n\n<p>Dijo: \u00abYa somos una familia de 5 MILLONES. #que?dateencasa #GRACIAS. Los adoro\u00bb, fue el mensaje que la famosa agreg\u00f3 a la publicaci\u00f3n<\/p>\n\n\n\n<p>Ciudad de M\u00e9xico a 18 de mayo de 2020.- A pesar de la cuarentena por el COVID-19 Maribel Guardia ha estado pendiente de sus seguidores compartiendo desde videos divertidos junto a otros famosos, fotograf\u00edas y hasta un recorrido por su casa.<\/p>\n\n\n\n<p>Y es que aunque ahora, para celebrar que en Instagram alcanz\u00f3 los cinco millones de seguidores, la tambi\u00e9n cantante mostr\u00f3 una sesi\u00f3n de fotos que \u2018incendi\u00f3\u2019 la aplicaci\u00f3n, pues en las im\u00e1genes aparece semidesnuda y con unos tri\u00e1ngulos plateados cubriendo sus zonas \u00edntimas.<\/p>\n\n\n\n<p>Dijo: \u00abYa somos una familia de 5 MILLONES. #que?dateencasa #GRACIAS. Los adoro\u00bb, fue el mensaje que la famosa agreg\u00f3 a la publicaci\u00f3n.<\/p>\n\n\n\n<p>Tras compartir la sesi\u00f3n, \u00e9sta provoc\u00f3 comentarios halagadores de parte de sus fans. (Fuente: Milenio)<\/p>\n","protected":false},"excerpt":{"rendered":"<p>(Redacci\u00f3n) Dijo: \u00abYa somos una familia de 5 MILLONES. #que?dateencasa #GRACIAS. Los adoro\u00bb, fue el mensaje que la famosa agreg\u00f3 a la publicaci\u00f3n Ciudad de M\u00e9xico a 18 de mayo de 2020.- A pesar de la cuarentena por el COVID-19 Maribel Guardia ha estado pendiente de sus seguidores compartiendo desde videos divertidos junto a otros [&hellip;]<\/p>\n","protected":false},"author":1,"featured_media":157371,"comment_status":"open","ping_status":"open","sticky":false,"template":"","format":"standard","meta":{"footnotes":""},"categories":[10],"tags":[],"class_list":["post-157370","post","type-post","status-publish","format-standard","has-post-thumbnail","hentry","category-espectaculos","entry","has-media"],"jetpack_featured_media_url":"http:\/\/vertienteglobal.com\/wp-content\/uploads\/2020\/05\/IMG_20200518_144944.jpg","_links":{"self":[{"href":"http:\/\/vertienteglobal.com\/index.php?rest_route=\/wp\/v2\/posts\/157370","targetHints":{"allow":["GET"]}}],"collection":[{"href":"http:\/\/vertienteglobal.com\/index.php?rest_route=\/wp\/v2\/posts"}],"about":[{"href":"http:\/\/vertienteglobal.com\/index.php?rest_route=\/wp\/v2\/types\/post"}],"author":[{"embeddable":true,"href":"http:\/\/vertienteglobal.com\/index.php?rest_route=\/wp\/v2\/users\/1"}],"replies":[{"embeddable":true,"href":"http:\/\/vertienteglobal.com\/index.php?rest_route=%2Fwp%2Fv2%2Fcomments&post=157370"}],"version-history":[{"count":0,"href":"http:\/\/vertienteglobal.com\/index.php?rest_route=\/wp\/v2\/posts\/157370\/revisions"}],"wp:featuredmedia":[{"embeddable":true,"href":"http:\/\/vertienteglobal.com\/index.php?rest_route=\/wp\/v2\/media\/157371"}],"wp:attachment":[{"href":"http:\/\/vertienteglobal.com\/index.php?rest_route=%2Fwp%2Fv2%2Fmedia&parent=157370"}],"wp:term":[{"taxonomy":"category","embeddable":true,"href":"http:\/\/vertienteglobal.com\/index.php?rest_route=%2Fwp%2Fv2%2Fcategories&post=157370"},{"taxonomy":"post_tag","embeddable":true,"href":"http:\/\/vertienteglobal.com\/index.php?rest_route=%2Fwp%2Fv2%2Ftags&post=157370"}],"curies":[{"name":"wp","href":"https:\/\/api.w.org\/{rel}","templated":true}]}}