{"id":157330,"date":"2020-05-18T08:38:00","date_gmt":"2020-05-18T13:38:00","guid":{"rendered":"http:\/\/vertienteglobal.com\/?p=157330"},"modified":"2020-05-18T21:19:15","modified_gmt":"2020-05-19T02:19:15","slug":"pronto-podremos-decir-que-pandemia-del-coronavirus-no-nos-rebaso-amlo","status":"publish","type":"post","link":"http:\/\/vertienteglobal.com\/?p=157330","title":{"rendered":"Pronto podremos decir que pandemia del coronavirus no nos rebas\u00f3&#8217;: AMLO"},"content":{"rendered":"\n<div class=\"twitterbutton\" style=\"float: right; padding-left: 5px;\"><a href=\"http:\/\/twitter.com\/share\" class=\"twitter-share-button\" data-count=\"horizontal\" data-text=\"Pronto podremos decir que pandemia del coronavirus no nos rebas\u00f3&#8217;: AMLO\" data-via=\"https:\/\/twitter.com\/VertienteGloba1\" data-url=\"http:\/\/vertienteglobal.com\/?p=157330\" data-lang=\"es\" data-related=\"Informaci\u00f3n general:S\u00edguenos para que est\u00e9ss informado\"><\/a><\/div>\n<figure class=\"wp-block-gallery columns-1 is-cropped wp-block-gallery-1 is-layout-flex wp-block-gallery-is-layout-flex\"><ul class=\"blocks-gallery-grid\"><li class=\"blocks-gallery-item\"><figure><img loading=\"lazy\" decoding=\"async\" width=\"1024\" height=\"583\" src=\"http:\/\/vertienteglobal.com\/wp-content\/uploads\/2020\/05\/IMG_20200518_090824-1024x583.jpg\" alt=\"\" data-id=\"157331\" data-full-url=\"http:\/\/vertienteglobal.com\/wp-content\/uploads\/2020\/05\/IMG_20200518_090824.jpg\" data-link=\"http:\/\/vertienteglobal.com\/?attachment_id=157331\" class=\"wp-image-157331\" srcset=\"http:\/\/vertienteglobal.com\/wp-content\/uploads\/2020\/05\/IMG_20200518_090824-1024x583.jpg 1024w, http:\/\/vertienteglobal.com\/wp-content\/uploads\/2020\/05\/IMG_20200518_090824-300x171.jpg 300w, http:\/\/vertienteglobal.com\/wp-content\/uploads\/2020\/05\/IMG_20200518_090824-150x85.jpg 150w, http:\/\/vertienteglobal.com\/wp-content\/uploads\/2020\/05\/IMG_20200518_090824-768x438.jpg 768w, http:\/\/vertienteglobal.com\/wp-content\/uploads\/2020\/05\/IMG_20200518_090824-1536x875.jpg 1536w, http:\/\/vertienteglobal.com\/wp-content\/uploads\/2020\/05\/IMG_20200518_090824-2048x1167.jpg 2048w\" sizes=\"auto, (max-width: 1024px) 100vw, 1024px\" \/><\/figure><\/li><\/ul><\/figure>\n\n\n\n<p>(Redacci\u00f3n)<\/p>\n\n\n\n<p>Reiter\u00f3 que a\u00fan \u2018estamos en rojo\u2019 por lo que pidi\u00f3 una vez m\u00e1s mantener la sana distancia y quedarse en casa<\/p>\n\n\n\n<p>Ciudad de M\u00e9xico a 18 de mayo de 2020.- El presidente Andr\u00e9s Manuel L\u00f3pez Obrador indic\u00f3 que pronto se podr\u00e1 decir que la pandemia del Covid-19 no satur\u00f3 la capacidad hospitalaria en M\u00e9xico y que se logr\u00f3 la estrategia implementada para domarla.<\/p>\n\n\n\n<p>Y es que en la conferencia ma\u00f1anera, el mandatario, se\u00f1al\u00f3: \u2018Falta muy poco para decir que domamos por completo la epidemia y decir que no rebas\u00f3 la capacidad de nuestros hospitales\u2019, asever\u00f3.<\/p>\n\n\n\n<p>En este sentido reiter\u00f3 que a\u00fan \u2018estamos en rojo\u2019 por lo que pidi\u00f3 una vez m\u00e1s mantener la sana distancia y quedarse en casa.<\/p>\n","protected":false},"excerpt":{"rendered":"<p>(Redacci\u00f3n) Reiter\u00f3 que a\u00fan \u2018estamos en rojo\u2019 por lo que pidi\u00f3 una vez m\u00e1s mantener la sana distancia y quedarse en casa Ciudad de M\u00e9xico a 18 de mayo de 2020.- El presidente Andr\u00e9s Manuel L\u00f3pez Obrador indic\u00f3 que pronto se podr\u00e1 decir que la pandemia del Covid-19 no satur\u00f3 la capacidad hospitalaria en M\u00e9xico [&hellip;]<\/p>\n","protected":false},"author":1,"featured_media":157331,"comment_status":"open","ping_status":"open","sticky":false,"template":"","format":"standard","meta":{"footnotes":""},"categories":[8],"tags":[],"class_list":["post-157330","post","type-post","status-publish","format-standard","has-post-thumbnail","hentry","category-pais","entry","has-media"],"jetpack_featured_media_url":"http:\/\/vertienteglobal.com\/wp-content\/uploads\/2020\/05\/IMG_20200518_090824.jpg","_links":{"self":[{"href":"http:\/\/vertienteglobal.com\/index.php?rest_route=\/wp\/v2\/posts\/157330","targetHints":{"allow":["GET"]}}],"collection":[{"href":"http:\/\/vertienteglobal.com\/index.php?rest_route=\/wp\/v2\/posts"}],"about":[{"href":"http:\/\/vertienteglobal.com\/index.php?rest_route=\/wp\/v2\/types\/post"}],"author":[{"embeddable":true,"href":"http:\/\/vertienteglobal.com\/index.php?rest_route=\/wp\/v2\/users\/1"}],"replies":[{"embeddable":true,"href":"http:\/\/vertienteglobal.com\/index.php?rest_route=%2Fwp%2Fv2%2Fcomments&post=157330"}],"version-history":[{"count":0,"href":"http:\/\/vertienteglobal.com\/index.php?rest_route=\/wp\/v2\/posts\/157330\/revisions"}],"wp:featuredmedia":[{"embeddable":true,"href":"http:\/\/vertienteglobal.com\/index.php?rest_route=\/wp\/v2\/media\/157331"}],"wp:attachment":[{"href":"http:\/\/vertienteglobal.com\/index.php?rest_route=%2Fwp%2Fv2%2Fmedia&parent=157330"}],"wp:term":[{"taxonomy":"category","embeddable":true,"href":"http:\/\/vertienteglobal.com\/index.php?rest_route=%2Fwp%2Fv2%2Fcategories&post=157330"},{"taxonomy":"post_tag","embeddable":true,"href":"http:\/\/vertienteglobal.com\/index.php?rest_route=%2Fwp%2Fv2%2Ftags&post=157330"}],"curies":[{"name":"wp","href":"https:\/\/api.w.org\/{rel}","templated":true}]}}